{"id":137,"count":34,"description":"","link":"https:\/\/coronelxavierchaves.mg.gov.br\/prefeitura\/category\/editais-2025\/editais-de-convocacao-e-contratacao-2025\/","name":"Editais de convoca\u00e7\u00e3o e contrata\u00e7\u00e3o 2025","slug":"editais-de-convocacao-e-contratacao-2025","taxonomy":"category","parent":136,"meta":[],"_links":{"self":[{"href":"https:\/\/coronelxavierchaves.mg.gov.br\/prefeitura\/wp-json\/wp\/v2\/categories\/137","targetHints":{"allow":["GET"]}}],"collection":[{"href":"https:\/\/coronelxavierchaves.mg.gov.br\/prefeitura\/wp-json\/wp\/v2\/categories"}],"about":[{"href":"https:\/\/coronelxavierchaves.mg.gov.br\/prefeitura\/wp-json\/wp\/v2\/taxonomies\/category"}],"up":[{"embeddable":true,"href":"https:\/\/coronelxavierchaves.mg.gov.br\/prefeitura\/wp-json\/wp\/v2\/categories\/136"}],"wp:post_type":[{"href":"https:\/\/coronelxavierchaves.mg.gov.br\/prefeitura\/wp-json\/wp\/v2\/posts?categories=137"}],"curies":[{"name":"wp","href":"https:\/\/api.w.org\/{rel}","templated":true}]}}