{"id":10021,"date":"2021-04-23T16:45:14","date_gmt":"2021-04-23T19:45:14","guid":{"rendered":"http:\/\/coronelxavierchaves.mg.gov.br\/prefeitura\/?p=10021"},"modified":"2021-06-11T15:25:30","modified_gmt":"2021-06-11T18:25:30","slug":"o-municipio-de-coronel-xavier-chaves-avanca-para-onda-vermelha-do-plano-minas-consciente-conforme-decreto-no-3-553","status":"publish","type":"post","link":"https:\/\/coronelxavierchaves.mg.gov.br\/prefeitura\/2021\/04\/23\/o-municipio-de-coronel-xavier-chaves-avanca-para-onda-vermelha-do-plano-minas-consciente-conforme-decreto-no-3-553\/","title":{"rendered":"O Munic\u00edpio de Coronel Xavier Chaves avan\u00e7a para Onda Vermelha do Plano Minas Consciente conforme Decreto N\u00ba 3.553"},"content":{"rendered":"<p><strong>Decreto N\u00ba 3.553, de 23 de Abril de 2021 &#8211; Disp\u00f5e sobre a progress\u00e3o de &#8220;Onda&#8221; do Plano Minas Consciente e d\u00e1 outras provid\u00eancias.<\/strong><\/p>\n<ul>\n<li><a href=\"http:\/\/coronelxavierchaves.mg.gov.br\/prefeitura\/wp-content\/uploads\/2021\/04\/Decreto-n\u00b0-3553-Progressao-Onda-Vermelha.pdf\">Decreto N\u00b0 3553 &#8211; de 23 de Abril de 2021<\/a>, publicado em 23\/04\/2021 \u00e0s 16:45.<\/li>\n<\/ul>\n<p><img loading=\"lazy\" decoding=\"async\" class=\"aligncenter wp-image-10022 size-large\" src=\"http:\/\/coronelxavierchaves.mg.gov.br\/prefeitura\/wp-content\/uploads\/2021\/04\/42-Avanco-para-onda-vermelha-1024x1024.jpg\" alt=\"\" width=\"696\" height=\"696\" srcset=\"https:\/\/coronelxavierchaves.mg.gov.br\/prefeitura\/wp-content\/uploads\/2021\/04\/42-Avanco-para-onda-vermelha-1024x1024.jpg 1024w, https:\/\/coronelxavierchaves.mg.gov.br\/prefeitura\/wp-content\/uploads\/2021\/04\/42-Avanco-para-onda-vermelha-300x300.jpg 300w, https:\/\/coronelxavierchaves.mg.gov.br\/prefeitura\/wp-content\/uploads\/2021\/04\/42-Avanco-para-onda-vermelha-130x130.jpg 130w, https:\/\/coronelxavierchaves.mg.gov.br\/prefeitura\/wp-content\/uploads\/2021\/04\/42-Avanco-para-onda-vermelha-scaled.jpg 768w, https:\/\/coronelxavierchaves.mg.gov.br\/prefeitura\/wp-content\/uploads\/2021\/04\/42-Avanco-para-onda-vermelha-1536x1536.jpg 1536w, https:\/\/coronelxavierchaves.mg.gov.br\/prefeitura\/wp-content\/uploads\/2021\/04\/42-Avanco-para-onda-vermelha-2048x2048.jpg 2048w, https:\/\/coronelxavierchaves.mg.gov.br\/prefeitura\/wp-content\/uploads\/2021\/04\/42-Avanco-para-onda-vermelha-696x696.jpg 696w, https:\/\/coronelxavierchaves.mg.gov.br\/prefeitura\/wp-content\/uploads\/2021\/04\/42-Avanco-para-onda-vermelha-1068x1068.jpg 1068w, https:\/\/coronelxavierchaves.mg.gov.br\/prefeitura\/wp-content\/uploads\/2021\/04\/42-Avanco-para-onda-vermelha-420x420.jpg 420w, https:\/\/coronelxavierchaves.mg.gov.br\/prefeitura\/wp-content\/uploads\/2021\/04\/42-Avanco-para-onda-vermelha-1920x1920.jpg 1920w, https:\/\/coronelxavierchaves.mg.gov.br\/prefeitura\/wp-content\/uploads\/2021\/04\/42-Avanco-para-onda-vermelha-45x45.jpg 45w\" sizes=\"auto, (max-width: 696px) 100vw, 696px\" \/><\/p>\n","protected":false},"excerpt":{"rendered":"<p>Decreto N\u00ba 3.553, de 23 de Abril de 2021 &#8211; Disp\u00f5e sobre a progress\u00e3o de &#8220;Onda&#8221; do Plano Minas Consciente e d\u00e1 outras provid\u00eancias. Decreto N\u00b0 3553 &#8211; de 23 de Abril de 2021, publicado em 23\/04\/2021 \u00e0s 16:45.<\/p>\n","protected":false},"author":3,"featured_media":10022,"comment_status":"open","ping_status":"open","sticky":false,"template":"","format":"standard","meta":{"footnotes":"","_links_to":"","_links_to_target":""},"categories":[76,1],"tags":[],"class_list":{"0":"post-10021","1":"post","2":"type-post","3":"status-publish","4":"format-standard","5":"has-post-thumbnail","7":"category-decretos-2021","8":"category-noticias"},"_links":{"self":[{"href":"https:\/\/coronelxavierchaves.mg.gov.br\/prefeitura\/wp-json\/wp\/v2\/posts\/10021","targetHints":{"allow":["GET"]}}],"collection":[{"href":"https:\/\/coronelxavierchaves.mg.gov.br\/prefeitura\/wp-json\/wp\/v2\/posts"}],"about":[{"href":"https:\/\/coronelxavierchaves.mg.gov.br\/prefeitura\/wp-json\/wp\/v2\/types\/post"}],"author":[{"embeddable":true,"href":"https:\/\/coronelxavierchaves.mg.gov.br\/prefeitura\/wp-json\/wp\/v2\/users\/3"}],"replies":[{"embeddable":true,"href":"https:\/\/coronelxavierchaves.mg.gov.br\/prefeitura\/wp-json\/wp\/v2\/comments?post=10021"}],"version-history":[{"count":1,"href":"https:\/\/coronelxavierchaves.mg.gov.br\/prefeitura\/wp-json\/wp\/v2\/posts\/10021\/revisions"}],"predecessor-version":[{"id":10024,"href":"https:\/\/coronelxavierchaves.mg.gov.br\/prefeitura\/wp-json\/wp\/v2\/posts\/10021\/revisions\/10024"}],"wp:featuredmedia":[{"embeddable":true,"href":"https:\/\/coronelxavierchaves.mg.gov.br\/prefeitura\/wp-json\/wp\/v2\/media\/10022"}],"wp:attachment":[{"href":"https:\/\/coronelxavierchaves.mg.gov.br\/prefeitura\/wp-json\/wp\/v2\/media?parent=10021"}],"wp:term":[{"taxonomy":"category","embeddable":true,"href":"https:\/\/coronelxavierchaves.mg.gov.br\/prefeitura\/wp-json\/wp\/v2\/categories?post=10021"},{"taxonomy":"post_tag","embeddable":true,"href":"https:\/\/coronelxavierchaves.mg.gov.br\/prefeitura\/wp-json\/wp\/v2\/tags?post=10021"}],"curies":[{"name":"wp","href":"https:\/\/api.w.org\/{rel}","templated":true}]}}