{"id":10495,"date":"2021-05-27T09:42:03","date_gmt":"2021-05-27T12:42:03","guid":{"rendered":"http:\/\/coronelxavierchaves.mg.gov.br\/prefeitura\/?p=10495"},"modified":"2021-05-27T09:42:03","modified_gmt":"2021-05-27T12:42:03","slug":"1o-termo-aditivo-contrato-de-prestacao-de-servicos-correios","status":"publish","type":"post","link":"https:\/\/coronelxavierchaves.mg.gov.br\/prefeitura\/2021\/05\/27\/1o-termo-aditivo-contrato-de-prestacao-de-servicos-correios\/","title":{"rendered":"1\u00ba Termo aditivo: Contrato de presta\u00e7\u00e3o de servi\u00e7os Correios"},"content":{"rendered":"<ul>\n<li><a href=\"http:\/\/coronelxavierchaves.mg.gov.br\/prefeitura\/wp-content\/uploads\/2021\/05\/1o-TERMO-ADITIVO-CONTRATO-CORREIOS.pdf\">1\u00ba TERMO ADITIVO<\/a>, publicado em 27\/05\/2021 \u00e0s 09:42h.<\/li>\n<\/ul>\n<blockquote><p>OBJETO<\/p><\/blockquote>\n<div style=\"text-align: justify;\">1\u00ba TERMO ADITIVO AO CONTRATO DE PRESTA\u00c7\u00c3O DE SERVI\u00c7OS 9912488025, ENTRE O MUNIC\u00cdPIO DE CORONEL XAVIER CHAVES E A EMPRESA BRASILEIRA DE CORREIOS E TEL\u00c9GRAFOS.<\/div>\n","protected":false},"excerpt":{"rendered":"<p>1\u00ba TERMO ADITIVO, publicado em 27\/05\/2021 \u00e0s 09:42h. OBJETO 1\u00ba TERMO ADITIVO AO CONTRATO DE PRESTA\u00c7\u00c3O DE SERVI\u00c7OS 9912488025, ENTRE O MUNIC\u00cdPIO DE CORONEL XAVIER CHAVES E A EMPRESA BRASILEIRA DE CORREIOS E TEL\u00c9GRAFOS.<\/p>\n","protected":false},"author":3,"featured_media":4367,"comment_status":"open","ping_status":"open","sticky":false,"template":"","format":"standard","meta":{"footnotes":"","_links_to":"","_links_to_target":""},"categories":[75],"tags":[],"class_list":{"0":"post-10495","1":"post","2":"type-post","3":"status-publish","4":"format-standard","5":"has-post-thumbnail","7":"category-contratos-aditivos-atas-e-outros-2021"},"_links":{"self":[{"href":"https:\/\/coronelxavierchaves.mg.gov.br\/prefeitura\/wp-json\/wp\/v2\/posts\/10495","targetHints":{"allow":["GET"]}}],"collection":[{"href":"https:\/\/coronelxavierchaves.mg.gov.br\/prefeitura\/wp-json\/wp\/v2\/posts"}],"about":[{"href":"https:\/\/coronelxavierchaves.mg.gov.br\/prefeitura\/wp-json\/wp\/v2\/types\/post"}],"author":[{"embeddable":true,"href":"https:\/\/coronelxavierchaves.mg.gov.br\/prefeitura\/wp-json\/wp\/v2\/users\/3"}],"replies":[{"embeddable":true,"href":"https:\/\/coronelxavierchaves.mg.gov.br\/prefeitura\/wp-json\/wp\/v2\/comments?post=10495"}],"version-history":[{"count":1,"href":"https:\/\/coronelxavierchaves.mg.gov.br\/prefeitura\/wp-json\/wp\/v2\/posts\/10495\/revisions"}],"predecessor-version":[{"id":10497,"href":"https:\/\/coronelxavierchaves.mg.gov.br\/prefeitura\/wp-json\/wp\/v2\/posts\/10495\/revisions\/10497"}],"wp:featuredmedia":[{"embeddable":true,"href":"https:\/\/coronelxavierchaves.mg.gov.br\/prefeitura\/wp-json\/wp\/v2\/media\/4367"}],"wp:attachment":[{"href":"https:\/\/coronelxavierchaves.mg.gov.br\/prefeitura\/wp-json\/wp\/v2\/media?parent=10495"}],"wp:term":[{"taxonomy":"category","embeddable":true,"href":"https:\/\/coronelxavierchaves.mg.gov.br\/prefeitura\/wp-json\/wp\/v2\/categories?post=10495"},{"taxonomy":"post_tag","embeddable":true,"href":"https:\/\/coronelxavierchaves.mg.gov.br\/prefeitura\/wp-json\/wp\/v2\/tags?post=10495"}],"curies":[{"name":"wp","href":"https:\/\/api.w.org\/{rel}","templated":true}]}}