{"id":10708,"date":"2021-06-11T15:23:11","date_gmt":"2021-06-11T18:23:11","guid":{"rendered":"http:\/\/coronelxavierchaves.mg.gov.br\/prefeitura\/?p=10708"},"modified":"2021-07-12T16:20:35","modified_gmt":"2021-07-12T19:20:35","slug":"decreto-no-3-585-dispoe-sobre-onda-do-plano-minas-consciente-e-da-outras-providencias-no-municipio","status":"publish","type":"post","link":"https:\/\/coronelxavierchaves.mg.gov.br\/prefeitura\/2021\/06\/11\/decreto-no-3-585-dispoe-sobre-onda-do-plano-minas-consciente-e-da-outras-providencias-no-municipio\/","title":{"rendered":"Decreto N\u00ba 3.585 Disp\u00f5e sobre &#8220;Onda&#8221; do Plano Minas Consciente e d\u00e1 outras provid\u00eancias no Munic\u00edpio"},"content":{"rendered":"<p><b>Decreto N\u00ba 3.585, de 11 de Maio de 2021 &#8211; Disp\u00f5e sobre &#8220;Onda&#8221; do Plano Minas Consciente e d\u00e1 outras provid\u00eancias.<\/b><\/p>\n<ul>\n<li><a href=\"http:\/\/coronelxavierchaves.mg.gov.br\/prefeitura\/wp-content\/uploads\/2021\/06\/Decreto-3585-Minas-Consciente.pdf\">Decreto N\u00ba 3585 &#8211; de 11 de Maio de 2021<\/a>, publicado em 11\/06\/2021 \u00e0s 15:20.<\/li>\n<\/ul>\n","protected":false},"excerpt":{"rendered":"<p>Decreto N\u00ba 3.585, de 11 de Maio de 2021 &#8211; Disp\u00f5e sobre &#8220;Onda&#8221; do Plano Minas Consciente e d\u00e1 outras provid\u00eancias. Decreto N\u00ba 3585 &#8211; de 11 de Maio de 2021, publicado em 11\/06\/2021 \u00e0s 15:20.<\/p>\n","protected":false},"author":3,"featured_media":10712,"comment_status":"open","ping_status":"open","sticky":false,"template":"","format":"standard","meta":{"footnotes":"","_links_to":"","_links_to_target":""},"categories":[76,1],"tags":[],"class_list":{"0":"post-10708","1":"post","2":"type-post","3":"status-publish","4":"format-standard","5":"has-post-thumbnail","7":"category-decretos-2021","8":"category-noticias"},"_links":{"self":[{"href":"https:\/\/coronelxavierchaves.mg.gov.br\/prefeitura\/wp-json\/wp\/v2\/posts\/10708","targetHints":{"allow":["GET"]}}],"collection":[{"href":"https:\/\/coronelxavierchaves.mg.gov.br\/prefeitura\/wp-json\/wp\/v2\/posts"}],"about":[{"href":"https:\/\/coronelxavierchaves.mg.gov.br\/prefeitura\/wp-json\/wp\/v2\/types\/post"}],"author":[{"embeddable":true,"href":"https:\/\/coronelxavierchaves.mg.gov.br\/prefeitura\/wp-json\/wp\/v2\/users\/3"}],"replies":[{"embeddable":true,"href":"https:\/\/coronelxavierchaves.mg.gov.br\/prefeitura\/wp-json\/wp\/v2\/comments?post=10708"}],"version-history":[{"count":1,"href":"https:\/\/coronelxavierchaves.mg.gov.br\/prefeitura\/wp-json\/wp\/v2\/posts\/10708\/revisions"}],"predecessor-version":[{"id":10711,"href":"https:\/\/coronelxavierchaves.mg.gov.br\/prefeitura\/wp-json\/wp\/v2\/posts\/10708\/revisions\/10711"}],"wp:featuredmedia":[{"embeddable":true,"href":"https:\/\/coronelxavierchaves.mg.gov.br\/prefeitura\/wp-json\/wp\/v2\/media\/10712"}],"wp:attachment":[{"href":"https:\/\/coronelxavierchaves.mg.gov.br\/prefeitura\/wp-json\/wp\/v2\/media?parent=10708"}],"wp:term":[{"taxonomy":"category","embeddable":true,"href":"https:\/\/coronelxavierchaves.mg.gov.br\/prefeitura\/wp-json\/wp\/v2\/categories?post=10708"},{"taxonomy":"post_tag","embeddable":true,"href":"https:\/\/coronelxavierchaves.mg.gov.br\/prefeitura\/wp-json\/wp\/v2\/tags?post=10708"}],"curies":[{"name":"wp","href":"https:\/\/api.w.org\/{rel}","templated":true}]}}