{"id":10827,"date":"2021-06-25T11:58:28","date_gmt":"2021-06-25T14:58:28","guid":{"rendered":"http:\/\/coronelxavierchaves.mg.gov.br\/prefeitura\/?p=10827"},"modified":"2023-01-13T14:44:30","modified_gmt":"2023-01-13T17:44:30","slug":"contrato-de-prestacao-de-servicos-de-lanternagem-e-pintura-de-veiculos","status":"publish","type":"post","link":"https:\/\/coronelxavierchaves.mg.gov.br\/prefeitura\/2021\/06\/25\/contrato-de-prestacao-de-servicos-de-lanternagem-e-pintura-de-veiculos\/","title":{"rendered":"Contrato de presta\u00e7\u00e3o de servi\u00e7os de lanternagem e pintura de ve\u00edculos"},"content":{"rendered":"<blockquote><p>DOWNLOADS<\/p><\/blockquote>\n<ul>\n<li><a href=\"http:\/\/coronelxavierchaves.mg.gov.br\/prefeitura\/wp-content\/uploads\/2021\/06\/CONTRATO-PRESTACAO-SERVICOS-LANTERNAGEM-E-PINTURA.pdf\">CONTRATO<\/a>, publicado em 25\/06\/2021 \u00e0s 11:58h.<\/li>\n<li><a href=\"http:\/\/coronelxavierchaves.mg.gov.br\/prefeitura\/wp-content\/uploads\/2021\/12\/1o-TERMO-DE-ADITAMENTO-VAGNER-PUBLICAR.pdf\">1\u00ba TERMO ADITIVO<\/a>, publicado em 30\/12\/2021 \u00e0s 11:38h.<\/li>\n<li><a href=\"http:\/\/coronelxavierchaves.mg.gov.br\/prefeitura\/wp-content\/uploads\/2023\/01\/2o-TERMO-DE-ADITAMENTO-VAGNER-PUBLICAR.pdf\">2\u00ba TERMO ADITIVO<\/a>, publicado em 13\/01\/2023 \u00e0s 14:44h.<\/li>\n<\/ul>\n<p>&nbsp;<\/p>\n<blockquote><p>OBJETO<\/p><\/blockquote>\n<div style=\"text-align: justify;\">\n<div style=\"text-align: justify;\">\n<div style=\"text-align: justify;\">\n<div style=\"text-align: justify;\">Contrata\u00e7\u00e3o de empresa especializada para presta\u00e7\u00e3o de servi\u00e7os de lanternagem e pintura geral nos ve\u00edculos, caminh\u00f5es, \u00f4nibus e m\u00e1quinas da prefeitura municipal. As quantidades s\u00e3o estimadas e ser\u00e3o executadas de acordo com as necessidades\/demandas dos servi\u00e7os e requisi\u00e7\u00e3o da secretaria requisitante.<\/div>\n<p>&nbsp;<\/p>\n<\/div>\n<\/div>\n<\/div>\n<div class=\"printshowonly\">\n<p>*<b>PUBLICA\u00c7\u00c3O<\/b><\/p>\n<ul>\n<li>Um destaque desta publica\u00e7\u00e3o foi gerado na p\u00e1gina inicial do site, dispon\u00edvel at\u00e9 que demais publica\u00e7\u00f5es sejam realizadas.<\/li>\n<li>Uma publica\u00e7\u00e3o permanente foi feita na p\u00e1gina de Editais e Licita\u00e7\u00f5es.<\/li>\n<li>Link para acesso:\u00a0http:\/\/coronelxavierchaves.mg.gov.br\/prefeitura\/wp-json\/wp\/v2\/posts\/10827<\/li>\n<\/ul>\n<\/div>\n","protected":false},"excerpt":{"rendered":"<p>DOWNLOADS CONTRATO, publicado em 25\/06\/2021 \u00e0s 11:58h. 1\u00ba TERMO ADITIVO, publicado em 30\/12\/2021 \u00e0s 11:38h. 2\u00ba TERMO ADITIVO, publicado em 13\/01\/2023 \u00e0s 14:44h. &nbsp; OBJETO Contrata\u00e7\u00e3o de empresa especializada para presta\u00e7\u00e3o de servi\u00e7os de lanternagem e pintura geral nos ve\u00edculos, caminh\u00f5es, \u00f4nibus e m\u00e1quinas da prefeitura municipal. As quantidades s\u00e3o estimadas e ser\u00e3o executadas de [&hellip;]<\/p>\n","protected":false},"author":3,"featured_media":4367,"comment_status":"open","ping_status":"open","sticky":false,"template":"","format":"standard","meta":{"footnotes":"","_links_to":"","_links_to_target":""},"categories":[75],"tags":[],"class_list":{"0":"post-10827","1":"post","2":"type-post","3":"status-publish","4":"format-standard","5":"has-post-thumbnail","7":"category-contratos-aditivos-atas-e-outros-2021"},"_links":{"self":[{"href":"https:\/\/coronelxavierchaves.mg.gov.br\/prefeitura\/wp-json\/wp\/v2\/posts\/10827","targetHints":{"allow":["GET"]}}],"collection":[{"href":"https:\/\/coronelxavierchaves.mg.gov.br\/prefeitura\/wp-json\/wp\/v2\/posts"}],"about":[{"href":"https:\/\/coronelxavierchaves.mg.gov.br\/prefeitura\/wp-json\/wp\/v2\/types\/post"}],"author":[{"embeddable":true,"href":"https:\/\/coronelxavierchaves.mg.gov.br\/prefeitura\/wp-json\/wp\/v2\/users\/3"}],"replies":[{"embeddable":true,"href":"https:\/\/coronelxavierchaves.mg.gov.br\/prefeitura\/wp-json\/wp\/v2\/comments?post=10827"}],"version-history":[{"count":4,"href":"https:\/\/coronelxavierchaves.mg.gov.br\/prefeitura\/wp-json\/wp\/v2\/posts\/10827\/revisions"}],"predecessor-version":[{"id":16052,"href":"https:\/\/coronelxavierchaves.mg.gov.br\/prefeitura\/wp-json\/wp\/v2\/posts\/10827\/revisions\/16052"}],"wp:featuredmedia":[{"embeddable":true,"href":"https:\/\/coronelxavierchaves.mg.gov.br\/prefeitura\/wp-json\/wp\/v2\/media\/4367"}],"wp:attachment":[{"href":"https:\/\/coronelxavierchaves.mg.gov.br\/prefeitura\/wp-json\/wp\/v2\/media?parent=10827"}],"wp:term":[{"taxonomy":"category","embeddable":true,"href":"https:\/\/coronelxavierchaves.mg.gov.br\/prefeitura\/wp-json\/wp\/v2\/categories?post=10827"},{"taxonomy":"post_tag","embeddable":true,"href":"https:\/\/coronelxavierchaves.mg.gov.br\/prefeitura\/wp-json\/wp\/v2\/tags?post=10827"}],"curies":[{"name":"wp","href":"https:\/\/api.w.org\/{rel}","templated":true}]}}