{"id":10955,"date":"2021-06-30T11:53:07","date_gmt":"2021-06-30T14:53:07","guid":{"rendered":"http:\/\/coronelxavierchaves.mg.gov.br\/prefeitura\/?p=10955"},"modified":"2021-06-30T11:53:07","modified_gmt":"2021-06-30T14:53:07","slug":"2o-termo-de-aditamento-de-contrato-referente-a-contratacao-de-empresa-especializada-em-servicos-de-comunicacao","status":"publish","type":"post","link":"https:\/\/coronelxavierchaves.mg.gov.br\/prefeitura\/2021\/06\/30\/2o-termo-de-aditamento-de-contrato-referente-a-contratacao-de-empresa-especializada-em-servicos-de-comunicacao\/","title":{"rendered":"2\u00ba Termo de aditamento de contrato: Referente a contrata\u00e7\u00e3o de empresa especializada em servi\u00e7os de comunica\u00e7\u00e3o&#8230;"},"content":{"rendered":"<ul>\n<li><a href=\"http:\/\/coronelxavierchaves.mg.gov.br\/prefeitura\/wp-content\/uploads\/2021\/06\/2o-TERMO-ADITAMENTO-COMUNICACAO-FABRICIA.pdf\">2\u00ba TERMO ADITAMENTO<\/a>, publicado em 30\/06\/2021 \u00e0s 11:53h<\/li>\n<\/ul>\n<blockquote><p>OBJETO<\/p><\/blockquote>\n<div style=\"text-align: justify;\">CONTRATA\u00c7\u00c3O DE EMPRESA ESPECIALIZADA EM SERVI\u00c7OS DE COMUNICA\u00c7\u00c3O, ADMINISTRA\u00c7\u00c3O DAS REDES SOCIAIS DA PREFEITURA MUNICIPAL (FACEBOOK, INSTAGRAM E ENCAMINHAMENTO PARA PUBLICA\u00c7\u00c3O NO SITE), CRIA\u00c7\u00c3O DE CONTE\u00daDO PARA AS REDES SOCIAIS E SITE (COM PROPOSTA DE PADRONIZA\u00c7\u00c3O DO DESIGN DAS MESMAS), CRIA\u00c7\u00c3O DE ARTES PARA REUNI\u00d5ES CAMPANHAS E OUTROS QUE SE FIZERAM NECESS\u00c1RIOS (POR MEIO DOS PROGRAMAS PHOTOSHOP E COREW DRAW), EDI\u00c7\u00c3O DE FOTOGRAFIAS E PRODU\u00c7\u00c3O DE FOTOGRAFIAS PARA SEREM UTILIZADAS COMO INSTRUMENTO DE DIVULGA\u00c7\u00c3O DA PREFEITURA E DO MUNIC\u00cdPIO.<\/div>\n","protected":false},"excerpt":{"rendered":"<p>2\u00ba TERMO ADITAMENTO, publicado em 30\/06\/2021 \u00e0s 11:53h OBJETO CONTRATA\u00c7\u00c3O DE EMPRESA ESPECIALIZADA EM SERVI\u00c7OS DE COMUNICA\u00c7\u00c3O, ADMINISTRA\u00c7\u00c3O DAS REDES SOCIAIS DA PREFEITURA MUNICIPAL (FACEBOOK, INSTAGRAM E ENCAMINHAMENTO PARA PUBLICA\u00c7\u00c3O NO SITE), CRIA\u00c7\u00c3O DE CONTE\u00daDO PARA AS REDES SOCIAIS E SITE (COM PROPOSTA DE PADRONIZA\u00c7\u00c3O DO DESIGN DAS MESMAS), CRIA\u00c7\u00c3O DE ARTES PARA REUNI\u00d5ES CAMPANHAS [&hellip;]<\/p>\n","protected":false},"author":3,"featured_media":4367,"comment_status":"open","ping_status":"open","sticky":false,"template":"","format":"standard","meta":{"footnotes":"","_links_to":"","_links_to_target":""},"categories":[75],"tags":[],"class_list":{"0":"post-10955","1":"post","2":"type-post","3":"status-publish","4":"format-standard","5":"has-post-thumbnail","7":"category-contratos-aditivos-atas-e-outros-2021"},"_links":{"self":[{"href":"https:\/\/coronelxavierchaves.mg.gov.br\/prefeitura\/wp-json\/wp\/v2\/posts\/10955","targetHints":{"allow":["GET"]}}],"collection":[{"href":"https:\/\/coronelxavierchaves.mg.gov.br\/prefeitura\/wp-json\/wp\/v2\/posts"}],"about":[{"href":"https:\/\/coronelxavierchaves.mg.gov.br\/prefeitura\/wp-json\/wp\/v2\/types\/post"}],"author":[{"embeddable":true,"href":"https:\/\/coronelxavierchaves.mg.gov.br\/prefeitura\/wp-json\/wp\/v2\/users\/3"}],"replies":[{"embeddable":true,"href":"https:\/\/coronelxavierchaves.mg.gov.br\/prefeitura\/wp-json\/wp\/v2\/comments?post=10955"}],"version-history":[{"count":1,"href":"https:\/\/coronelxavierchaves.mg.gov.br\/prefeitura\/wp-json\/wp\/v2\/posts\/10955\/revisions"}],"predecessor-version":[{"id":10957,"href":"https:\/\/coronelxavierchaves.mg.gov.br\/prefeitura\/wp-json\/wp\/v2\/posts\/10955\/revisions\/10957"}],"wp:featuredmedia":[{"embeddable":true,"href":"https:\/\/coronelxavierchaves.mg.gov.br\/prefeitura\/wp-json\/wp\/v2\/media\/4367"}],"wp:attachment":[{"href":"https:\/\/coronelxavierchaves.mg.gov.br\/prefeitura\/wp-json\/wp\/v2\/media?parent=10955"}],"wp:term":[{"taxonomy":"category","embeddable":true,"href":"https:\/\/coronelxavierchaves.mg.gov.br\/prefeitura\/wp-json\/wp\/v2\/categories?post=10955"},{"taxonomy":"post_tag","embeddable":true,"href":"https:\/\/coronelxavierchaves.mg.gov.br\/prefeitura\/wp-json\/wp\/v2\/tags?post=10955"}],"curies":[{"name":"wp","href":"https:\/\/api.w.org\/{rel}","templated":true}]}}