{"id":10963,"date":"2021-06-30T11:58:19","date_gmt":"2021-06-30T14:58:19","guid":{"rendered":"http:\/\/coronelxavierchaves.mg.gov.br\/prefeitura\/?p=10963"},"modified":"2021-06-30T11:58:36","modified_gmt":"2021-06-30T14:58:36","slug":"1o-termo-aditivo-contrato-de-locacao-de-imovel-ubs-esf","status":"publish","type":"post","link":"https:\/\/coronelxavierchaves.mg.gov.br\/prefeitura\/2021\/06\/30\/1o-termo-aditivo-contrato-de-locacao-de-imovel-ubs-esf\/","title":{"rendered":"1\u00ba Termo aditivo: Contrato de loca\u00e7\u00e3o de im\u00f3vel &#8211; UBS\/ESF"},"content":{"rendered":"<ul>\n<li><a href=\"http:\/\/coronelxavierchaves.mg.gov.br\/prefeitura\/wp-content\/uploads\/2021\/06\/1o-TERMO-DE-ADITAMENTO-LOCACAO-PSF.pdf\">1\u00ba TERMO ADITIVO<\/a>, publicado em 30\/06\/2021 \u00e0s 11:58h.<\/li>\n<\/ul>\n<blockquote><p>OBJETO<\/p><\/blockquote>\n<div style=\"text-align: justify;\">Loca\u00e7\u00e3o de im\u00f3vel localizado \u00e0 Rua Dom Lara, n\u00ba 116, Centro, Coronel Xavier Chaves, MG, CEP 36.330-000, de propriedade de Elanilson Resende Santos, CPF 530.147.316-68. O im\u00f3vel destina-se ao Funcionamento Parcial da UBS\/ESF \u2013 Unidade B\u00e1sica de Sa\u00fade \/ Estrat\u00e9gia Sa\u00fade da Fam\u00edlia, do munic\u00edpio.<\/div>\n","protected":false},"excerpt":{"rendered":"<p>1\u00ba TERMO ADITIVO, publicado em 30\/06\/2021 \u00e0s 11:58h. OBJETO Loca\u00e7\u00e3o de im\u00f3vel localizado \u00e0 Rua Dom Lara, n\u00ba 116, Centro, Coronel Xavier Chaves, MG, CEP 36.330-000, de propriedade de Elanilson Resende Santos, CPF 530.147.316-68. O im\u00f3vel destina-se ao Funcionamento Parcial da UBS\/ESF \u2013 Unidade B\u00e1sica de Sa\u00fade \/ Estrat\u00e9gia Sa\u00fade da Fam\u00edlia, do munic\u00edpio.<\/p>\n","protected":false},"author":3,"featured_media":4367,"comment_status":"open","ping_status":"open","sticky":false,"template":"","format":"standard","meta":{"footnotes":"","_links_to":"","_links_to_target":""},"categories":[75],"tags":[],"class_list":{"0":"post-10963","1":"post","2":"type-post","3":"status-publish","4":"format-standard","5":"has-post-thumbnail","7":"category-contratos-aditivos-atas-e-outros-2021"},"_links":{"self":[{"href":"https:\/\/coronelxavierchaves.mg.gov.br\/prefeitura\/wp-json\/wp\/v2\/posts\/10963","targetHints":{"allow":["GET"]}}],"collection":[{"href":"https:\/\/coronelxavierchaves.mg.gov.br\/prefeitura\/wp-json\/wp\/v2\/posts"}],"about":[{"href":"https:\/\/coronelxavierchaves.mg.gov.br\/prefeitura\/wp-json\/wp\/v2\/types\/post"}],"author":[{"embeddable":true,"href":"https:\/\/coronelxavierchaves.mg.gov.br\/prefeitura\/wp-json\/wp\/v2\/users\/3"}],"replies":[{"embeddable":true,"href":"https:\/\/coronelxavierchaves.mg.gov.br\/prefeitura\/wp-json\/wp\/v2\/comments?post=10963"}],"version-history":[{"count":1,"href":"https:\/\/coronelxavierchaves.mg.gov.br\/prefeitura\/wp-json\/wp\/v2\/posts\/10963\/revisions"}],"predecessor-version":[{"id":10965,"href":"https:\/\/coronelxavierchaves.mg.gov.br\/prefeitura\/wp-json\/wp\/v2\/posts\/10963\/revisions\/10965"}],"wp:featuredmedia":[{"embeddable":true,"href":"https:\/\/coronelxavierchaves.mg.gov.br\/prefeitura\/wp-json\/wp\/v2\/media\/4367"}],"wp:attachment":[{"href":"https:\/\/coronelxavierchaves.mg.gov.br\/prefeitura\/wp-json\/wp\/v2\/media?parent=10963"}],"wp:term":[{"taxonomy":"category","embeddable":true,"href":"https:\/\/coronelxavierchaves.mg.gov.br\/prefeitura\/wp-json\/wp\/v2\/categories?post=10963"},{"taxonomy":"post_tag","embeddable":true,"href":"https:\/\/coronelxavierchaves.mg.gov.br\/prefeitura\/wp-json\/wp\/v2\/tags?post=10963"}],"curies":[{"name":"wp","href":"https:\/\/api.w.org\/{rel}","templated":true}]}}