{"id":11090,"date":"2021-07-12T16:20:14","date_gmt":"2021-07-12T19:20:14","guid":{"rendered":"http:\/\/coronelxavierchaves.mg.gov.br\/prefeitura\/?p=11090"},"modified":"2021-09-29T16:44:21","modified_gmt":"2021-09-29T19:44:21","slug":"decreto-no-3-585-dispoe-sobre-onda-do-plano-minas-consciente-e-da-outras-providencias-no-municipio-2","status":"publish","type":"post","link":"https:\/\/coronelxavierchaves.mg.gov.br\/prefeitura\/2021\/07\/12\/decreto-no-3-585-dispoe-sobre-onda-do-plano-minas-consciente-e-da-outras-providencias-no-municipio-2\/","title":{"rendered":"Decreto N\u00ba 3.609 Disp\u00f5e sobre &#8220;Onda Amarela&#8221; do Plano Minas Consciente e d\u00e1 outras provid\u00eancias no Munic\u00edpio"},"content":{"rendered":"<p><b>Decreto N\u00ba 3.609 , de 12 de Julho de 2021 &#8211; Disp\u00f5e sobre &#8220;Onda&#8221; do Plano Minas Consciente e d\u00e1 outras provid\u00eancias.<\/b><\/p>\n<ul>\n<li><a href=\"http:\/\/coronelxavierchaves.mg.gov.br\/prefeitura\/wp-content\/uploads\/2021\/07\/Decreto-3.609-Onda-Amarela.pdf\">Decreto N\u00ba 3609 &#8211; de 12 de Julho de 2021<\/a>, publicado em 12\/07\/2021 \u00e0s 16:20.<\/li>\n<\/ul>\n","protected":false},"excerpt":{"rendered":"<p>Decreto N\u00ba 3.609 , de 12 de Julho de 2021 &#8211; Disp\u00f5e sobre &#8220;Onda&#8221; do Plano Minas Consciente e d\u00e1 outras provid\u00eancias. Decreto N\u00ba 3609 &#8211; de 12 de Julho de 2021, publicado em 12\/07\/2021 \u00e0s 16:20.<\/p>\n","protected":false},"author":3,"featured_media":11122,"comment_status":"open","ping_status":"open","sticky":false,"template":"","format":"standard","meta":{"footnotes":"","_links_to":"","_links_to_target":""},"categories":[76,1],"tags":[],"class_list":{"0":"post-11090","1":"post","2":"type-post","3":"status-publish","4":"format-standard","5":"has-post-thumbnail","7":"category-decretos-2021","8":"category-noticias"},"_links":{"self":[{"href":"https:\/\/coronelxavierchaves.mg.gov.br\/prefeitura\/wp-json\/wp\/v2\/posts\/11090","targetHints":{"allow":["GET"]}}],"collection":[{"href":"https:\/\/coronelxavierchaves.mg.gov.br\/prefeitura\/wp-json\/wp\/v2\/posts"}],"about":[{"href":"https:\/\/coronelxavierchaves.mg.gov.br\/prefeitura\/wp-json\/wp\/v2\/types\/post"}],"author":[{"embeddable":true,"href":"https:\/\/coronelxavierchaves.mg.gov.br\/prefeitura\/wp-json\/wp\/v2\/users\/3"}],"replies":[{"embeddable":true,"href":"https:\/\/coronelxavierchaves.mg.gov.br\/prefeitura\/wp-json\/wp\/v2\/comments?post=11090"}],"version-history":[{"count":1,"href":"https:\/\/coronelxavierchaves.mg.gov.br\/prefeitura\/wp-json\/wp\/v2\/posts\/11090\/revisions"}],"predecessor-version":[{"id":11093,"href":"https:\/\/coronelxavierchaves.mg.gov.br\/prefeitura\/wp-json\/wp\/v2\/posts\/11090\/revisions\/11093"}],"wp:featuredmedia":[{"embeddable":true,"href":"https:\/\/coronelxavierchaves.mg.gov.br\/prefeitura\/wp-json\/wp\/v2\/media\/11122"}],"wp:attachment":[{"href":"https:\/\/coronelxavierchaves.mg.gov.br\/prefeitura\/wp-json\/wp\/v2\/media?parent=11090"}],"wp:term":[{"taxonomy":"category","embeddable":true,"href":"https:\/\/coronelxavierchaves.mg.gov.br\/prefeitura\/wp-json\/wp\/v2\/categories?post=11090"},{"taxonomy":"post_tag","embeddable":true,"href":"https:\/\/coronelxavierchaves.mg.gov.br\/prefeitura\/wp-json\/wp\/v2\/tags?post=11090"}],"curies":[{"name":"wp","href":"https:\/\/api.w.org\/{rel}","templated":true}]}}