{"id":11300,"date":"2021-07-29T16:48:08","date_gmt":"2021-07-29T19:48:08","guid":{"rendered":"http:\/\/coronelxavierchaves.mg.gov.br\/prefeitura\/?p=11300"},"modified":"2021-07-29T16:48:08","modified_gmt":"2021-07-29T19:48:08","slug":"amanha-no-iv-seminario-para-o-desenvolvimento-economico-e-turistico-de-coronel-xavier-chaves-sera-apresentado-o-projeto-desperta-e-empreende-coronel-xavier-chaves","status":"publish","type":"post","link":"https:\/\/coronelxavierchaves.mg.gov.br\/prefeitura\/2021\/07\/29\/amanha-no-iv-seminario-para-o-desenvolvimento-economico-e-turistico-de-coronel-xavier-chaves-sera-apresentado-o-projeto-desperta-e-empreende-coronel-xavier-chaves\/","title":{"rendered":"Amanh\u00e3, no IV Semin\u00e1rio para o Desenvolvimento Econ\u00f4mico e Tur\u00edstico de Coronel Xavier Chaves ser\u00e1 apresentado o Projeto \u201cDesperta e Empreende Coronel Xavier Chaves\u201d"},"content":{"rendered":"<p style=\"text-align: justify;\">Amanh\u00e3, no IV Semin\u00e1rio para o Desenvolvimento Econ\u00f4mico e Tur\u00edstico de Coronel Xavier Chaves ser\u00e1 apresentado o Projeto \u201cDesperta e Empreende Coronel Xavier Chaves\u201d. O programa tem como objetivo incentivar aos jovens xavierenses a desenvolver suas ideias empreendedoras, bem como oferecer aprendizado e subs\u00eddios b\u00e1sicos para inicia\u00e7\u00e3o do neg\u00f3cio. A ideia \u00e9 gerar conhecimento e renda para os envolvidos e crescimento para o munic\u00edpio.<br \/>\nSe voc\u00ea tem de 16 a 29 anos e gostaria de empreender, n\u00e3o deixe de comparecer no Semin\u00e1rio. Fa\u00e7a sua inscri\u00e7\u00e3o pelo link:\u00a0<a href=\"https:\/\/www.sympla.com.br\/produtor\/prefeituracxc\" target=\"_blank\" rel=\"noopener\" data-saferedirecturl=\"https:\/\/www.google.com\/url?q=https:\/\/www.sympla.com.br\/produtor\/prefeituracxc&amp;source=gmail&amp;ust=1627674019109000&amp;usg=AFQjCNFxyZVJQifEeJ7Bn0j8OMzLOGSqOg\">https:\/\/www.sympla.com.br\/<wbr \/>produtor\/prefeituracxc<\/a><\/p>\n<p><img loading=\"lazy\" decoding=\"async\" class=\"aligncenter wp-image-11301 size-full\" src=\"http:\/\/coronelxavierchaves.mg.gov.br\/prefeitura\/wp-content\/uploads\/2021\/07\/Seminario.jpeg\" alt=\"\" width=\"454\" height=\"643\" srcset=\"https:\/\/coronelxavierchaves.mg.gov.br\/prefeitura\/wp-content\/uploads\/2021\/07\/Seminario.jpeg 454w, https:\/\/coronelxavierchaves.mg.gov.br\/prefeitura\/wp-content\/uploads\/2021\/07\/Seminario-212x300.jpeg 212w, https:\/\/coronelxavierchaves.mg.gov.br\/prefeitura\/wp-content\/uploads\/2021\/07\/Seminario-297x420.jpeg 297w\" sizes=\"auto, (max-width: 454px) 100vw, 454px\" \/><\/p>\n","protected":false},"excerpt":{"rendered":"<p>Amanh\u00e3, no IV Semin\u00e1rio para o Desenvolvimento Econ\u00f4mico e Tur\u00edstico de Coronel Xavier Chaves ser\u00e1 apresentado o Projeto \u201cDesperta e Empreende Coronel Xavier Chaves\u201d. O programa tem como objetivo incentivar aos jovens xavierenses a desenvolver suas ideias empreendedoras, bem como oferecer aprendizado e subs\u00eddios b\u00e1sicos para inicia\u00e7\u00e3o do neg\u00f3cio. A ideia \u00e9 gerar conhecimento e [&hellip;]<\/p>\n","protected":false},"author":3,"featured_media":11301,"comment_status":"open","ping_status":"open","sticky":false,"template":"","format":"standard","meta":{"footnotes":"","_links_to":"","_links_to_target":""},"categories":[1],"tags":[],"class_list":{"0":"post-11300","1":"post","2":"type-post","3":"status-publish","4":"format-standard","5":"has-post-thumbnail","7":"category-noticias"},"_links":{"self":[{"href":"https:\/\/coronelxavierchaves.mg.gov.br\/prefeitura\/wp-json\/wp\/v2\/posts\/11300","targetHints":{"allow":["GET"]}}],"collection":[{"href":"https:\/\/coronelxavierchaves.mg.gov.br\/prefeitura\/wp-json\/wp\/v2\/posts"}],"about":[{"href":"https:\/\/coronelxavierchaves.mg.gov.br\/prefeitura\/wp-json\/wp\/v2\/types\/post"}],"author":[{"embeddable":true,"href":"https:\/\/coronelxavierchaves.mg.gov.br\/prefeitura\/wp-json\/wp\/v2\/users\/3"}],"replies":[{"embeddable":true,"href":"https:\/\/coronelxavierchaves.mg.gov.br\/prefeitura\/wp-json\/wp\/v2\/comments?post=11300"}],"version-history":[{"count":1,"href":"https:\/\/coronelxavierchaves.mg.gov.br\/prefeitura\/wp-json\/wp\/v2\/posts\/11300\/revisions"}],"predecessor-version":[{"id":11302,"href":"https:\/\/coronelxavierchaves.mg.gov.br\/prefeitura\/wp-json\/wp\/v2\/posts\/11300\/revisions\/11302"}],"wp:featuredmedia":[{"embeddable":true,"href":"https:\/\/coronelxavierchaves.mg.gov.br\/prefeitura\/wp-json\/wp\/v2\/media\/11301"}],"wp:attachment":[{"href":"https:\/\/coronelxavierchaves.mg.gov.br\/prefeitura\/wp-json\/wp\/v2\/media?parent=11300"}],"wp:term":[{"taxonomy":"category","embeddable":true,"href":"https:\/\/coronelxavierchaves.mg.gov.br\/prefeitura\/wp-json\/wp\/v2\/categories?post=11300"},{"taxonomy":"post_tag","embeddable":true,"href":"https:\/\/coronelxavierchaves.mg.gov.br\/prefeitura\/wp-json\/wp\/v2\/tags?post=11300"}],"curies":[{"name":"wp","href":"https:\/\/api.w.org\/{rel}","templated":true}]}}