{"id":11316,"date":"2021-08-02T14:35:00","date_gmt":"2021-08-02T17:35:00","guid":{"rendered":"http:\/\/coronelxavierchaves.mg.gov.br\/prefeitura\/?p=11316"},"modified":"2021-08-02T14:36:23","modified_gmt":"2021-08-02T17:36:23","slug":"voce-sabia-que-minas-tem-um-novo-roteiro-turistico-inspirado-no-caminho-de-santiago-de-compostela-na-espanha","status":"publish","type":"post","link":"https:\/\/coronelxavierchaves.mg.gov.br\/prefeitura\/2021\/08\/02\/voce-sabia-que-minas-tem-um-novo-roteiro-turistico-inspirado-no-caminho-de-santiago-de-compostela-na-espanha\/","title":{"rendered":"Voc\u00ea sabia que Minas tem um novo roteiro tur\u00edstico inspirado no Caminho de Santiago de Compostela, na Espanha?"},"content":{"rendered":"<div><\/div>\n<div>\n<div>\n<p>Voc\u00ea sabia que Minas tem um novo roteiro tur\u00edstico inspirado no Caminho de Santiago de Compostela, na Espanha?<\/p>\n<p>Isso mesmo! O @caminhossaotiagomg \u00e9 mais uma oportunidade para voc\u00ea explorar Minas Gerais, al\u00e9m de uma a\u00e7\u00e3o que visa fomentar a cultura e o turismo local.<\/p>\n<p>Com 274 quil\u00f4metros, a rota vai de Ouro Preto at\u00e9 S\u00e3o Tiago, cidade conhecida como \u201ca Terra do Biscoito\u201d.<\/p>\n<p>Com 11 munic\u00edpios j\u00e1 inclusos, o Caminhos de S\u00e3o Tiago \u00e9 uma oportunidade para conhecer muitas das belezas e tradi\u00e7\u00f5es do estado!<\/p>\n<\/div>\n<div><img decoding=\"async\" class=\"an1\" src=\"https:\/\/fonts.gstatic.com\/s\/e\/notoemoji\/13.1.1\/1f60d\/32.png\" alt=\"&#x1f60d;\" data-emoji=\"&#x1f60d;\" aria-label=\"&#x1f60d;\" \/><\/div>\n<\/div>\n<div><\/div>\n<div>\n<div>\n<p>Ficou com vontade?<\/p>\n<p>Escolha a sua forma de fazer o trajeto (a p\u00e9, de bike, cavalo ou ve\u00edculo) e venha viver essa experi\u00eancia!<\/p>\n<p>Fotos: @caminhosaotiagomg<br \/>\nNot\u00edcia: Secretaria de Estado de Cultura e Turismo de Minas Gerais.<\/p>\n<\/div>\n<\/div>\n<p><img loading=\"lazy\" decoding=\"async\" class=\"aligncenter wp-image-11317 size-large\" src=\"http:\/\/coronelxavierchaves.mg.gov.br\/prefeitura\/wp-content\/uploads\/2021\/08\/22-Noticia-Caminhos-1024x1024.jpg\" alt=\"\" width=\"696\" height=\"696\" srcset=\"https:\/\/coronelxavierchaves.mg.gov.br\/prefeitura\/wp-content\/uploads\/2021\/08\/22-Noticia-Caminhos-1024x1024.jpg 1024w, https:\/\/coronelxavierchaves.mg.gov.br\/prefeitura\/wp-content\/uploads\/2021\/08\/22-Noticia-Caminhos-300x300.jpg 300w, https:\/\/coronelxavierchaves.mg.gov.br\/prefeitura\/wp-content\/uploads\/2021\/08\/22-Noticia-Caminhos-130x130.jpg 130w, https:\/\/coronelxavierchaves.mg.gov.br\/prefeitura\/wp-content\/uploads\/2021\/08\/22-Noticia-Caminhos.jpg 768w, https:\/\/coronelxavierchaves.mg.gov.br\/prefeitura\/wp-content\/uploads\/2021\/08\/22-Noticia-Caminhos-696x696.jpg 696w, https:\/\/coronelxavierchaves.mg.gov.br\/prefeitura\/wp-content\/uploads\/2021\/08\/22-Noticia-Caminhos-1068x1068.jpg 1068w, https:\/\/coronelxavierchaves.mg.gov.br\/prefeitura\/wp-content\/uploads\/2021\/08\/22-Noticia-Caminhos-420x420.jpg 420w, https:\/\/coronelxavierchaves.mg.gov.br\/prefeitura\/wp-content\/uploads\/2021\/08\/22-Noticia-Caminhos-45x45.jpg 45w\" sizes=\"auto, (max-width: 696px) 100vw, 696px\" \/> <img loading=\"lazy\" decoding=\"async\" class=\"aligncenter wp-image-11318 size-full\" src=\"http:\/\/coronelxavierchaves.mg.gov.br\/prefeitura\/wp-content\/uploads\/2021\/08\/23-Noticia-Caminhos.jpg\" alt=\"\" width=\"750\" height=\"750\" srcset=\"https:\/\/coronelxavierchaves.mg.gov.br\/prefeitura\/wp-content\/uploads\/2021\/08\/23-Noticia-Caminhos.jpg 750w, https:\/\/coronelxavierchaves.mg.gov.br\/prefeitura\/wp-content\/uploads\/2021\/08\/23-Noticia-Caminhos-300x300.jpg 300w, https:\/\/coronelxavierchaves.mg.gov.br\/prefeitura\/wp-content\/uploads\/2021\/08\/23-Noticia-Caminhos-130x130.jpg 130w, https:\/\/coronelxavierchaves.mg.gov.br\/prefeitura\/wp-content\/uploads\/2021\/08\/23-Noticia-Caminhos-696x696.jpg 696w, https:\/\/coronelxavierchaves.mg.gov.br\/prefeitura\/wp-content\/uploads\/2021\/08\/23-Noticia-Caminhos-420x420.jpg 420w, https:\/\/coronelxavierchaves.mg.gov.br\/prefeitura\/wp-content\/uploads\/2021\/08\/23-Noticia-Caminhos-45x45.jpg 45w\" sizes=\"auto, (max-width: 750px) 100vw, 750px\" \/><\/p>\n","protected":false},"excerpt":{"rendered":"<p>Voc\u00ea sabia que Minas tem um novo roteiro tur\u00edstico inspirado no Caminho de Santiago de Compostela, na Espanha? Isso mesmo! O @caminhossaotiagomg \u00e9 mais uma oportunidade para voc\u00ea explorar Minas Gerais, al\u00e9m de uma a\u00e7\u00e3o que visa fomentar a cultura e o turismo local. Com 274 quil\u00f4metros, a rota vai de Ouro Preto at\u00e9 S\u00e3o [&hellip;]<\/p>\n","protected":false},"author":3,"featured_media":11317,"comment_status":"open","ping_status":"open","sticky":false,"template":"","format":"standard","meta":{"footnotes":"","_links_to":"","_links_to_target":""},"categories":[1],"tags":[],"class_list":{"0":"post-11316","1":"post","2":"type-post","3":"status-publish","4":"format-standard","5":"has-post-thumbnail","7":"category-noticias"},"_links":{"self":[{"href":"https:\/\/coronelxavierchaves.mg.gov.br\/prefeitura\/wp-json\/wp\/v2\/posts\/11316","targetHints":{"allow":["GET"]}}],"collection":[{"href":"https:\/\/coronelxavierchaves.mg.gov.br\/prefeitura\/wp-json\/wp\/v2\/posts"}],"about":[{"href":"https:\/\/coronelxavierchaves.mg.gov.br\/prefeitura\/wp-json\/wp\/v2\/types\/post"}],"author":[{"embeddable":true,"href":"https:\/\/coronelxavierchaves.mg.gov.br\/prefeitura\/wp-json\/wp\/v2\/users\/3"}],"replies":[{"embeddable":true,"href":"https:\/\/coronelxavierchaves.mg.gov.br\/prefeitura\/wp-json\/wp\/v2\/comments?post=11316"}],"version-history":[{"count":3,"href":"https:\/\/coronelxavierchaves.mg.gov.br\/prefeitura\/wp-json\/wp\/v2\/posts\/11316\/revisions"}],"predecessor-version":[{"id":11321,"href":"https:\/\/coronelxavierchaves.mg.gov.br\/prefeitura\/wp-json\/wp\/v2\/posts\/11316\/revisions\/11321"}],"wp:featuredmedia":[{"embeddable":true,"href":"https:\/\/coronelxavierchaves.mg.gov.br\/prefeitura\/wp-json\/wp\/v2\/media\/11317"}],"wp:attachment":[{"href":"https:\/\/coronelxavierchaves.mg.gov.br\/prefeitura\/wp-json\/wp\/v2\/media?parent=11316"}],"wp:term":[{"taxonomy":"category","embeddable":true,"href":"https:\/\/coronelxavierchaves.mg.gov.br\/prefeitura\/wp-json\/wp\/v2\/categories?post=11316"},{"taxonomy":"post_tag","embeddable":true,"href":"https:\/\/coronelxavierchaves.mg.gov.br\/prefeitura\/wp-json\/wp\/v2\/tags?post=11316"}],"curies":[{"name":"wp","href":"https:\/\/api.w.org\/{rel}","templated":true}]}}