{"id":11353,"date":"2021-08-03T16:25:06","date_gmt":"2021-08-03T19:25:06","guid":{"rendered":"http:\/\/coronelxavierchaves.mg.gov.br\/prefeitura\/?p=11353"},"modified":"2021-08-04T13:42:23","modified_gmt":"2021-08-04T16:42:23","slug":"coronel-xavier-chaves-se-destaca-com-pontuacao-do-icms-cultural","status":"publish","type":"post","link":"https:\/\/coronelxavierchaves.mg.gov.br\/prefeitura\/2021\/08\/03\/coronel-xavier-chaves-se-destaca-com-pontuacao-do-icms-cultural\/","title":{"rendered":"Coronel Xavier Chaves se destaca com pontua\u00e7\u00e3o do ICMS Cultural"},"content":{"rendered":"<p style=\"text-align: justify;\">Coronel Xavier Chaves se destaca com pontua\u00e7\u00e3o do ICMS Cultural<\/p>\n<p style=\"text-align: justify;\">Entre as 26 cidades que comp\u00f5e o Circuito Tur\u00edstico Trilha dos Inconfidentes, o munic\u00edpio de Coronel Xavier Chaves obteve uma boa pontua\u00e7\u00e3o, mantendo-se atr\u00e1s apenas de tr\u00eas cidades do circuito, que possuem um patrim\u00f4nio cultural e arquitet\u00f4nico mais representativo: S\u00e3o Jo\u00e3o Del Rei, Tiradentes e Prados.<\/p>\n<p style=\"text-align: justify;\">O resultado classifica a cidade como uma das que mais preserva e investe em patrim\u00f4nio hist\u00f3rico e cultural. Como fruto do trabalho desenvolvido pela a Secretaria de Cultura, Turismo, Esporte e Lazer junto com o Conselho Deliberativo Municipal do Patrim\u00f4nio Cultural no ano de 2020, o munic\u00edpio garantir\u00e1 o recebimento de mais recursos financeiros para a preserva\u00e7\u00e3o do patrim\u00f4nio local.<\/p>\n<p>&nbsp;<\/p>\n<p><img loading=\"lazy\" decoding=\"async\" class=\"aligncenter wp-image-11354 size-large\" src=\"http:\/\/coronelxavierchaves.mg.gov.br\/prefeitura\/wp-content\/uploads\/2021\/08\/10-Nota-do-ICMS-1024x1024.jpg\" alt=\"\" width=\"696\" height=\"696\" srcset=\"https:\/\/coronelxavierchaves.mg.gov.br\/prefeitura\/wp-content\/uploads\/2021\/08\/10-Nota-do-ICMS-1024x1024.jpg 1024w, https:\/\/coronelxavierchaves.mg.gov.br\/prefeitura\/wp-content\/uploads\/2021\/08\/10-Nota-do-ICMS-300x300.jpg 300w, https:\/\/coronelxavierchaves.mg.gov.br\/prefeitura\/wp-content\/uploads\/2021\/08\/10-Nota-do-ICMS-130x130.jpg 130w, https:\/\/coronelxavierchaves.mg.gov.br\/prefeitura\/wp-content\/uploads\/2021\/08\/10-Nota-do-ICMS-scaled.jpg 768w, https:\/\/coronelxavierchaves.mg.gov.br\/prefeitura\/wp-content\/uploads\/2021\/08\/10-Nota-do-ICMS-1536x1536.jpg 1536w, https:\/\/coronelxavierchaves.mg.gov.br\/prefeitura\/wp-content\/uploads\/2021\/08\/10-Nota-do-ICMS-2048x2048.jpg 2048w, https:\/\/coronelxavierchaves.mg.gov.br\/prefeitura\/wp-content\/uploads\/2021\/08\/10-Nota-do-ICMS-696x696.jpg 696w, https:\/\/coronelxavierchaves.mg.gov.br\/prefeitura\/wp-content\/uploads\/2021\/08\/10-Nota-do-ICMS-1068x1068.jpg 1068w, https:\/\/coronelxavierchaves.mg.gov.br\/prefeitura\/wp-content\/uploads\/2021\/08\/10-Nota-do-ICMS-420x420.jpg 420w, https:\/\/coronelxavierchaves.mg.gov.br\/prefeitura\/wp-content\/uploads\/2021\/08\/10-Nota-do-ICMS-1920x1920.jpg 1920w, https:\/\/coronelxavierchaves.mg.gov.br\/prefeitura\/wp-content\/uploads\/2021\/08\/10-Nota-do-ICMS-45x45.jpg 45w\" sizes=\"auto, (max-width: 696px) 100vw, 696px\" \/><\/p>\n","protected":false},"excerpt":{"rendered":"<p>Coronel Xavier Chaves se destaca com pontua\u00e7\u00e3o do ICMS Cultural Entre as 26 cidades que comp\u00f5e o Circuito Tur\u00edstico Trilha dos Inconfidentes, o munic\u00edpio de Coronel Xavier Chaves obteve uma boa pontua\u00e7\u00e3o, mantendo-se atr\u00e1s apenas de tr\u00eas cidades do circuito, que possuem um patrim\u00f4nio cultural e arquitet\u00f4nico mais representativo: S\u00e3o Jo\u00e3o Del Rei, Tiradentes e [&hellip;]<\/p>\n","protected":false},"author":3,"featured_media":11354,"comment_status":"open","ping_status":"open","sticky":false,"template":"","format":"standard","meta":{"footnotes":"","_links_to":"","_links_to_target":""},"categories":[1],"tags":[],"class_list":{"0":"post-11353","1":"post","2":"type-post","3":"status-publish","4":"format-standard","5":"has-post-thumbnail","7":"category-noticias"},"_links":{"self":[{"href":"https:\/\/coronelxavierchaves.mg.gov.br\/prefeitura\/wp-json\/wp\/v2\/posts\/11353","targetHints":{"allow":["GET"]}}],"collection":[{"href":"https:\/\/coronelxavierchaves.mg.gov.br\/prefeitura\/wp-json\/wp\/v2\/posts"}],"about":[{"href":"https:\/\/coronelxavierchaves.mg.gov.br\/prefeitura\/wp-json\/wp\/v2\/types\/post"}],"author":[{"embeddable":true,"href":"https:\/\/coronelxavierchaves.mg.gov.br\/prefeitura\/wp-json\/wp\/v2\/users\/3"}],"replies":[{"embeddable":true,"href":"https:\/\/coronelxavierchaves.mg.gov.br\/prefeitura\/wp-json\/wp\/v2\/comments?post=11353"}],"version-history":[{"count":3,"href":"https:\/\/coronelxavierchaves.mg.gov.br\/prefeitura\/wp-json\/wp\/v2\/posts\/11353\/revisions"}],"predecessor-version":[{"id":11359,"href":"https:\/\/coronelxavierchaves.mg.gov.br\/prefeitura\/wp-json\/wp\/v2\/posts\/11353\/revisions\/11359"}],"wp:featuredmedia":[{"embeddable":true,"href":"https:\/\/coronelxavierchaves.mg.gov.br\/prefeitura\/wp-json\/wp\/v2\/media\/11354"}],"wp:attachment":[{"href":"https:\/\/coronelxavierchaves.mg.gov.br\/prefeitura\/wp-json\/wp\/v2\/media?parent=11353"}],"wp:term":[{"taxonomy":"category","embeddable":true,"href":"https:\/\/coronelxavierchaves.mg.gov.br\/prefeitura\/wp-json\/wp\/v2\/categories?post=11353"},{"taxonomy":"post_tag","embeddable":true,"href":"https:\/\/coronelxavierchaves.mg.gov.br\/prefeitura\/wp-json\/wp\/v2\/tags?post=11353"}],"curies":[{"name":"wp","href":"https:\/\/api.w.org\/{rel}","templated":true}]}}