{"id":11374,"date":"2021-08-05T08:09:29","date_gmt":"2021-08-05T11:09:29","guid":{"rendered":"http:\/\/coronelxavierchaves.mg.gov.br\/prefeitura\/?p=11374"},"modified":"2021-08-05T08:10:56","modified_gmt":"2021-08-05T11:10:56","slug":"iv-seminario-desenvolvimento-economico-e-turistico-de-coronel-xavier-chaves","status":"publish","type":"post","link":"https:\/\/coronelxavierchaves.mg.gov.br\/prefeitura\/2021\/08\/05\/iv-seminario-desenvolvimento-economico-e-turistico-de-coronel-xavier-chaves\/","title":{"rendered":"IV Semin\u00e1rio Desenvolvimento Econ\u00f4mico e Tur\u00edstico de Coronel Xavier Chaves"},"content":{"rendered":"<p style=\"text-align: justify;\">Na \u00faltima sexta-feira, 30 de julho de 2021, a Prefeitura Municipal realizou o IV Semin\u00e1rio para o Desenvolvimento Tur\u00edstico e Econ\u00f4mico de Coronel Xavier Chaves. O evento contou com palestras dos parceiros Sebrae, Sicoob, Senac e Senai, que apresentaram ferramentas de estudo e financiamento que oferecem para propiciar um desenvolvimento na \u00e1rea empreendedora do munic\u00edpio.<\/p>\n<p style=\"text-align: justify;\">Al\u00e9m disso, o ex-prefeito de S\u00e3o Sebasti\u00e3o da Vargem Alegre, Claudiomir Vieira, falou sobre cultura empreendedora, usando como exemplo sua viv\u00eancia no mercado e gest\u00e3o p\u00fablica. O ex-prefeito de S\u00e3o Tiago, Denilson Reis trouxe a tem\u00e1tica de desenvolvimento local com base na experi\u00eancia em sua atua\u00e7\u00e3o na rota tur\u00edstica Caminhos de S\u00e3o Tiago. Os circuitos tur\u00edsticos Trilha dos Inconfidentes e Caminhos de S\u00e3o Tiago tamb\u00e9m apresentaram sua colabora\u00e7\u00e3o na promo\u00e7\u00e3o do desenvolvimento tur\u00edstico para o munic\u00edpio e regi\u00e3o.<\/p>\n<p style=\"text-align: justify;\">A pe\u00e7a chave do evento foi o lan\u00e7amento do Projeto \u201cDesperta e Empreende Coronel Xavier Chaves\u201d, pelo Prefeito Municipal F\u00favio Ol\u00edmpio de Oliveira Pinto. O programa, que tem como objetivo fomentar o empreendedorismo entre os jovens xavierenses, oferecer\u00e1 capacita\u00e7\u00e3o e subs\u00eddios b\u00e1sicos financeiros de inicia\u00e7\u00e3o do neg\u00f3cio para os participantes do projeto. As inscri\u00e7\u00f5es estar\u00e3o abertas na pr\u00f3xima semana no CRAS. Para mais informa\u00e7\u00f5es sobre o programa continuem acompanhando as redes sociais da Prefeitura Municipal.<\/p>\n<p><code class=\"rl-shortcode\"><div class=\"rl-gallery-container rl-loading\" id=\"rl-gallery-container-1\" data-gallery_id=\"11363\"> <div class=\"rl-gallery rl-basicgrid-gallery \" id=\"rl-gallery-1\" data-gallery_no=\"1\"> <div class=\"rl-gallery-item\"><a href=\"https:\/\/coronelxavierchaves.mg.gov.br\/prefeitura\/wp-content\/uploads\/2021\/08\/19-IV-Seminario.jpg\" title=\"\" data-rl_title=\"\" class=\"rl-gallery-link\" data-rl_caption=\"\" data-rel=\"lightbox-gallery-1\"><img loading=\"lazy\" decoding=\"async\" src=\"https:\/\/coronelxavierchaves.mg.gov.br\/prefeitura\/wp-content\/uploads\/2021\/08\/19-IV-Seminario-300x300.jpg\" width=\"300\" height=\"300\" alt=\"\" \/><\/a><\/div><div class=\"rl-gallery-item\"><a href=\"https:\/\/coronelxavierchaves.mg.gov.br\/prefeitura\/wp-content\/uploads\/2021\/08\/20-Seminario-1.jpg\" title=\"\" data-rl_title=\"\" class=\"rl-gallery-link\" data-rl_caption=\"\" data-rel=\"lightbox-gallery-1\"><img loading=\"lazy\" decoding=\"async\" src=\"https:\/\/coronelxavierchaves.mg.gov.br\/prefeitura\/wp-content\/uploads\/2021\/08\/20-Seminario-1-300x199.jpg\" width=\"300\" height=\"199\" alt=\"\" \/><\/a><\/div><div class=\"rl-gallery-item\"><a href=\"https:\/\/coronelxavierchaves.mg.gov.br\/prefeitura\/wp-content\/uploads\/2021\/08\/20-Seminario-2.jpg\" title=\"\" data-rl_title=\"\" class=\"rl-gallery-link\" data-rl_caption=\"\" data-rel=\"lightbox-gallery-1\"><img loading=\"lazy\" decoding=\"async\" src=\"https:\/\/coronelxavierchaves.mg.gov.br\/prefeitura\/wp-content\/uploads\/2021\/08\/20-Seminario-2-300x199.jpg\" width=\"300\" height=\"199\" alt=\"\" \/><\/a><\/div><div class=\"rl-gallery-item\"><a href=\"https:\/\/coronelxavierchaves.mg.gov.br\/prefeitura\/wp-content\/uploads\/2021\/08\/20-Seminario-3.jpg\" title=\"\" data-rl_title=\"\" class=\"rl-gallery-link\" data-rl_caption=\"\" data-rel=\"lightbox-gallery-1\"><img loading=\"lazy\" decoding=\"async\" src=\"https:\/\/coronelxavierchaves.mg.gov.br\/prefeitura\/wp-content\/uploads\/2021\/08\/20-Seminario-3-300x199.jpg\" width=\"300\" height=\"199\" alt=\"\" \/><\/a><\/div><div class=\"rl-gallery-item\"><a href=\"https:\/\/coronelxavierchaves.mg.gov.br\/prefeitura\/wp-content\/uploads\/2021\/08\/20-Seminario-4.jpg\" title=\"\" data-rl_title=\"\" class=\"rl-gallery-link\" data-rl_caption=\"\" data-rel=\"lightbox-gallery-1\"><img loading=\"lazy\" decoding=\"async\" src=\"https:\/\/coronelxavierchaves.mg.gov.br\/prefeitura\/wp-content\/uploads\/2021\/08\/20-Seminario-4-300x199.jpg\" width=\"300\" height=\"199\" alt=\"\" \/><\/a><\/div><div class=\"rl-gallery-item\"><a href=\"https:\/\/coronelxavierchaves.mg.gov.br\/prefeitura\/wp-content\/uploads\/2021\/08\/20-Seminario-5.jpg\" title=\"\" data-rl_title=\"\" class=\"rl-gallery-link\" data-rl_caption=\"\" data-rel=\"lightbox-gallery-1\"><img loading=\"lazy\" decoding=\"async\" src=\"https:\/\/coronelxavierchaves.mg.gov.br\/prefeitura\/wp-content\/uploads\/2021\/08\/20-Seminario-5-300x199.jpg\" width=\"300\" height=\"199\" alt=\"\" \/><\/a><\/div><div class=\"rl-gallery-item\"><a href=\"https:\/\/coronelxavierchaves.mg.gov.br\/prefeitura\/wp-content\/uploads\/2021\/08\/20-Seminario-6.jpg\" title=\"\" data-rl_title=\"\" class=\"rl-gallery-link\" data-rl_caption=\"\" data-rel=\"lightbox-gallery-1\"><img loading=\"lazy\" decoding=\"async\" src=\"https:\/\/coronelxavierchaves.mg.gov.br\/prefeitura\/wp-content\/uploads\/2021\/08\/20-Seminario-6-300x199.jpg\" width=\"300\" height=\"199\" alt=\"\" \/><\/a><\/div><div class=\"rl-gallery-item\"><a href=\"https:\/\/coronelxavierchaves.mg.gov.br\/prefeitura\/wp-content\/uploads\/2021\/08\/20-Seminario-7.jpg\" title=\"\" data-rl_title=\"\" class=\"rl-gallery-link\" data-rl_caption=\"\" data-rel=\"lightbox-gallery-1\"><img loading=\"lazy\" decoding=\"async\" src=\"https:\/\/coronelxavierchaves.mg.gov.br\/prefeitura\/wp-content\/uploads\/2021\/08\/20-Seminario-7-300x199.jpg\" width=\"300\" height=\"199\" alt=\"\" \/><\/a><\/div><div class=\"rl-gallery-item\"><a href=\"https:\/\/coronelxavierchaves.mg.gov.br\/prefeitura\/wp-content\/uploads\/2021\/08\/20-Seminario-8.jpg\" title=\"\" data-rl_title=\"\" class=\"rl-gallery-link\" data-rl_caption=\"\" data-rel=\"lightbox-gallery-1\"><img loading=\"lazy\" decoding=\"async\" src=\"https:\/\/coronelxavierchaves.mg.gov.br\/prefeitura\/wp-content\/uploads\/2021\/08\/20-Seminario-8-300x199.jpg\" width=\"300\" height=\"199\" alt=\"\" \/><\/a><\/div><div class=\"rl-gallery-item\"><a href=\"https:\/\/coronelxavierchaves.mg.gov.br\/prefeitura\/wp-content\/uploads\/2021\/08\/20-Seminario-9.jpg\" title=\"\" data-rl_title=\"\" class=\"rl-gallery-link\" data-rl_caption=\"\" data-rel=\"lightbox-gallery-1\"><img loading=\"lazy\" decoding=\"async\" src=\"https:\/\/coronelxavierchaves.mg.gov.br\/prefeitura\/wp-content\/uploads\/2021\/08\/20-Seminario-9-300x199.jpg\" width=\"300\" height=\"199\" alt=\"\" \/><\/a><\/div> <\/div> <\/div><\/code><\/p>\n","protected":false},"excerpt":{"rendered":"<p>Na \u00faltima sexta-feira, 30 de julho de 2021, a Prefeitura Municipal realizou o IV Semin\u00e1rio para o Desenvolvimento Tur\u00edstico e Econ\u00f4mico de Coronel Xavier Chaves. O evento contou com palestras dos parceiros Sebrae, Sicoob, Senac e Senai, que apresentaram ferramentas de estudo e financiamento que oferecem para propiciar um desenvolvimento na \u00e1rea empreendedora do munic\u00edpio. [&hellip;]<\/p>\n","protected":false},"author":3,"featured_media":11364,"comment_status":"open","ping_status":"open","sticky":false,"template":"","format":"standard","meta":{"footnotes":"","_links_to":"","_links_to_target":""},"categories":[1],"tags":[],"class_list":{"0":"post-11374","1":"post","2":"type-post","3":"status-publish","4":"format-standard","5":"has-post-thumbnail","7":"category-noticias"},"_links":{"self":[{"href":"https:\/\/coronelxavierchaves.mg.gov.br\/prefeitura\/wp-json\/wp\/v2\/posts\/11374","targetHints":{"allow":["GET"]}}],"collection":[{"href":"https:\/\/coronelxavierchaves.mg.gov.br\/prefeitura\/wp-json\/wp\/v2\/posts"}],"about":[{"href":"https:\/\/coronelxavierchaves.mg.gov.br\/prefeitura\/wp-json\/wp\/v2\/types\/post"}],"author":[{"embeddable":true,"href":"https:\/\/coronelxavierchaves.mg.gov.br\/prefeitura\/wp-json\/wp\/v2\/users\/3"}],"replies":[{"embeddable":true,"href":"https:\/\/coronelxavierchaves.mg.gov.br\/prefeitura\/wp-json\/wp\/v2\/comments?post=11374"}],"version-history":[{"count":3,"href":"https:\/\/coronelxavierchaves.mg.gov.br\/prefeitura\/wp-json\/wp\/v2\/posts\/11374\/revisions"}],"predecessor-version":[{"id":11377,"href":"https:\/\/coronelxavierchaves.mg.gov.br\/prefeitura\/wp-json\/wp\/v2\/posts\/11374\/revisions\/11377"}],"wp:featuredmedia":[{"embeddable":true,"href":"https:\/\/coronelxavierchaves.mg.gov.br\/prefeitura\/wp-json\/wp\/v2\/media\/11364"}],"wp:attachment":[{"href":"https:\/\/coronelxavierchaves.mg.gov.br\/prefeitura\/wp-json\/wp\/v2\/media?parent=11374"}],"wp:term":[{"taxonomy":"category","embeddable":true,"href":"https:\/\/coronelxavierchaves.mg.gov.br\/prefeitura\/wp-json\/wp\/v2\/categories?post=11374"},{"taxonomy":"post_tag","embeddable":true,"href":"https:\/\/coronelxavierchaves.mg.gov.br\/prefeitura\/wp-json\/wp\/v2\/tags?post=11374"}],"curies":[{"name":"wp","href":"https:\/\/api.w.org\/{rel}","templated":true}]}}