{"id":13385,"date":"2022-01-21T14:47:07","date_gmt":"2022-01-21T17:47:07","guid":{"rendered":"http:\/\/coronelxavierchaves.mg.gov.br\/prefeitura\/?p=13385"},"modified":"2022-07-19T14:09:37","modified_gmt":"2022-07-19T17:09:37","slug":"contratacao-de-empresa-para-prestacao-de-servicos-de-assessoramento-tecnico-visando-a-melhoria-do-sistema-de-saude-pl-08-2022","status":"publish","type":"post","link":"https:\/\/coronelxavierchaves.mg.gov.br\/prefeitura\/2022\/01\/21\/contratacao-de-empresa-para-prestacao-de-servicos-de-assessoramento-tecnico-visando-a-melhoria-do-sistema-de-saude-pl-08-2022\/","title":{"rendered":"Contrata\u00e7\u00e3o de empresa para presta\u00e7\u00e3o de servi\u00e7os de assessoramento t\u00e9cnico visando a melhoria do sistema de sa\u00fade (PL 08\/2022)"},"content":{"rendered":"<blockquote><p>DOWNLOADS<\/p><\/blockquote>\n<ul>\n<li><a href=\"http:\/\/coronelxavierchaves.mg.gov.br\/prefeitura\/wp-content\/uploads\/2022\/01\/05-EDITAL-CONTRATACAO-ASSESSORIA-SAUDE.pdf\">EDITAL<\/a>, publicado em 21\/01\/2022 \u00e0s 14:47h.<\/li>\n<li><a href=\"http:\/\/coronelxavierchaves.mg.gov.br\/prefeitura\/wp-content\/uploads\/2022\/03\/CONTRATO-ASSESSORIA-SAUDE-publicar.pdf\">CONTRATO<\/a>, publicado em 07\/03\/2022 \u00e0s 14:36h.<\/li>\n<li><a href=\"http:\/\/coronelxavierchaves.mg.gov.br\/prefeitura\/wp-content\/uploads\/2022\/07\/CONTRATO-RESCISAO-ASSESSORIA-SAUDE-PUBLICAR.pdf\">CONTRATO DE RESCIS\u00c3O<\/a>, publicado em 19\/07\/2022 \u00e0s 14:10h.<\/li>\n<\/ul>\n<div>\n<div style=\"text-align: justify;\">\n<div style=\"text-align: justify;\">\n<div><\/div>\n<\/div>\n<\/div>\n<\/div>\n<div style=\"text-align: justify;\">\n<p style=\"font-weight: 400;\"><strong><u>AVISO DE LICITA\u00c7\u00c3O<\/u><\/strong><\/p>\n<div>\n<p>Prefeitura Municipal de Coronel Xavier Chaves\/MG. Aviso de\u00a0Licita\u00e7\u00e3o<b>\u00a0&#8211; Processo Licitat\u00f3rio \u2013 08\/2022, Preg\u00e3o Presencial \u2013 05\/2022, do tipo\u00a0<\/b><b>MENOR PRE\u00c7O POR ITEM.<\/b><b>\u00a0<u>Objeto:\u00a0\u00a0<\/u><\/b><b><u>CONTRATA\u00c7\u00c3O DE EMPRESA ESPECIALIZADA PARA PRESTA\u00c7\u00c3O DE SERVI\u00c7OS DE ASSESSORAMENTO T\u00c9CNICO VISANDO A MELHORIA DA ORGANIZA\u00c7\u00c3O E FUNCIONAMENTO DO SISTEMA DE SA\u00daDE MUNICIPAL<\/u><\/b><b><i>. <\/i><\/b>Credenciamento e abertura:\u00a0<b><u>03\/02\/2022 \u00e0s 08h00min<\/u>.<\/b>\u00a0O edital est\u00e1 dispon\u00edvel no Site-\u00a0\u201c<a href=\"http:\/\/www.coronelxavierchaves.mg.gov.br\/\" target=\"_blank\" rel=\"noopener\" data-saferedirecturl=\"https:\/\/www.google.com\/url?q=http:\/\/www.coronelxavierchaves.mg.gov.br&amp;source=gmail&amp;ust=1642872509539000&amp;usg=AOvVaw08aDgTsqv1p3GGu1SYuj1u\">www.<wbr \/>coronelxavierchaves.mg.gov.br<\/a>&#8220;<wbr \/>, informa\u00e7\u00f5es\u00a0na prefeitura municipal \u00e0 Rua Padre Reis, 84, Centro, Coronel Xavier Chaves\/MG, no hor\u00e1rio de 08h00min as 12h00min e de 13h00min as 16h00min. Tel.:\u00a0<a href=\"tel:%2832%29%203357-1235\" target=\"_blank\" rel=\"noopener\">(32) 3357-1235<\/a>.\u00a0 Coronel Xavier Chaves, 21 de janeiro de 2022. Beatriz Rayze de Resende \u2013 Pregoeira.<\/p>\n<\/div>\n<div><\/div>\n<\/div>\n<div><\/div>\n<p>&nbsp;<\/p>\n<div class=\"printshowonly\">\n<p>*<b>PUBLICA\u00c7\u00c3O<\/b><\/p>\n<ul>\n<li>Um destaque desta publica\u00e7\u00e3o foi gerado na p\u00e1gina inicial do site, dispon\u00edvel at\u00e9 que demais publica\u00e7\u00f5es sejam realizadas.<\/li>\n<li>Uma publica\u00e7\u00e3o permanente foi feita na p\u00e1gina de Editais e Licita\u00e7\u00f5es.<\/li>\n<li>Link para acesso:\u00a0http:\/\/coronelxavierchaves.mg.gov.br\/prefeitura\/wp-json\/wp\/v2\/posts\/13385<\/li>\n<\/ul>\n<\/div>\n","protected":false},"excerpt":{"rendered":"<p>DOWNLOADS EDITAL, publicado em 21\/01\/2022 \u00e0s 14:47h. CONTRATO, publicado em 07\/03\/2022 \u00e0s 14:36h. CONTRATO DE RESCIS\u00c3O, publicado em 19\/07\/2022 \u00e0s 14:10h. AVISO DE LICITA\u00c7\u00c3O Prefeitura Municipal de Coronel Xavier Chaves\/MG. Aviso de\u00a0Licita\u00e7\u00e3o\u00a0&#8211; Processo Licitat\u00f3rio \u2013 08\/2022, Preg\u00e3o Presencial \u2013 05\/2022, do tipo\u00a0MENOR PRE\u00c7O POR ITEM.\u00a0Objeto:\u00a0\u00a0CONTRATA\u00c7\u00c3O DE EMPRESA ESPECIALIZADA PARA PRESTA\u00c7\u00c3O DE SERVI\u00c7OS DE ASSESSORAMENTO T\u00c9CNICO [&hellip;]<\/p>\n","protected":false},"author":3,"featured_media":4367,"comment_status":"open","ping_status":"open","sticky":false,"template":"","format":"standard","meta":{"footnotes":"","_links_to":"","_links_to_target":""},"categories":[102],"tags":[],"class_list":{"0":"post-13385","1":"post","2":"type-post","3":"status-publish","4":"format-standard","5":"has-post-thumbnail","7":"category-editais-de-licitacao-2022"},"_links":{"self":[{"href":"https:\/\/coronelxavierchaves.mg.gov.br\/prefeitura\/wp-json\/wp\/v2\/posts\/13385","targetHints":{"allow":["GET"]}}],"collection":[{"href":"https:\/\/coronelxavierchaves.mg.gov.br\/prefeitura\/wp-json\/wp\/v2\/posts"}],"about":[{"href":"https:\/\/coronelxavierchaves.mg.gov.br\/prefeitura\/wp-json\/wp\/v2\/types\/post"}],"author":[{"embeddable":true,"href":"https:\/\/coronelxavierchaves.mg.gov.br\/prefeitura\/wp-json\/wp\/v2\/users\/3"}],"replies":[{"embeddable":true,"href":"https:\/\/coronelxavierchaves.mg.gov.br\/prefeitura\/wp-json\/wp\/v2\/comments?post=13385"}],"version-history":[{"count":4,"href":"https:\/\/coronelxavierchaves.mg.gov.br\/prefeitura\/wp-json\/wp\/v2\/posts\/13385\/revisions"}],"predecessor-version":[{"id":14751,"href":"https:\/\/coronelxavierchaves.mg.gov.br\/prefeitura\/wp-json\/wp\/v2\/posts\/13385\/revisions\/14751"}],"wp:featuredmedia":[{"embeddable":true,"href":"https:\/\/coronelxavierchaves.mg.gov.br\/prefeitura\/wp-json\/wp\/v2\/media\/4367"}],"wp:attachment":[{"href":"https:\/\/coronelxavierchaves.mg.gov.br\/prefeitura\/wp-json\/wp\/v2\/media?parent=13385"}],"wp:term":[{"taxonomy":"category","embeddable":true,"href":"https:\/\/coronelxavierchaves.mg.gov.br\/prefeitura\/wp-json\/wp\/v2\/categories?post=13385"},{"taxonomy":"post_tag","embeddable":true,"href":"https:\/\/coronelxavierchaves.mg.gov.br\/prefeitura\/wp-json\/wp\/v2\/tags?post=13385"}],"curies":[{"name":"wp","href":"https:\/\/api.w.org\/{rel}","templated":true}]}}