{"id":13400,"date":"2022-01-26T11:30:16","date_gmt":"2022-01-26T14:30:16","guid":{"rendered":"http:\/\/coronelxavierchaves.mg.gov.br\/prefeitura\/?p=13400"},"modified":"2022-12-01T13:25:39","modified_gmt":"2022-12-01T16:25:39","slug":"aquisicao-direta-de-generos-alimenticios-da-agricultura-familiar-para-merenda-escolar-pl-11-2022","status":"publish","type":"post","link":"https:\/\/coronelxavierchaves.mg.gov.br\/prefeitura\/2022\/01\/26\/aquisicao-direta-de-generos-alimenticios-da-agricultura-familiar-para-merenda-escolar-pl-11-2022\/","title":{"rendered":"Aquisi\u00e7\u00e3o direta de g\u00eaneros aliment\u00edcios da agricultura familiar para merenda escolar (PL 11\/2022)"},"content":{"rendered":"<blockquote><p>DOWNLOADS<\/p><\/blockquote>\n<ul>\n<li><a href=\"http:\/\/coronelxavierchaves.mg.gov.br\/prefeitura\/wp-content\/uploads\/2022\/01\/06-EDITAL-AGRICULTURA-FAMILIAR-2022.pdf\">EDITAL<\/a>, publicado em 26\/01\/2022 \u00e0s 11:30h.<\/li>\n<li><a href=\"http:\/\/coronelxavierchaves.mg.gov.br\/prefeitura\/wp-content\/uploads\/2022\/02\/CONTRATO-MARIA-NINFA-PUBLICAR.pdf\">CONTRATO: MARIA NINFA<\/a>, publicado em 09\/02\/2022 \u00e0s 16:42h.<\/li>\n<li><a href=\"http:\/\/coronelxavierchaves.mg.gov.br\/prefeitura\/wp-content\/uploads\/2022\/03\/CONTRATO-VALDINEI-publicar.pdf\">CONTRATO: VALDINEI JAQUES<\/a>, publicado em 11\/03\/2022 \u00e0s 09:40h.<\/li>\n<li><a href=\"http:\/\/coronelxavierchaves.mg.gov.br\/prefeitura\/wp-content\/uploads\/2022\/12\/CONTRATO-APRAFAC-PUBLICAR.pdf\">CONTRATO: APRAFAC<\/a>, publicado em 01\/12\/2022 \u00e0s 13:25h.<\/li>\n<li><a href=\"http:\/\/coronelxavierchaves.mg.gov.br\/prefeitura\/wp-content\/uploads\/2022\/12\/1o-TERMO-ADITIVO-MARIA-NINFA-publicar.pdf\">1\u00ba TERMO ADITIVO: MARIA NINFA<\/a>, publicado em 01\/12\/2022 \u00e0s 13:25h.<\/li>\n<li><a href=\"http:\/\/coronelxavierchaves.mg.gov.br\/prefeitura\/wp-content\/uploads\/2022\/12\/1o-TERMO-ADITIVO-VALDINEI-PUBLICAR.pdf\">1\u00ba TERMO ADITIVO: VALDINEI<\/a>, publicado em 01\/12\/2022 \u00e0s 13:25h.<\/li>\n<\/ul>\n<div>\n<div style=\"text-align: justify;\">\n<div style=\"text-align: justify;\">\n<div><\/div>\n<\/div>\n<\/div>\n<\/div>\n<div style=\"text-align: justify;\">\n<blockquote><p>OBJETO<\/p><\/blockquote>\n<div>\n<div style=\"text-align: justify;\"><b><u>AQUISI\u00c7\u00c3O DIRETA DE G\u00caNEROS ALIMENT\u00cdCIOS DA AGRICULTURA FAMILIAR PARA MERENDA ESCOLAR DA REDE MUNICIPAL DE ENSINO.<\/u><\/b><\/div>\n<div><b>Per\u00edodo de credenciamento: 27\/01\/2022 a 31\/12\/2022.\u00a0<\/b><\/div>\n<\/div>\n<div><\/div>\n<\/div>\n<div><\/div>\n<p>&nbsp;<\/p>\n<div class=\"printshowonly\">\n<p>*<b>PUBLICA\u00c7\u00c3O<\/b><\/p>\n<ul>\n<li>Um destaque desta publica\u00e7\u00e3o foi gerado na p\u00e1gina inicial do site, dispon\u00edvel at\u00e9 que demais publica\u00e7\u00f5es sejam realizadas.<\/li>\n<li>Uma publica\u00e7\u00e3o permanente foi feita na p\u00e1gina de Editais e Licita\u00e7\u00f5es.<\/li>\n<li>Link para acesso:\u00a0http:\/\/coronelxavierchaves.mg.gov.br\/prefeitura\/wp-json\/wp\/v2\/posts\/13400<\/li>\n<\/ul>\n<\/div>\n","protected":false},"excerpt":{"rendered":"<p>DOWNLOADS EDITAL, publicado em 26\/01\/2022 \u00e0s 11:30h. CONTRATO: MARIA NINFA, publicado em 09\/02\/2022 \u00e0s 16:42h. CONTRATO: VALDINEI JAQUES, publicado em 11\/03\/2022 \u00e0s 09:40h. CONTRATO: APRAFAC, publicado em 01\/12\/2022 \u00e0s 13:25h. 1\u00ba TERMO ADITIVO: MARIA NINFA, publicado em 01\/12\/2022 \u00e0s 13:25h. 1\u00ba TERMO ADITIVO: VALDINEI, publicado em 01\/12\/2022 \u00e0s 13:25h. OBJETO AQUISI\u00c7\u00c3O DIRETA DE G\u00caNEROS ALIMENT\u00cdCIOS [&hellip;]<\/p>\n","protected":false},"author":3,"featured_media":4367,"comment_status":"open","ping_status":"open","sticky":false,"template":"","format":"standard","meta":{"footnotes":"","_links_to":"","_links_to_target":""},"categories":[102],"tags":[],"class_list":{"0":"post-13400","1":"post","2":"type-post","3":"status-publish","4":"format-standard","5":"has-post-thumbnail","7":"category-editais-de-licitacao-2022"},"_links":{"self":[{"href":"https:\/\/coronelxavierchaves.mg.gov.br\/prefeitura\/wp-json\/wp\/v2\/posts\/13400","targetHints":{"allow":["GET"]}}],"collection":[{"href":"https:\/\/coronelxavierchaves.mg.gov.br\/prefeitura\/wp-json\/wp\/v2\/posts"}],"about":[{"href":"https:\/\/coronelxavierchaves.mg.gov.br\/prefeitura\/wp-json\/wp\/v2\/types\/post"}],"author":[{"embeddable":true,"href":"https:\/\/coronelxavierchaves.mg.gov.br\/prefeitura\/wp-json\/wp\/v2\/users\/3"}],"replies":[{"embeddable":true,"href":"https:\/\/coronelxavierchaves.mg.gov.br\/prefeitura\/wp-json\/wp\/v2\/comments?post=13400"}],"version-history":[{"count":6,"href":"https:\/\/coronelxavierchaves.mg.gov.br\/prefeitura\/wp-json\/wp\/v2\/posts\/13400\/revisions"}],"predecessor-version":[{"id":15578,"href":"https:\/\/coronelxavierchaves.mg.gov.br\/prefeitura\/wp-json\/wp\/v2\/posts\/13400\/revisions\/15578"}],"wp:featuredmedia":[{"embeddable":true,"href":"https:\/\/coronelxavierchaves.mg.gov.br\/prefeitura\/wp-json\/wp\/v2\/media\/4367"}],"wp:attachment":[{"href":"https:\/\/coronelxavierchaves.mg.gov.br\/prefeitura\/wp-json\/wp\/v2\/media?parent=13400"}],"wp:term":[{"taxonomy":"category","embeddable":true,"href":"https:\/\/coronelxavierchaves.mg.gov.br\/prefeitura\/wp-json\/wp\/v2\/categories?post=13400"},{"taxonomy":"post_tag","embeddable":true,"href":"https:\/\/coronelxavierchaves.mg.gov.br\/prefeitura\/wp-json\/wp\/v2\/tags?post=13400"}],"curies":[{"name":"wp","href":"https:\/\/api.w.org\/{rel}","templated":true}]}}