{"id":13444,"date":"2022-01-28T16:30:05","date_gmt":"2022-01-28T19:30:05","guid":{"rendered":"http:\/\/coronelxavierchaves.mg.gov.br\/prefeitura\/?p=13444"},"modified":"2026-02-10T13:51:25","modified_gmt":"2026-02-10T16:51:25","slug":"contratacao-de-empresa-especializada-para-prestacao-de-servicos-de-acompanhante-no-transporte-escolar-monitores-pl-12-2022","status":"publish","type":"post","link":"https:\/\/coronelxavierchaves.mg.gov.br\/prefeitura\/2022\/01\/28\/contratacao-de-empresa-especializada-para-prestacao-de-servicos-de-acompanhante-no-transporte-escolar-monitores-pl-12-2022\/","title":{"rendered":"Contrata\u00e7\u00e3o de empresa especializada para presta\u00e7\u00e3o de servi\u00e7os de acompanhante no transporte escolar (monitores) (PL 12\/2022)"},"content":{"rendered":"<blockquote><p>DOWNLOADS<\/p><\/blockquote>\n<ul>\n<li><a href=\"http:\/\/coronelxavierchaves.mg.gov.br\/prefeitura\/wp-content\/uploads\/2022\/01\/05-EDITAL-SERV-MONITOR-ESCOLAR.pdf\">EDITAL<\/a>, publicado em 28\/01\/2022 \u00e0s 16:30h.<\/li>\n<li><a href=\"http:\/\/coronelxavierchaves.mg.gov.br\/prefeitura\/wp-content\/uploads\/2022\/02\/11-CONTRATO-ROMEU-PUBLICAR.pdf\">CONTRATO<\/a>, publicado em 11\/02\/2022 \u00e0s 10:38h.<\/li>\n<li><a href=\"http:\/\/coronelxavierchaves.mg.gov.br\/prefeitura\/wp-content\/uploads\/2023\/02\/1o-TERMO-DE-ADITAMENTO-ROMEU-publicar.pdf\">1\u00ba TERMO ADITIVO<\/a>, publicado em 13\/02\/2023 \u00e0s 13:40h.<\/li>\n<li><a href=\"https:\/\/coronelxavierchaves.mg.gov.br\/prefeitura\/wp-content\/uploads\/2024\/02\/2o-TERMO-DE-ADITAMENTO-ROMEU-12-2022.pdf\">2\u00ba TERMO ADITIVO<\/a>, publicado em 01\/02\/2024 \u00e0s 14:50h.<\/li>\n<li><a href=\"https:\/\/coronelxavierchaves.mg.gov.br\/prefeitura\/wp-content\/uploads\/2025\/02\/3o-TERMO-DE-ADITAMENTO-ROMEU-12-2022.pdf\">3\u00ba TERMO ADITIVO<\/a>, publicado em 21\/02\/2025 \u00e0s 15:27h.<\/li>\n<li><a href=\"https:\/\/coronelxavierchaves.mg.gov.br\/prefeitura\/wp-content\/uploads\/2026\/02\/4o-TERMO-DE-ADITAMENTO-MONITOR-ESCOLAR-12-2022.pdf\">4\u00ba TERMO ADITIVO<\/a>, publicado em 10\/02\/2026 \u00e0s 13:51h.<\/li>\n<\/ul>\n<p>&nbsp;<\/p>\n<div style=\"text-align: justify;\">\n<p style=\"text-align: left;\"><strong style=\"text-align: justify; color: #222222; font-family: Verdana, Geneva, sans-serif; font-size: 15px;\"><u>AVISO DE LICITA\u00c7\u00c3O<\/u><\/strong><\/p>\n<div>\n<div style=\"text-align: justify;\">\n<p style=\"font-weight: 400;\">Prefeitura Municipal de Coronel Xavier Chaves\/MG. Aviso de\u00a0Licita\u00e7\u00e3o<strong>\u00a0&#8211; Processo Licitat\u00f3rio \u2013 12\/2022, Preg\u00e3o Presencial \u2013 07\/2022, do tipo\u00a0<\/strong><strong>MENOR PRE\u00c7O POR LOTE.<\/strong><strong>\u00a0<u>Objeto:\u00a0\u00a0<\/u><\/strong><strong><u>CONTRATA\u00c7\u00c3O DE EMPRESA ESPECIALIZADA PARA PRESTA\u00c7\u00c3O DE SERVI\u00c7OS DE ACOMPANHANTE NO TRANSPORTE ESCOLAR (MONITORES) NOS VE\u00cdCULOS DAS LINHAS EXISTENTES NO MUNIC\u00cdPIO EM ATENDIMENTO A SECRETARIA MUNICIPAL DE EDUCA\u00c7\u00c3O DO MUNIC\u00cdPIO DE CORONEL XAVIER CHAVES<\/u><\/strong><strong><em>.\u00a0<\/em><\/strong>Credenciamento e abertura:\u00a0<strong><u>10\/02\/2022 \u00e0s 08h00min<\/u>.<\/strong>\u00a0O edital est\u00e1 dispon\u00edvel no Site-\u00a0\u201c<a href=\"http:\/\/www.coronelxavierchaves.mg.gov.br\/\" data-saferedirecturl=\"https:\/\/www.google.com\/url?q=http:\/\/www.coronelxavierchaves.mg.gov.br&amp;source=gmail&amp;ust=1643484336057000&amp;usg=AOvVaw2vaYrvKNl60mDKltqBXGLh\">www.coronelxavierchaves.mg.gov.br<\/a>&#8220;, informa\u00e7\u00f5es\u00a0na prefeitura municipal \u00e0 Rua Padre Reis, 84, Centro, Coronel Xavier Chaves\/MG, no hor\u00e1rio de 08h00min as 12h00min e de 13h00min as 16h00min. Tel.:\u00a0<a href=\"tel:%2832%29%203357-1235\">(32) 3357-1235<\/a>.\u00a0 Coronel Xavier Chaves, 28 de janeiro de 2022. Beatriz Rayze de Resende \u2013 Pregoeira.<\/p>\n<p>&nbsp;<\/p>\n<\/div>\n<\/div>\n<div><\/div>\n<\/div>\n<div><\/div>\n<p>&nbsp;<\/p>\n<div class=\"printshowonly\">\n<p>*<b>PUBLICA\u00c7\u00c3O<\/b><\/p>\n<ul>\n<li>Um destaque desta publica\u00e7\u00e3o foi gerado na p\u00e1gina inicial do site, dispon\u00edvel at\u00e9 que demais publica\u00e7\u00f5es sejam realizadas.<\/li>\n<li>Uma publica\u00e7\u00e3o permanente foi feita na p\u00e1gina de Editais e Licita\u00e7\u00f5es.<\/li>\n<li>Link para acesso:\u00a0http:\/\/coronelxavierchaves.mg.gov.br\/prefeitura\/wp-json\/wp\/v2\/posts\/13444<\/li>\n<\/ul>\n<\/div>\n","protected":false},"excerpt":{"rendered":"<p>DOWNLOADS EDITAL, publicado em 28\/01\/2022 \u00e0s 16:30h. CONTRATO, publicado em 11\/02\/2022 \u00e0s 10:38h. 1\u00ba TERMO ADITIVO, publicado em 13\/02\/2023 \u00e0s 13:40h. 2\u00ba TERMO ADITIVO, publicado em 01\/02\/2024 \u00e0s 14:50h. 3\u00ba TERMO ADITIVO, publicado em 21\/02\/2025 \u00e0s 15:27h. 4\u00ba TERMO ADITIVO, publicado em 10\/02\/2026 \u00e0s 13:51h. &nbsp; AVISO DE LICITA\u00c7\u00c3O Prefeitura Municipal de Coronel Xavier Chaves\/MG. [&hellip;]<\/p>\n","protected":false},"author":3,"featured_media":4367,"comment_status":"closed","ping_status":"closed","sticky":false,"template":"","format":"standard","meta":{"footnotes":"","_links_to":"","_links_to_target":""},"categories":[102],"tags":[],"class_list":{"0":"post-13444","1":"post","2":"type-post","3":"status-publish","4":"format-standard","5":"has-post-thumbnail","7":"category-editais-de-licitacao-2022"},"_links":{"self":[{"href":"https:\/\/coronelxavierchaves.mg.gov.br\/prefeitura\/wp-json\/wp\/v2\/posts\/13444","targetHints":{"allow":["GET"]}}],"collection":[{"href":"https:\/\/coronelxavierchaves.mg.gov.br\/prefeitura\/wp-json\/wp\/v2\/posts"}],"about":[{"href":"https:\/\/coronelxavierchaves.mg.gov.br\/prefeitura\/wp-json\/wp\/v2\/types\/post"}],"author":[{"embeddable":true,"href":"https:\/\/coronelxavierchaves.mg.gov.br\/prefeitura\/wp-json\/wp\/v2\/users\/3"}],"replies":[{"embeddable":true,"href":"https:\/\/coronelxavierchaves.mg.gov.br\/prefeitura\/wp-json\/wp\/v2\/comments?post=13444"}],"version-history":[{"count":10,"href":"https:\/\/coronelxavierchaves.mg.gov.br\/prefeitura\/wp-json\/wp\/v2\/posts\/13444\/revisions"}],"predecessor-version":[{"id":26736,"href":"https:\/\/coronelxavierchaves.mg.gov.br\/prefeitura\/wp-json\/wp\/v2\/posts\/13444\/revisions\/26736"}],"wp:featuredmedia":[{"embeddable":true,"href":"https:\/\/coronelxavierchaves.mg.gov.br\/prefeitura\/wp-json\/wp\/v2\/media\/4367"}],"wp:attachment":[{"href":"https:\/\/coronelxavierchaves.mg.gov.br\/prefeitura\/wp-json\/wp\/v2\/media?parent=13444"}],"wp:term":[{"taxonomy":"category","embeddable":true,"href":"https:\/\/coronelxavierchaves.mg.gov.br\/prefeitura\/wp-json\/wp\/v2\/categories?post=13444"},{"taxonomy":"post_tag","embeddable":true,"href":"https:\/\/coronelxavierchaves.mg.gov.br\/prefeitura\/wp-json\/wp\/v2\/tags?post=13444"}],"curies":[{"name":"wp","href":"https:\/\/api.w.org\/{rel}","templated":true}]}}