{"id":13463,"date":"2022-01-31T16:36:17","date_gmt":"2022-01-31T19:36:17","guid":{"rendered":"http:\/\/coronelxavierchaves.mg.gov.br\/prefeitura\/?p=13463"},"modified":"2026-01-26T12:12:10","modified_gmt":"2026-01-26T15:12:10","slug":"contratacao-de-empresa-especializada-para-realizacao-de-transporte-dos-alunos-pl-13-2022","status":"publish","type":"post","link":"https:\/\/coronelxavierchaves.mg.gov.br\/prefeitura\/2022\/01\/31\/contratacao-de-empresa-especializada-para-realizacao-de-transporte-dos-alunos-pl-13-2022\/","title":{"rendered":"Contrata\u00e7\u00e3o de empresa especializada para realiza\u00e7\u00e3o de transporte dos alunos&#8230; (PL 13\/2022)"},"content":{"rendered":"<blockquote><p>DOWNLOADS<\/p><\/blockquote>\n<ul>\n<li><a href=\"http:\/\/coronelxavierchaves.mg.gov.br\/prefeitura\/wp-content\/uploads\/2022\/01\/05-EDITAL-TRANSPORTE-ESCOLAR.pdf\">EDITAL<\/a>, publicado em 31\/01\/2022 \u00e0s 16:36h.<\/li>\n<li><a href=\"http:\/\/coronelxavierchaves.mg.gov.br\/prefeitura\/wp-content\/uploads\/2022\/02\/CONTRATO-PUBLICAR.pdf\">CONTRATO<\/a>, publicado em 11\/02\/2022 \u00e0s 10:50h.<\/li>\n<li><a href=\"http:\/\/coronelxavierchaves.mg.gov.br\/prefeitura\/wp-content\/uploads\/2023\/02\/1o-TERMO-DE-ADITAMENTO-ADILSON-publicar.pdf\">1\u00ba TERMO ADITIVO<\/a>, publicado em 02\/02\/2023 \u00e0s 10:03h.<\/li>\n<li><a href=\"https:\/\/coronelxavierchaves.mg.gov.br\/prefeitura\/wp-content\/uploads\/2024\/01\/2o-TERMO-DE-ADITAMENTO-ADILSON-13-2022.pdf\">2\u00ba TERMO ADITIVO<\/a>, publicado em 02\/01\/2024 \u00e0s 10:41h.<\/li>\n<li><a href=\"https:\/\/coronelxavierchaves.mg.gov.br\/prefeitura\/wp-content\/uploads\/2024\/02\/3o-TERMO-DE-ADITAMENTO-ADILSON-13-2022.pdf\">3\u00ba TERMO ADITIVO<\/a>, publicado em 19\/02\/2024 \u00e0s 09:20h.<\/li>\n<li><a href=\"https:\/\/coronelxavierchaves.mg.gov.br\/prefeitura\/wp-content\/uploads\/2025\/02\/4o-TERMO-DE-ADITAMENTO-ADILSON-13-2022.pdf\">4\u00ba TERMO ADITIVO<\/a>, publicado em 21\/02\/2025 \u00e0s 15:23h.<\/li>\n<li><a href=\"https:\/\/coronelxavierchaves.mg.gov.br\/prefeitura\/wp-content\/uploads\/2026\/01\/5o-TERMO-ADITIVO-13-2022.pdf\">5\u00ba TERMO ADITIVO<\/a>, publicado em 26\/01\/2026 \u00e0s 12:12h.<\/li>\n<\/ul>\n<p>&nbsp;<\/p>\n<div style=\"text-align: justify;\">\n<p style=\"text-align: left;\"><strong style=\"text-align: justify; color: #222222; font-family: Verdana, Geneva, sans-serif; font-size: 15px;\"><u>AVISO DE LICITA\u00c7\u00c3O<\/u><\/strong><\/p>\n<div>\n<div style=\"text-align: justify;\">\n<p style=\"font-weight: 400;\">Prefeitura Municipal de Coronel Xavier Chaves\/MG. Aviso de\u00a0Licita\u00e7\u00e3o<b>\u00a0&#8211; Processo Licitat\u00f3rio \u2013 13\/2022, Preg\u00e3o Presencial \u2013 08\/2022, do tipo\u00a0<\/b><b>MENOR PRE\u00c7O POR ITEM.<\/b><b>\u00a0<u>Objeto:\u00a0\u00a0<\/u><\/b><b><u>CONTRATA\u00c7\u00c3O DE EMPRESA ESPECIALIZADA PARA REALIZA\u00c7\u00c3O DE TRANSPORTE DOS ALUNOS DE CORONEL XAVIER CHAVES PARA A CIDADE DE S\u00c3O JO\u00c3O DEL-REI<\/u><\/b><b><i>.\u00a0<\/i><\/b>Credenciamento e abertura:\u00a0<b><u>11\/02\/2022 \u00e0s 08h00min<\/u>.<\/b>\u00a0O edital est\u00e1 dispon\u00edvel no Site-\u00a0\u201c<a href=\"http:\/\/www.coronelxavierchaves.mg.gov.br\/\" target=\"_blank\" rel=\"noopener\" data-saferedirecturl=\"https:\/\/www.google.com\/url?q=http:\/\/www.coronelxavierchaves.mg.gov.br&amp;source=gmail&amp;ust=1643743744264000&amp;usg=AOvVaw0EL9IxzFe_rV8lLDt_JJaO\">www.<wbr \/>coronelxavierchaves.mg.gov.br<\/a>&#8220;<wbr \/>, informa\u00e7\u00f5es\u00a0na prefeitura municipal \u00e0 Rua Padre Reis, 84, Centro, Coronel Xavier Chaves\/MG, no hor\u00e1rio de 08h00min \u00e0s 12h00min e de 13h00min \u00e0s 16h00min. Tel.:\u00a0<a href=\"tel:%2832%29%203357-1235\" target=\"_blank\" rel=\"noopener\">(32) 3357-1235<\/a>.\u00a0 Coronel Xavier Chaves, 31 de janeiro de 2022. Beatriz Rayze de Resende \u2013 Pregoeira.<\/p>\n<p>&nbsp;<\/p>\n<\/div>\n<\/div>\n<div><\/div>\n<\/div>\n<div><\/div>\n<p>&nbsp;<\/p>\n<div class=\"printshowonly\">\n<p>*<b>PUBLICA\u00c7\u00c3O<\/b><\/p>\n<ul>\n<li>Um destaque desta publica\u00e7\u00e3o foi gerado na p\u00e1gina inicial do site, dispon\u00edvel at\u00e9 que demais publica\u00e7\u00f5es sejam realizadas.<\/li>\n<li>Uma publica\u00e7\u00e3o permanente foi feita na p\u00e1gina de Editais e Licita\u00e7\u00f5es.<\/li>\n<li>Link para acesso:\u00a0http:\/\/coronelxavierchaves.mg.gov.br\/prefeitura\/wp-json\/wp\/v2\/posts\/13463<\/li>\n<\/ul>\n<\/div>\n","protected":false},"excerpt":{"rendered":"<p>DOWNLOADS EDITAL, publicado em 31\/01\/2022 \u00e0s 16:36h. CONTRATO, publicado em 11\/02\/2022 \u00e0s 10:50h. 1\u00ba TERMO ADITIVO, publicado em 02\/02\/2023 \u00e0s 10:03h. 2\u00ba TERMO ADITIVO, publicado em 02\/01\/2024 \u00e0s 10:41h. 3\u00ba TERMO ADITIVO, publicado em 19\/02\/2024 \u00e0s 09:20h. 4\u00ba TERMO ADITIVO, publicado em 21\/02\/2025 \u00e0s 15:23h. 5\u00ba TERMO ADITIVO, publicado em 26\/01\/2026 \u00e0s 12:12h. &nbsp; AVISO [&hellip;]<\/p>\n","protected":false},"author":3,"featured_media":4367,"comment_status":"closed","ping_status":"closed","sticky":false,"template":"","format":"standard","meta":{"footnotes":"","_links_to":"","_links_to_target":""},"categories":[102],"tags":[],"class_list":{"0":"post-13463","1":"post","2":"type-post","3":"status-publish","4":"format-standard","5":"has-post-thumbnail","7":"category-editais-de-licitacao-2022"},"_links":{"self":[{"href":"https:\/\/coronelxavierchaves.mg.gov.br\/prefeitura\/wp-json\/wp\/v2\/posts\/13463","targetHints":{"allow":["GET"]}}],"collection":[{"href":"https:\/\/coronelxavierchaves.mg.gov.br\/prefeitura\/wp-json\/wp\/v2\/posts"}],"about":[{"href":"https:\/\/coronelxavierchaves.mg.gov.br\/prefeitura\/wp-json\/wp\/v2\/types\/post"}],"author":[{"embeddable":true,"href":"https:\/\/coronelxavierchaves.mg.gov.br\/prefeitura\/wp-json\/wp\/v2\/users\/3"}],"replies":[{"embeddable":true,"href":"https:\/\/coronelxavierchaves.mg.gov.br\/prefeitura\/wp-json\/wp\/v2\/comments?post=13463"}],"version-history":[{"count":8,"href":"https:\/\/coronelxavierchaves.mg.gov.br\/prefeitura\/wp-json\/wp\/v2\/posts\/13463\/revisions"}],"predecessor-version":[{"id":26433,"href":"https:\/\/coronelxavierchaves.mg.gov.br\/prefeitura\/wp-json\/wp\/v2\/posts\/13463\/revisions\/26433"}],"wp:featuredmedia":[{"embeddable":true,"href":"https:\/\/coronelxavierchaves.mg.gov.br\/prefeitura\/wp-json\/wp\/v2\/media\/4367"}],"wp:attachment":[{"href":"https:\/\/coronelxavierchaves.mg.gov.br\/prefeitura\/wp-json\/wp\/v2\/media?parent=13463"}],"wp:term":[{"taxonomy":"category","embeddable":true,"href":"https:\/\/coronelxavierchaves.mg.gov.br\/prefeitura\/wp-json\/wp\/v2\/categories?post=13463"},{"taxonomy":"post_tag","embeddable":true,"href":"https:\/\/coronelxavierchaves.mg.gov.br\/prefeitura\/wp-json\/wp\/v2\/tags?post=13463"}],"curies":[{"name":"wp","href":"https:\/\/api.w.org\/{rel}","templated":true}]}}