{"id":13522,"date":"2022-02-09T16:25:05","date_gmt":"2022-02-09T19:25:05","guid":{"rendered":"http:\/\/coronelxavierchaves.mg.gov.br\/prefeitura\/?p=13522"},"modified":"2022-02-09T16:25:05","modified_gmt":"2022-02-09T19:25:05","slug":"convocacao-do-processo-seletivo-05-2021-medico-clinico-geral-2","status":"publish","type":"post","link":"https:\/\/coronelxavierchaves.mg.gov.br\/prefeitura\/2022\/02\/09\/convocacao-do-processo-seletivo-05-2021-medico-clinico-geral-2\/","title":{"rendered":"Convoca\u00e7\u00e3o do Processo Seletivo 05\/2021: M\u00e9dico Cl\u00ednico Geral"},"content":{"rendered":"<p style=\"text-align: justify;\">\u00a0Edital de Convoca\u00e7\u00e3o do Processo Seletivo 005\/2021.<\/p>\n<ul>\n<li><a href=\"http:\/\/coronelxavierchaves.mg.gov.br\/prefeitura\/wp-content\/uploads\/2022\/02\/EDITAL-DE-CONVOCACAO-MEDICO-CLINICO-GERAL.pdf\">EDITAL DE CONVOCA\u00c7\u00c3O: M\u00c9DICO CL\u00cdNICO GERAL<\/a>, publicado em 09\/02\/2022 \u00e0s 16:25h.<\/li>\n<\/ul>\n","protected":false},"excerpt":{"rendered":"<p>\u00a0Edital de Convoca\u00e7\u00e3o do Processo Seletivo 005\/2021. EDITAL DE CONVOCA\u00c7\u00c3O: M\u00c9DICO CL\u00cdNICO GERAL, publicado em 09\/02\/2022 \u00e0s 16:25h.<\/p>\n","protected":false},"author":3,"featured_media":4366,"comment_status":"open","ping_status":"open","sticky":false,"template":"","format":"standard","meta":{"footnotes":"","_links_to":"","_links_to_target":""},"categories":[101],"tags":[],"class_list":{"0":"post-13522","1":"post","2":"type-post","3":"status-publish","4":"format-standard","5":"has-post-thumbnail","7":"category-editais-de-convocacao-e-contratacao-2022"},"_links":{"self":[{"href":"https:\/\/coronelxavierchaves.mg.gov.br\/prefeitura\/wp-json\/wp\/v2\/posts\/13522","targetHints":{"allow":["GET"]}}],"collection":[{"href":"https:\/\/coronelxavierchaves.mg.gov.br\/prefeitura\/wp-json\/wp\/v2\/posts"}],"about":[{"href":"https:\/\/coronelxavierchaves.mg.gov.br\/prefeitura\/wp-json\/wp\/v2\/types\/post"}],"author":[{"embeddable":true,"href":"https:\/\/coronelxavierchaves.mg.gov.br\/prefeitura\/wp-json\/wp\/v2\/users\/3"}],"replies":[{"embeddable":true,"href":"https:\/\/coronelxavierchaves.mg.gov.br\/prefeitura\/wp-json\/wp\/v2\/comments?post=13522"}],"version-history":[{"count":1,"href":"https:\/\/coronelxavierchaves.mg.gov.br\/prefeitura\/wp-json\/wp\/v2\/posts\/13522\/revisions"}],"predecessor-version":[{"id":13524,"href":"https:\/\/coronelxavierchaves.mg.gov.br\/prefeitura\/wp-json\/wp\/v2\/posts\/13522\/revisions\/13524"}],"wp:featuredmedia":[{"embeddable":true,"href":"https:\/\/coronelxavierchaves.mg.gov.br\/prefeitura\/wp-json\/wp\/v2\/media\/4366"}],"wp:attachment":[{"href":"https:\/\/coronelxavierchaves.mg.gov.br\/prefeitura\/wp-json\/wp\/v2\/media?parent=13522"}],"wp:term":[{"taxonomy":"category","embeddable":true,"href":"https:\/\/coronelxavierchaves.mg.gov.br\/prefeitura\/wp-json\/wp\/v2\/categories?post=13522"},{"taxonomy":"post_tag","embeddable":true,"href":"https:\/\/coronelxavierchaves.mg.gov.br\/prefeitura\/wp-json\/wp\/v2\/tags?post=13522"}],"curies":[{"name":"wp","href":"https:\/\/api.w.org\/{rel}","templated":true}]}}