{"id":13560,"date":"2022-02-10T16:38:04","date_gmt":"2022-02-10T19:38:04","guid":{"rendered":"http:\/\/coronelxavierchaves.mg.gov.br\/prefeitura\/?p=13560"},"modified":"2026-03-31T13:37:37","modified_gmt":"2026-03-31T16:37:37","slug":"contratacao-de-empresa-especializada-para-prestacao-de-servicos-de-mecanica-geral-nos-veiculos-da-frota-da-prefeitura-pl-16-2022","status":"publish","type":"post","link":"https:\/\/coronelxavierchaves.mg.gov.br\/prefeitura\/2022\/02\/10\/contratacao-de-empresa-especializada-para-prestacao-de-servicos-de-mecanica-geral-nos-veiculos-da-frota-da-prefeitura-pl-16-2022\/","title":{"rendered":"Contrata\u00e7\u00e3o de empresa especializada para presta\u00e7\u00e3o de servi\u00e7os de mec\u00e2nica geral nos ve\u00edculos da frota da prefeitura (PL 16\/2022)"},"content":{"rendered":"<blockquote><p>DOWNLOADS<\/p><\/blockquote>\n<ul>\n<li><a href=\"http:\/\/coronelxavierchaves.mg.gov.br\/prefeitura\/wp-content\/uploads\/2022\/02\/09-EDITAL-CONTRATACAO-SERVICOS-MECANICOS.pdf\">EDITAL<\/a>, publicado em 10\/02\/2022 \u00e0s 16:38h.<\/li>\n<li><a href=\"http:\/\/coronelxavierchaves.mg.gov.br\/prefeitura\/wp-content\/uploads\/2022\/03\/11-CONTRATO-SERV-MECANICOS.pdf\">CONTRATO<\/a>, publicado em 31\/03\/2022 \u00e0s 16:44h.<\/li>\n<li><a href=\"http:\/\/coronelxavierchaves.mg.gov.br\/prefeitura\/wp-content\/uploads\/2023\/04\/1o-TERMO-ADITAMENTO.pdf\">1\u00ba TERMO ADITIVO<\/a>, publicado em 18\/04\/2023 \u00e0s 10:45h.<\/li>\n<li><a href=\"https:\/\/coronelxavierchaves.mg.gov.br\/prefeitura\/wp-content\/uploads\/2024\/04\/2o-TERMO-ADITAMENTO-16-2022.pdf\">2\u00ba TERMO ADITIVO<\/a>, publicado em 10\/04\/2024 \u00e0s 19:48h.<\/li>\n<li><a href=\"https:\/\/coronelxavierchaves.mg.gov.br\/prefeitura\/wp-content\/uploads\/2025\/04\/3o-TERMO-ADITAMENTO-16-2022.pdf\">3\u00ba TERMO ADITIVO<\/a>, publicado em 02\/04\/2025 \u00e0s 07:43h.<\/li>\n<li><a href=\"https:\/\/coronelxavierchaves.mg.gov.br\/prefeitura\/wp-content\/uploads\/2026\/03\/4o-TERMO-ADITAMENTO-16-2022.pdf\">4\u00ba TERMO ADITIVO<\/a>, publicado em 31\/03\/2026 \u00e0s 13:37h.<\/li>\n<\/ul>\n<p>&nbsp;<\/p>\n<div style=\"text-align: justify;\">\n<p style=\"text-align: left;\"><strong style=\"text-align: justify; color: #222222; font-family: Verdana, Geneva, sans-serif; font-size: 15px;\"><u>AVISO DE LICITA\u00c7\u00c3O<\/u><\/strong><\/p>\n<div>\n<div style=\"text-align: justify;\">\n<p style=\"font-weight: 400;\">Prefeitura Municipal de Coronel Xavier Chaves\/MG. Aviso de\u00a0Licita\u00e7\u00e3o<b>\u00a0&#8211; Processo Licitat\u00f3rio \u2013 16\/2022, Preg\u00e3o Presencial \u2013 09\/2022, do tipo\u00a0<\/b><b>MENOR PRE\u00c7O POR ITEM<\/b><b>, EXCLUSIVO PARA ME\/EPP<\/b><b>\u00a0&#8211; Objeto:\u00a0<\/b><b><u>CONTRATA\u00c7\u00c3O DE EMPRESA ESPECIALIZADA PARA PRESTA\u00c7\u00c3O DE SERVI\u00c7OS DE MEC\u00c2NICA GERAL NOS VE\u00cdCULOS DA FROTA DA PREFEITURA MUNICIPAL, A QUALQUER MOMENTO, INCLUSIVE QUANDO HOUVER NECESSIDADE DE ATENDIMENTO NA ZONA RURAL.<\/u><\/b>\u00a0<u>Credenciamento:\u00a0<\/u><b>25\/02\/2022 &#8211; das 08h00min \u00e0s 08h15min.<\/b>\u00a0<u>Abertura:\u00a0<\/u><b>25\/02\/2022 &#8211; ap\u00f3s o credenciamento.<\/b>\u00a0O edital est\u00e1 dispon\u00edvel no Site-\u00a0\u201c<a href=\"http:\/\/www.coronelxavierchaves.mg.gov.br\/\" target=\"_blank\" rel=\"noopener\" data-saferedirecturl=\"https:\/\/www.google.com\/url?q=http:\/\/www.coronelxavierchaves.mg.gov.br&amp;source=gmail&amp;ust=1644607892405000&amp;usg=AOvVaw0EMYmNyhmPpHSyfwsET0MB\">www.<wbr \/>coronelxavierchaves.mg.gov.br<\/a>&#8220;<wbr \/>, informa\u00e7\u00f5es\u00a0na prefeitura municipal \u00e0 Rua Padre Reis, 84, Centro, Coronel Xavier Chaves\/MG, no hor\u00e1rio das 08h00min \u00e0s 12h00min e das 13h00min \u00e0s 16h00min. Tel.:\u00a0<a href=\"tel:%2832%29%203357-1235\" target=\"_blank\" rel=\"noopener\">(32) 3357-1235<\/a>. Coronel Xavier Chaves\/ MG, 10 de fevereiro de 2022. Beatriz Rayze de Resende &#8211; Pregoeira.<\/p>\n<\/div>\n<\/div>\n<\/div>\n<p>&nbsp;<\/p>\n<div class=\"printshowonly\">\n<p>*<b>PUBLICA\u00c7\u00c3O<\/b><\/p>\n<ul>\n<li>Um destaque desta publica\u00e7\u00e3o foi gerado na p\u00e1gina inicial do site, dispon\u00edvel at\u00e9 que demais publica\u00e7\u00f5es sejam realizadas.<\/li>\n<li>Uma publica\u00e7\u00e3o permanente foi feita na p\u00e1gina de Editais e Licita\u00e7\u00f5es.<\/li>\n<li>Link para acesso:\u00a0http:\/\/coronelxavierchaves.mg.gov.br\/prefeitura\/wp-json\/wp\/v2\/posts\/13560<\/li>\n<\/ul>\n<\/div>\n","protected":false},"excerpt":{"rendered":"<p>DOWNLOADS EDITAL, publicado em 10\/02\/2022 \u00e0s 16:38h. CONTRATO, publicado em 31\/03\/2022 \u00e0s 16:44h. 1\u00ba TERMO ADITIVO, publicado em 18\/04\/2023 \u00e0s 10:45h. 2\u00ba TERMO ADITIVO, publicado em 10\/04\/2024 \u00e0s 19:48h. 3\u00ba TERMO ADITIVO, publicado em 02\/04\/2025 \u00e0s 07:43h. 4\u00ba TERMO ADITIVO, publicado em 31\/03\/2026 \u00e0s 13:37h. &nbsp; AVISO DE LICITA\u00c7\u00c3O Prefeitura Municipal de Coronel Xavier Chaves\/MG. [&hellip;]<\/p>\n","protected":false},"author":3,"featured_media":4367,"comment_status":"closed","ping_status":"closed","sticky":false,"template":"","format":"standard","meta":{"footnotes":"","_links_to":"","_links_to_target":""},"categories":[102],"tags":[],"class_list":{"0":"post-13560","1":"post","2":"type-post","3":"status-publish","4":"format-standard","5":"has-post-thumbnail","7":"category-editais-de-licitacao-2022"},"_links":{"self":[{"href":"https:\/\/coronelxavierchaves.mg.gov.br\/prefeitura\/wp-json\/wp\/v2\/posts\/13560","targetHints":{"allow":["GET"]}}],"collection":[{"href":"https:\/\/coronelxavierchaves.mg.gov.br\/prefeitura\/wp-json\/wp\/v2\/posts"}],"about":[{"href":"https:\/\/coronelxavierchaves.mg.gov.br\/prefeitura\/wp-json\/wp\/v2\/types\/post"}],"author":[{"embeddable":true,"href":"https:\/\/coronelxavierchaves.mg.gov.br\/prefeitura\/wp-json\/wp\/v2\/users\/3"}],"replies":[{"embeddable":true,"href":"https:\/\/coronelxavierchaves.mg.gov.br\/prefeitura\/wp-json\/wp\/v2\/comments?post=13560"}],"version-history":[{"count":7,"href":"https:\/\/coronelxavierchaves.mg.gov.br\/prefeitura\/wp-json\/wp\/v2\/posts\/13560\/revisions"}],"predecessor-version":[{"id":27307,"href":"https:\/\/coronelxavierchaves.mg.gov.br\/prefeitura\/wp-json\/wp\/v2\/posts\/13560\/revisions\/27307"}],"wp:featuredmedia":[{"embeddable":true,"href":"https:\/\/coronelxavierchaves.mg.gov.br\/prefeitura\/wp-json\/wp\/v2\/media\/4367"}],"wp:attachment":[{"href":"https:\/\/coronelxavierchaves.mg.gov.br\/prefeitura\/wp-json\/wp\/v2\/media?parent=13560"}],"wp:term":[{"taxonomy":"category","embeddable":true,"href":"https:\/\/coronelxavierchaves.mg.gov.br\/prefeitura\/wp-json\/wp\/v2\/categories?post=13560"},{"taxonomy":"post_tag","embeddable":true,"href":"https:\/\/coronelxavierchaves.mg.gov.br\/prefeitura\/wp-json\/wp\/v2\/tags?post=13560"}],"curies":[{"name":"wp","href":"https:\/\/api.w.org\/{rel}","templated":true}]}}