{"id":13617,"date":"2022-02-18T10:05:11","date_gmt":"2022-02-18T13:05:11","guid":{"rendered":"http:\/\/coronelxavierchaves.mg.gov.br\/prefeitura\/?p=13617"},"modified":"2023-01-10T16:25:03","modified_gmt":"2023-01-10T19:25:03","slug":"contratacao-de-empresa-para-prestacao-de-servicos-de-gerenciamento-de-manutencao-preventiva-e-corretiva-da-frota-de-veiculos-da-prefeitura-pl-18-2022","status":"publish","type":"post","link":"https:\/\/coronelxavierchaves.mg.gov.br\/prefeitura\/2022\/02\/18\/contratacao-de-empresa-para-prestacao-de-servicos-de-gerenciamento-de-manutencao-preventiva-e-corretiva-da-frota-de-veiculos-da-prefeitura-pl-18-2022\/","title":{"rendered":"Contrata\u00e7\u00e3o de empresa para presta\u00e7\u00e3o de servi\u00e7os de gerenciamento de manuten\u00e7\u00e3o preventiva e corretiva da frota de ve\u00edculos da prefeitura (PL 18\/2022)"},"content":{"rendered":"<blockquote><p>DOWNLOADS<\/p><\/blockquote>\n<ul>\n<li><del><a href=\"http:\/\/coronelxavierchaves.mg.gov.br\/prefeitura\/wp-content\/uploads\/2022\/02\/05-EDITAL-SISTEMA-SERV-AQUIS-PECAS.pdf\">EDITAL<\/a>, publicado em 18\/02\/2022 \u00e0s 10:05h.<\/del> Retificado em 08\/03\/2022.<\/li>\n<li><del><a href=\"http:\/\/coronelxavierchaves.mg.gov.br\/prefeitura\/wp-content\/uploads\/2022\/03\/08-ERRATA-CONTRATACAO-SERVICOS-manut-frota.pdf\">ERRATA<\/a>, publicado em 08\/03\/2022 \u00e0s 16:25h.<\/del><\/li>\n<li><del><a href=\"http:\/\/coronelxavierchaves.mg.gov.br\/prefeitura\/wp-content\/uploads\/2022\/03\/05-EDITAL-SISTEMA-SERV-AQUIS-PECAS-RETIFICADO.pdf\">EDITAL RETIFICADO<\/a>, publicado em 08\/03\/2022 \u00e0s 16:25h.<\/del><\/li>\n<li><del><a href=\"http:\/\/coronelxavierchaves.mg.gov.br\/prefeitura\/wp-content\/uploads\/2022\/03\/10-ERRATA-2-CONTRATACAO-SERVICOS-manut-frota.pdf\">2\u00aa ERRATA<\/a>, publicado em 09\/03\/2022 \u00e0s 09:30h.<\/del><\/li>\n<li><del><a href=\"http:\/\/coronelxavierchaves.mg.gov.br\/prefeitura\/wp-content\/uploads\/2022\/03\/11-EDITAL-RETIFICADO-2.pdf\">2\u00ba EDITAL RETIFICADO<\/a>, publicado em 09\/03\/2022 \u00e0s 09:30h.<\/del><\/li>\n<li><a href=\"http:\/\/coronelxavierchaves.mg.gov.br\/prefeitura\/wp-content\/uploads\/2022\/03\/13-ERRATA-3-CONTRATACAO-SERVICOS.pdf\">3\u00aa ERRATA<\/a>, publicado em 15\/03\/2022 \u00e0s 17:50h.<\/li>\n<li><a href=\"http:\/\/coronelxavierchaves.mg.gov.br\/prefeitura\/wp-content\/uploads\/2022\/03\/14-EDITAL-RETIFICADO-3.pdf\">3\u00ba EDITAL RETIFICADO<\/a>, publicado em 15\/03\/2022 \u00e0s 17:50h.<\/li>\n<li><a href=\"http:\/\/coronelxavierchaves.mg.gov.br\/prefeitura\/wp-content\/uploads\/2022\/04\/20-CONTRATO-SISTEMA-SERV-AQUIS-PECAS-publicar.pdf\">CONTRATO<\/a>, publicado em 07\/04\/2022 \u00e0s 09:20h.<\/li>\n<li><a href=\"http:\/\/coronelxavierchaves.mg.gov.br\/prefeitura\/wp-content\/uploads\/2023\/01\/Despacho-Rescisao-de-Contrato-Unilateral-Razoes-de-Interesse-Publico-Processo-de-Licitacao-no-18-2022-1.pdf\">Despacho &#8211; Rescis\u00e3o de Contrato Unilateral<\/a>, publicado em 10\/01\/2023 \u00e0s 16:05h.<\/li>\n<\/ul>\n<p>&nbsp;<\/p>\n<div style=\"text-align: justify;\">\n<p style=\"text-align: left;\"><strong style=\"text-align: justify; color: #222222; font-family: Verdana, Geneva, sans-serif; font-size: 15px;\"><u>AVISO DE LICITA\u00c7\u00c3O<\/u><\/strong><\/p>\n<div>\n<div style=\"text-align: justify;\">\n<p style=\"font-weight: 400;\">Prefeitura Municipal de Coronel Xavier Chaves\/MG. Aviso de\u00a0Licita\u00e7\u00e3o<b>\u00a0&#8211; Processo Licitat\u00f3rio \u2013 18\/2022, Preg\u00e3o Presencial \u2013 11\/2022, do tipo\u00a0<u>MENOR PRE\u00c7O (MENOR PERCENTUAL)<\/u>. Objeto:\u00a0<\/b><b>CONTRATA\u00c7\u00c3O DE EMPRESA PARA PRESTA\u00c7\u00c3O DE SERVI\u00c7OS DE GERENCIAMENTO DE MANUTEN\u00c7\u00c3O PREVENTIVA E CORRETIVA DA FROTA DE VE\u00cdCULOS DA PREFEITURA MUNICIPAL DE CORONEL XAVIER CHAVES\/MG, INCLUINDO O FORNECIMENTO DE PE\u00c7AS E ACESS\u00d3RIOS, LAVAGEM E SERVI\u00c7OS DE REBOQUE, DOS VE\u00cdCULOS EM VIAGENS E NO MUNIC\u00cdPIO, POR MEIO DE SISTEMA INFORMATIZADO VIA INTERNET INTEGRADO DE GEST\u00c3O, COM FORNECIMENTO DE LOGIN E SENHA PARA O DEPARTAMENTO DE COMPRAS DO MUNIC\u00cdPIO, EM REDE CREDENCIADA<i>.\u00a0<\/i><\/b><u>Credenciamento<\/u>: <b>24<\/b><b>\/03\/2022 das 08h00min \u00e0s 08h1500min. <\/b><u>Abertura:<\/u><b> 24\/03\/2022, ap\u00f3s o credenciamento.<\/b>\u00a0O edital est\u00e1 dispon\u00edvel no Site-\u00a0\u201c<a href=\"http:\/\/www.coronelxavierchaves.mg.gov.br\/\" target=\"_blank\" rel=\"noopener\" data-saferedirecturl=\"https:\/\/www.google.com\/url?q=http:\/\/www.coronelxavierchaves.mg.gov.br&amp;source=gmail&amp;ust=1645274881722000&amp;usg=AOvVaw1kM-4WBWCwEoGTji5GxSmT\">www.<wbr \/>coronelxavierchaves.mg.gov.br<\/a>&#8220;<wbr \/>, informa\u00e7\u00f5es\u00a0na prefeitura municipal \u00e0 Rua Padre Reis, 84, Centro, Coronel Xavier Chaves\/MG, no hor\u00e1rio de 08h00min as 12h00min e de 13h00min as 16h00min. Tel.:\u00a0<a href=\"tel:%2832%29%203357-1235\" target=\"_blank\" rel=\"noopener\">(32) 3357-1235<\/a>. Coronel Xavier Chaves, 10de mar\u00e7o de 2022. Beatriz Rayze de Resende &#8211; Pregoeira.<\/p>\n<\/div>\n<\/div>\n<\/div>\n<p>&nbsp;<\/p>\n<div class=\"printshowonly\">\n<p>*<b>PUBLICA\u00c7\u00c3O<\/b><\/p>\n<ul>\n<li>Um destaque desta publica\u00e7\u00e3o foi gerado na p\u00e1gina inicial do site, dispon\u00edvel at\u00e9 que demais publica\u00e7\u00f5es sejam realizadas.<\/li>\n<li>Uma publica\u00e7\u00e3o permanente foi feita na p\u00e1gina de Editais e Licita\u00e7\u00f5es.<\/li>\n<li>Link para acesso:\u00a0http:\/\/coronelxavierchaves.mg.gov.br\/prefeitura\/wp-json\/wp\/v2\/posts\/13617<\/li>\n<\/ul>\n<\/div>\n","protected":false},"excerpt":{"rendered":"<p>DOWNLOADS EDITAL, publicado em 18\/02\/2022 \u00e0s 10:05h. Retificado em 08\/03\/2022. ERRATA, publicado em 08\/03\/2022 \u00e0s 16:25h. EDITAL RETIFICADO, publicado em 08\/03\/2022 \u00e0s 16:25h. 2\u00aa ERRATA, publicado em 09\/03\/2022 \u00e0s 09:30h. 2\u00ba EDITAL RETIFICADO, publicado em 09\/03\/2022 \u00e0s 09:30h. 3\u00aa ERRATA, publicado em 15\/03\/2022 \u00e0s 17:50h. 3\u00ba EDITAL RETIFICADO, publicado em 15\/03\/2022 \u00e0s 17:50h. CONTRATO, publicado [&hellip;]<\/p>\n","protected":false},"author":3,"featured_media":4367,"comment_status":"open","ping_status":"open","sticky":false,"template":"","format":"standard","meta":{"footnotes":"","_links_to":"","_links_to_target":""},"categories":[102],"tags":[],"class_list":{"0":"post-13617","1":"post","2":"type-post","3":"status-publish","4":"format-standard","5":"has-post-thumbnail","7":"category-editais-de-licitacao-2022"},"_links":{"self":[{"href":"https:\/\/coronelxavierchaves.mg.gov.br\/prefeitura\/wp-json\/wp\/v2\/posts\/13617","targetHints":{"allow":["GET"]}}],"collection":[{"href":"https:\/\/coronelxavierchaves.mg.gov.br\/prefeitura\/wp-json\/wp\/v2\/posts"}],"about":[{"href":"https:\/\/coronelxavierchaves.mg.gov.br\/prefeitura\/wp-json\/wp\/v2\/types\/post"}],"author":[{"embeddable":true,"href":"https:\/\/coronelxavierchaves.mg.gov.br\/prefeitura\/wp-json\/wp\/v2\/users\/3"}],"replies":[{"embeddable":true,"href":"https:\/\/coronelxavierchaves.mg.gov.br\/prefeitura\/wp-json\/wp\/v2\/comments?post=13617"}],"version-history":[{"count":8,"href":"https:\/\/coronelxavierchaves.mg.gov.br\/prefeitura\/wp-json\/wp\/v2\/posts\/13617\/revisions"}],"predecessor-version":[{"id":16020,"href":"https:\/\/coronelxavierchaves.mg.gov.br\/prefeitura\/wp-json\/wp\/v2\/posts\/13617\/revisions\/16020"}],"wp:featuredmedia":[{"embeddable":true,"href":"https:\/\/coronelxavierchaves.mg.gov.br\/prefeitura\/wp-json\/wp\/v2\/media\/4367"}],"wp:attachment":[{"href":"https:\/\/coronelxavierchaves.mg.gov.br\/prefeitura\/wp-json\/wp\/v2\/media?parent=13617"}],"wp:term":[{"taxonomy":"category","embeddable":true,"href":"https:\/\/coronelxavierchaves.mg.gov.br\/prefeitura\/wp-json\/wp\/v2\/categories?post=13617"},{"taxonomy":"post_tag","embeddable":true,"href":"https:\/\/coronelxavierchaves.mg.gov.br\/prefeitura\/wp-json\/wp\/v2\/tags?post=13617"}],"curies":[{"name":"wp","href":"https:\/\/api.w.org\/{rel}","templated":true}]}}