{"id":13631,"date":"2022-02-22T14:35:19","date_gmt":"2022-02-22T17:35:19","guid":{"rendered":"http:\/\/coronelxavierchaves.mg.gov.br\/prefeitura\/?p=13631"},"modified":"2022-03-10T15:27:14","modified_gmt":"2022-03-10T18:27:14","slug":"aquisicao-parcelada-de-generos-alimenticios-para-merenda-escolar-pl-20-2022","status":"publish","type":"post","link":"https:\/\/coronelxavierchaves.mg.gov.br\/prefeitura\/2022\/02\/22\/aquisicao-parcelada-de-generos-alimenticios-para-merenda-escolar-pl-20-2022\/","title":{"rendered":"Aquisi\u00e7\u00e3o parcelada de g\u00eaneros aliment\u00edcios para merenda escolar (PL 20\/2022)"},"content":{"rendered":"<blockquote><p>DOWNLOADS<\/p><\/blockquote>\n<ul>\n<li><a href=\"http:\/\/coronelxavierchaves.mg.gov.br\/prefeitura\/wp-content\/uploads\/2022\/02\/6-EDITAL-PARA-AQUISICAO-DE-GENEROS-ALIMENTICIOS-2022.pdf\">EDITAL<\/a>, publicado em 22\/02\/2022 \u00e0s 14:35h.<\/li>\n<li><a href=\"http:\/\/coronelxavierchaves.mg.gov.br\/prefeitura\/wp-content\/uploads\/2022\/03\/8-ATA-PROCESSO-DESERTO.pdf\">ATA PROCESSO DESERTO<\/a>, publicado em 10\/03\/2022 \u00e0s 15:27h.<\/li>\n<\/ul>\n<p>&nbsp;<\/p>\n<div style=\"text-align: justify;\">\n<p style=\"text-align: left;\"><strong style=\"text-align: justify; color: #222222; font-family: Verdana, Geneva, sans-serif; font-size: 15px;\"><u>AVISO DE LICITA\u00c7\u00c3O<\/u><\/strong><\/p>\n<div>\n<div style=\"text-align: justify;\">\n<p style=\"font-weight: 400;\">Prefeitura Municipal de Coronel Xavier Chaves\/MG. Aviso de\u00a0Licita\u00e7\u00e3o\u00a0&#8211; Processo Licitat\u00f3rio \u2013 20\/2022, Preg\u00e3o Eletr\u00f4nico \u2013 12\/2022 (REGISTRO DE PRE\u00c7OS),\u00a0do tipo\u00a0MENOR PRE\u00c7O POR ITEM.\u00a0Objeto:\u00a0<b><u>AQUISI\u00c7\u00c3O PARCELADA DE G\u00caNEROS ALIMENT\u00cdCIOS PARA MERENDA ESCOLAR E PARA ATENDER AOS DIVERSOS SETORES DA PREFEITURA MUNICIPAL (REPETI\u00c7\u00c3O)<\/u><\/b>, de acordo com o especificado no Termo de Refer\u00eancia Anexo I do edital. Limite de acolhimento das propostas: dia 10\/03\/2022 \u00e0s 07h59min (sete horas e cinquenta e nove minutos). In\u00edcio da an\u00e1lise das propostas: dia 10\/03\/2022 \u00e0s 08h00min (oito horas). Fim da an\u00e1lise das propostas: dia 10\/03\/2022 \u00e0s 08h29min (oito horas e vinte e nove minutos).\u00a0<b>IN\u00cdCIO DA DISPUTA: \u00e0s 08h30min do dia 10\/03\/2022<\/b>\u00a0na Plataforma de Preg\u00e3o eletr\u00f4nico SH3,\u00a0<a href=\"http:\/\/coronelxavierchaves.pregaonet.com.br\/\" target=\"_blank\" rel=\"noopener\" data-saferedirecturl=\"https:\/\/www.google.com\/url?q=http:\/\/coronelxavierchaves.pregaonet.com.br\/&amp;source=gmail&amp;ust=1645636968554000&amp;usg=AOvVaw0CO9Jc0tkHTvtz86FvqlQg\">http:\/\/coronelxavierchaves.<wbr \/>pregaonet.com.br<\/a><b>.<\/b>\u00a0O edital est\u00e1 dispon\u00edvel no site\u00a0\u201c<a href=\"http:\/\/www.coronelxavierchaves.mg.gov.br\/\" target=\"_blank\" rel=\"noopener\" data-saferedirecturl=\"https:\/\/www.google.com\/url?q=http:\/\/www.coronelxavierchaves.mg.gov.br&amp;source=gmail&amp;ust=1645636968554000&amp;usg=AOvVaw3DuZPqRkgfjzh07kTSGowW\">www.coronelxavierchaves.<wbr \/>mg.gov.br<\/a>&#8220;, mais informa\u00e7\u00f5es\u00a0na prefeitura municipal \u00e0 Rua Padre Reis, 84, Centro, Coronel Xavier Chaves\/MG, no hor\u00e1rio de 08h00min \u00e0s 12h00min e de 13h00min \u00e0s 16h00min. Tel.:\u00a0<a href=\"tel:%2832%29%203357-1235\" target=\"_blank\" rel=\"noopener\">(32) 3357-1235<\/a>. Coronel Xavier Chaves, 22 de fevereiro de 2022. Beatriz Rayze de Resende \u2013 Pregoeira.<\/p>\n<\/div>\n<\/div>\n<\/div>\n<p>&nbsp;<\/p>\n<div class=\"printshowonly\">\n<p>*<b>PUBLICA\u00c7\u00c3O<\/b><\/p>\n<ul>\n<li>Um destaque desta publica\u00e7\u00e3o foi gerado na p\u00e1gina inicial do site, dispon\u00edvel at\u00e9 que demais publica\u00e7\u00f5es sejam realizadas.<\/li>\n<li>Uma publica\u00e7\u00e3o permanente foi feita na p\u00e1gina de Editais e Licita\u00e7\u00f5es.<\/li>\n<li>Link para acesso:\u00a0http:\/\/coronelxavierchaves.mg.gov.br\/prefeitura\/wp-json\/wp\/v2\/posts\/13631<\/li>\n<\/ul>\n<\/div>\n","protected":false},"excerpt":{"rendered":"<p>DOWNLOADS EDITAL, publicado em 22\/02\/2022 \u00e0s 14:35h. ATA PROCESSO DESERTO, publicado em 10\/03\/2022 \u00e0s 15:27h. &nbsp; AVISO DE LICITA\u00c7\u00c3O Prefeitura Municipal de Coronel Xavier Chaves\/MG. Aviso de\u00a0Licita\u00e7\u00e3o\u00a0&#8211; Processo Licitat\u00f3rio \u2013 20\/2022, Preg\u00e3o Eletr\u00f4nico \u2013 12\/2022 (REGISTRO DE PRE\u00c7OS),\u00a0do tipo\u00a0MENOR PRE\u00c7O POR ITEM.\u00a0Objeto:\u00a0AQUISI\u00c7\u00c3O PARCELADA DE G\u00caNEROS ALIMENT\u00cdCIOS PARA MERENDA ESCOLAR E PARA ATENDER AOS DIVERSOS SETORES [&hellip;]<\/p>\n","protected":false},"author":3,"featured_media":4367,"comment_status":"open","ping_status":"open","sticky":false,"template":"","format":"standard","meta":{"footnotes":"","_links_to":"","_links_to_target":""},"categories":[102],"tags":[],"class_list":{"0":"post-13631","1":"post","2":"type-post","3":"status-publish","4":"format-standard","5":"has-post-thumbnail","7":"category-editais-de-licitacao-2022"},"_links":{"self":[{"href":"https:\/\/coronelxavierchaves.mg.gov.br\/prefeitura\/wp-json\/wp\/v2\/posts\/13631","targetHints":{"allow":["GET"]}}],"collection":[{"href":"https:\/\/coronelxavierchaves.mg.gov.br\/prefeitura\/wp-json\/wp\/v2\/posts"}],"about":[{"href":"https:\/\/coronelxavierchaves.mg.gov.br\/prefeitura\/wp-json\/wp\/v2\/types\/post"}],"author":[{"embeddable":true,"href":"https:\/\/coronelxavierchaves.mg.gov.br\/prefeitura\/wp-json\/wp\/v2\/users\/3"}],"replies":[{"embeddable":true,"href":"https:\/\/coronelxavierchaves.mg.gov.br\/prefeitura\/wp-json\/wp\/v2\/comments?post=13631"}],"version-history":[{"count":3,"href":"https:\/\/coronelxavierchaves.mg.gov.br\/prefeitura\/wp-json\/wp\/v2\/posts\/13631\/revisions"}],"predecessor-version":[{"id":13733,"href":"https:\/\/coronelxavierchaves.mg.gov.br\/prefeitura\/wp-json\/wp\/v2\/posts\/13631\/revisions\/13733"}],"wp:featuredmedia":[{"embeddable":true,"href":"https:\/\/coronelxavierchaves.mg.gov.br\/prefeitura\/wp-json\/wp\/v2\/media\/4367"}],"wp:attachment":[{"href":"https:\/\/coronelxavierchaves.mg.gov.br\/prefeitura\/wp-json\/wp\/v2\/media?parent=13631"}],"wp:term":[{"taxonomy":"category","embeddable":true,"href":"https:\/\/coronelxavierchaves.mg.gov.br\/prefeitura\/wp-json\/wp\/v2\/categories?post=13631"},{"taxonomy":"post_tag","embeddable":true,"href":"https:\/\/coronelxavierchaves.mg.gov.br\/prefeitura\/wp-json\/wp\/v2\/tags?post=13631"}],"curies":[{"name":"wp","href":"https:\/\/api.w.org\/{rel}","templated":true}]}}