{"id":13636,"date":"2022-02-23T13:01:44","date_gmt":"2022-02-23T16:01:44","guid":{"rendered":"http:\/\/coronelxavierchaves.mg.gov.br\/prefeitura\/?p=13636"},"modified":"2022-04-19T15:27:11","modified_gmt":"2022-04-19T18:27:11","slug":"processo-seletivo-simplificado-de-medico-esf-para-contratacao-por-tempo-determinado-edital-001-2022-analise-de-curricular","status":"publish","type":"post","link":"https:\/\/coronelxavierchaves.mg.gov.br\/prefeitura\/2022\/02\/23\/processo-seletivo-simplificado-de-medico-esf-para-contratacao-por-tempo-determinado-edital-001-2022-analise-de-curricular\/","title":{"rendered":"Processo seletivo simplificado de m\u00e9dico ESF (30 horas) para contrata\u00e7\u00e3o por tempo determinado &#8211; Edital 001\/2022 &#8211; An\u00e1lise de curricular"},"content":{"rendered":"<ul>\n<li><a href=\"http:\/\/coronelxavierchaves.mg.gov.br\/prefeitura\/wp-content\/uploads\/2022\/02\/Processo-Seletivo-Simplificado-para-Medico-ESF-Edital-001-20221.pdf\">EDITAL<\/a>, publicado em 23\/02\/2021 \u00e0s 13:00h.<\/li>\n<li><a href=\"http:\/\/coronelxavierchaves.mg.gov.br\/prefeitura\/wp-content\/uploads\/2022\/03\/Resultado-preliminar-0012022.pdf\">RESULTADO PRELIMINAR<\/a>, publicado em 15\/03\/2022 \u00e0s 11:15h.<\/li>\n<li><a href=\"http:\/\/coronelxavierchaves.mg.gov.br\/prefeitura\/wp-content\/uploads\/2022\/03\/202203181113.pdf\">AN\u00c1LISE DE RECURSO<\/a>, publicado em 18\/03\/2022 \u00e0s 12:47h.<\/li>\n<li><a href=\"http:\/\/coronelxavierchaves.mg.gov.br\/prefeitura\/wp-content\/uploads\/2022\/03\/resultado-final-0012022.pdf\">RESULTADO FINAL<\/a>, publicado em 18\/03\/2022 \u00e0s 12:47h.<\/li>\n<li><a href=\"http:\/\/coronelxavierchaves.mg.gov.br\/prefeitura\/wp-content\/uploads\/2022\/03\/EDITAL-DE-CONVOCACAO-MEDICO-30-HORAS.pdf\">EDITAL DE CONVOCA\u00c7\u00c3O: CONTRATA\u00c7\u00c3O TEMPOR\u00c1RIA<\/a>, publicado em 22\/03\/2022 \u00e0s 16:10h.<\/li>\n<li><a href=\"http:\/\/coronelxavierchaves.mg.gov.br\/prefeitura\/wp-content\/uploads\/2022\/04\/EDITAL-DE-CONVOCACAO-MEDICO-30-horas1.pdf\">EDITAL DE CONVOCA\u00c7\u00c3O: CONTRATA\u00c7\u00c3O TEMPOR\u00c1RIA<\/a>, publicado em 19\/04\/2022 \u00e0s 15:27h.<\/li>\n<\/ul>\n","protected":false},"excerpt":{"rendered":"<p>EDITAL, publicado em 23\/02\/2021 \u00e0s 13:00h. RESULTADO PRELIMINAR, publicado em 15\/03\/2022 \u00e0s 11:15h. AN\u00c1LISE DE RECURSO, publicado em 18\/03\/2022 \u00e0s 12:47h. RESULTADO FINAL, publicado em 18\/03\/2022 \u00e0s 12:47h. EDITAL DE CONVOCA\u00c7\u00c3O: CONTRATA\u00c7\u00c3O TEMPOR\u00c1RIA, publicado em 22\/03\/2022 \u00e0s 16:10h. EDITAL DE CONVOCA\u00c7\u00c3O: CONTRATA\u00c7\u00c3O TEMPOR\u00c1RIA, publicado em 19\/04\/2022 \u00e0s 15:27h.<\/p>\n","protected":false},"author":3,"featured_media":4366,"comment_status":"open","ping_status":"open","sticky":false,"template":"","format":"standard","meta":{"footnotes":"","_links_to":"","_links_to_target":""},"categories":[100],"tags":[],"class_list":{"0":"post-13636","1":"post","2":"type-post","3":"status-publish","4":"format-standard","5":"has-post-thumbnail","7":"category-concursos-e-processos-seletivos-2022"},"_links":{"self":[{"href":"https:\/\/coronelxavierchaves.mg.gov.br\/prefeitura\/wp-json\/wp\/v2\/posts\/13636","targetHints":{"allow":["GET"]}}],"collection":[{"href":"https:\/\/coronelxavierchaves.mg.gov.br\/prefeitura\/wp-json\/wp\/v2\/posts"}],"about":[{"href":"https:\/\/coronelxavierchaves.mg.gov.br\/prefeitura\/wp-json\/wp\/v2\/types\/post"}],"author":[{"embeddable":true,"href":"https:\/\/coronelxavierchaves.mg.gov.br\/prefeitura\/wp-json\/wp\/v2\/users\/3"}],"replies":[{"embeddable":true,"href":"https:\/\/coronelxavierchaves.mg.gov.br\/prefeitura\/wp-json\/wp\/v2\/comments?post=13636"}],"version-history":[{"count":7,"href":"https:\/\/coronelxavierchaves.mg.gov.br\/prefeitura\/wp-json\/wp\/v2\/posts\/13636\/revisions"}],"predecessor-version":[{"id":14021,"href":"https:\/\/coronelxavierchaves.mg.gov.br\/prefeitura\/wp-json\/wp\/v2\/posts\/13636\/revisions\/14021"}],"wp:featuredmedia":[{"embeddable":true,"href":"https:\/\/coronelxavierchaves.mg.gov.br\/prefeitura\/wp-json\/wp\/v2\/media\/4366"}],"wp:attachment":[{"href":"https:\/\/coronelxavierchaves.mg.gov.br\/prefeitura\/wp-json\/wp\/v2\/media?parent=13636"}],"wp:term":[{"taxonomy":"category","embeddable":true,"href":"https:\/\/coronelxavierchaves.mg.gov.br\/prefeitura\/wp-json\/wp\/v2\/categories?post=13636"},{"taxonomy":"post_tag","embeddable":true,"href":"https:\/\/coronelxavierchaves.mg.gov.br\/prefeitura\/wp-json\/wp\/v2\/tags?post=13636"}],"curies":[{"name":"wp","href":"https:\/\/api.w.org\/{rel}","templated":true}]}}