{"id":13700,"date":"2022-03-08T16:45:05","date_gmt":"2022-03-08T19:45:05","guid":{"rendered":"http:\/\/coronelxavierchaves.mg.gov.br\/prefeitura\/?p=13700"},"modified":"2022-03-31T16:39:47","modified_gmt":"2022-03-31T19:39:47","slug":"aquisicao-de-um-veiculo-tipo-van-com-acessibilidade-a-cadeirante-pl-21-2022","status":"publish","type":"post","link":"https:\/\/coronelxavierchaves.mg.gov.br\/prefeitura\/2022\/03\/08\/aquisicao-de-um-veiculo-tipo-van-com-acessibilidade-a-cadeirante-pl-21-2022\/","title":{"rendered":"Aquisi\u00e7\u00e3o de um ve\u00edculo tipo van, com acessibilidade a cadeirante (PL 21\/2022)"},"content":{"rendered":"<blockquote><p>DOWNLOADS<\/p><\/blockquote>\n<ul>\n<li><del><a href=\"http:\/\/coronelxavierchaves.mg.gov.br\/prefeitura\/wp-content\/uploads\/2022\/03\/05-EDITAL-AQUISICAO-VEICULO-SAUDE.pdf\">EDITAL<\/a>, publicado em 08\/03\/2022 \u00e0s 16:45h.<\/del> Retificado em 16\/03\/2022.<\/li>\n<li><del><a href=\"http:\/\/coronelxavierchaves.mg.gov.br\/prefeitura\/wp-content\/uploads\/2022\/03\/07-ERRATA-AQUISICAO-VAN.pdf\">ERRATA<\/a>, publicado em 16\/03\/2022 \u00e0s 13:45h.<\/del><\/li>\n<li><del><a href=\"http:\/\/coronelxavierchaves.mg.gov.br\/prefeitura\/wp-content\/uploads\/2022\/03\/08-EDITAL-RETIFICADO-AQUISICAO-VEICULO-SAUDE.pdf\">EDITAL RETIFICADO<\/a>, publicado em 16\/03\/2022 \u00e0s 13:45h.<\/del> Retificado em 17\/03\/2022<\/li>\n<li><a href=\"http:\/\/coronelxavierchaves.mg.gov.br\/prefeitura\/wp-content\/uploads\/2022\/03\/10-ERRATA-2-AQUISICAO-VAN.pdf\">2\u00aa ERRATA<\/a>, publicado em 17\/03\/2022 \u00e0s 10:53h.<\/li>\n<li><a href=\"http:\/\/coronelxavierchaves.mg.gov.br\/prefeitura\/wp-content\/uploads\/2022\/03\/11-EDITAL-2-RETIFICADO-AQUISICAO-VAN.pdf\">2\u00ba EDITAL RETIFICADO<\/a>, publicado em 17\/03\/2022 \u00e0s 10:53h.<\/li>\n<li><a href=\"http:\/\/coronelxavierchaves.mg.gov.br\/prefeitura\/wp-content\/uploads\/2022\/03\/17-CONTRATO-VEICULOS-VAN.pdf\">CONTRATO<\/a>, publicado em 31\/03\/2022 \u00e0s 16:39h.<\/li>\n<\/ul>\n<p>&nbsp;<\/p>\n<div style=\"text-align: justify;\">\n<p style=\"text-align: left;\"><strong style=\"text-align: justify; color: #222222; font-family: Verdana, Geneva, sans-serif; font-size: 15px;\"><u>AVISO DE LICITA\u00c7\u00c3O<\/u><\/strong><\/p>\n<div>\n<div style=\"text-align: justify;\">\n<p style=\"font-weight: 400;\">Prefeitura Municipal de Coronel Xavier Chaves\/MG. Aviso de\u00a0Licita\u00e7\u00e3o<b>\u00a0&#8211; Processo Licitat\u00f3rio \u2013 21\/2022, Preg\u00e3o Presencial \u2013 13\/2022,\u00a0do tipo\u00a0<\/b><b>MENOR PRE\u00c7O POR ITEM<\/b><b>\u00a0<\/b><b>&#8211; Objeto:\u00a0<\/b><b><u>AQUISI\u00c7\u00c3O DE UM VE\u00cdCULO TIPO VAN, COM ACESSIBILIDADE A CADEIRANTE, A SER UTILIZADO NO TRANSPORTE SANIT\u00c1RIO ELETIVO DE PACIENTES, PARA TRATAMENTO ESPECIALIZADO EM CONSULTAS, EXAMES E OUTROS, CONFORME RESOLU\u00c7\u00c3O SES\/MG N\u00ba 7.791 DE 21 DE OUTUBRO DE 2021<i>.<\/i><\/u><\/b><b><i>\u00a0<\/i><\/b><u>Credenciamento<\/u>:\u00a0<b>22\/03\/2022 das 08h00min \u00e0s 08h15min.\u00a0<\/b><u>Abertura:<\/u><b>\u00a022\/03\/2022, ap\u00f3s o credenciamento.<\/b>\u00a0O edital est\u00e1 dispon\u00edvel no Site-\u00a0\u201c<a href=\"http:\/\/www.coronelxavierchaves.mg.gov.br\/\" target=\"_blank\" rel=\"noopener\" data-saferedirecturl=\"https:\/\/www.google.com\/url?q=http:\/\/www.coronelxavierchaves.mg.gov.br&amp;source=gmail&amp;ust=1646854623666000&amp;usg=AOvVaw0VHSTzmjF_9ziiyoU7RMFt\">www.<wbr \/>coronelxavierchaves.mg.gov.br<\/a>&#8220;<wbr \/>, informa\u00e7\u00f5es\u00a0na prefeitura municipal \u00e0 Rua Padre Reis, 84, Centro, Coronel Xavier Chaves\/MG, no hor\u00e1rio de 08h00min as 12h00min e de 13h00min as 16h00min. Tel.:\u00a0<a href=\"tel:%2832%29%203357-1235\" target=\"_blank\" rel=\"noopener\">(32) 3357-1235<\/a>. Coronel Xavier Chaves, 08 de mar\u00e7o de 2022. Beatriz Rayze de Resende &#8211; Pregoeira<\/p>\n<\/div>\n<\/div>\n<\/div>\n<p>&nbsp;<\/p>\n<div class=\"printshowonly\">\n<p>*<b>PUBLICA\u00c7\u00c3O<\/b><\/p>\n<ul>\n<li>Um destaque desta publica\u00e7\u00e3o foi gerado na p\u00e1gina inicial do site, dispon\u00edvel at\u00e9 que demais publica\u00e7\u00f5es sejam realizadas.<\/li>\n<li>Uma publica\u00e7\u00e3o permanente foi feita na p\u00e1gina de Editais e Licita\u00e7\u00f5es.<\/li>\n<li>Link para acesso:\u00a0http:\/\/coronelxavierchaves.mg.gov.br\/prefeitura\/wp-json\/wp\/v2\/posts\/13700<\/li>\n<\/ul>\n<\/div>\n","protected":false},"excerpt":{"rendered":"<p>DOWNLOADS EDITAL, publicado em 08\/03\/2022 \u00e0s 16:45h. Retificado em 16\/03\/2022. ERRATA, publicado em 16\/03\/2022 \u00e0s 13:45h. EDITAL RETIFICADO, publicado em 16\/03\/2022 \u00e0s 13:45h. Retificado em 17\/03\/2022 2\u00aa ERRATA, publicado em 17\/03\/2022 \u00e0s 10:53h. 2\u00ba EDITAL RETIFICADO, publicado em 17\/03\/2022 \u00e0s 10:53h. CONTRATO, publicado em 31\/03\/2022 \u00e0s 16:39h. &nbsp; AVISO DE LICITA\u00c7\u00c3O Prefeitura Municipal de Coronel [&hellip;]<\/p>\n","protected":false},"author":3,"featured_media":4367,"comment_status":"open","ping_status":"open","sticky":false,"template":"","format":"standard","meta":{"footnotes":"","_links_to":"","_links_to_target":""},"categories":[102],"tags":[],"class_list":{"0":"post-13700","1":"post","2":"type-post","3":"status-publish","4":"format-standard","5":"has-post-thumbnail","7":"category-editais-de-licitacao-2022"},"_links":{"self":[{"href":"https:\/\/coronelxavierchaves.mg.gov.br\/prefeitura\/wp-json\/wp\/v2\/posts\/13700","targetHints":{"allow":["GET"]}}],"collection":[{"href":"https:\/\/coronelxavierchaves.mg.gov.br\/prefeitura\/wp-json\/wp\/v2\/posts"}],"about":[{"href":"https:\/\/coronelxavierchaves.mg.gov.br\/prefeitura\/wp-json\/wp\/v2\/types\/post"}],"author":[{"embeddable":true,"href":"https:\/\/coronelxavierchaves.mg.gov.br\/prefeitura\/wp-json\/wp\/v2\/users\/3"}],"replies":[{"embeddable":true,"href":"https:\/\/coronelxavierchaves.mg.gov.br\/prefeitura\/wp-json\/wp\/v2\/comments?post=13700"}],"version-history":[{"count":5,"href":"https:\/\/coronelxavierchaves.mg.gov.br\/prefeitura\/wp-json\/wp\/v2\/posts\/13700\/revisions"}],"predecessor-version":[{"id":13898,"href":"https:\/\/coronelxavierchaves.mg.gov.br\/prefeitura\/wp-json\/wp\/v2\/posts\/13700\/revisions\/13898"}],"wp:featuredmedia":[{"embeddable":true,"href":"https:\/\/coronelxavierchaves.mg.gov.br\/prefeitura\/wp-json\/wp\/v2\/media\/4367"}],"wp:attachment":[{"href":"https:\/\/coronelxavierchaves.mg.gov.br\/prefeitura\/wp-json\/wp\/v2\/media?parent=13700"}],"wp:term":[{"taxonomy":"category","embeddable":true,"href":"https:\/\/coronelxavierchaves.mg.gov.br\/prefeitura\/wp-json\/wp\/v2\/categories?post=13700"},{"taxonomy":"post_tag","embeddable":true,"href":"https:\/\/coronelxavierchaves.mg.gov.br\/prefeitura\/wp-json\/wp\/v2\/tags?post=13700"}],"curies":[{"name":"wp","href":"https:\/\/api.w.org\/{rel}","templated":true}]}}