{"id":13865,"date":"2022-03-23T15:55:44","date_gmt":"2022-03-23T18:55:44","guid":{"rendered":"http:\/\/coronelxavierchaves.mg.gov.br\/prefeitura\/?p=13865"},"modified":"2022-12-05T08:39:17","modified_gmt":"2022-12-05T11:39:17","slug":"aquisicao-de-material-medico-hospitalar-pl-24-2022","status":"publish","type":"post","link":"https:\/\/coronelxavierchaves.mg.gov.br\/prefeitura\/2022\/03\/23\/aquisicao-de-material-medico-hospitalar-pl-24-2022\/","title":{"rendered":"Aquisi\u00e7\u00e3o de material m\u00e9dico-hospitalar (PL 24\/2022)"},"content":{"rendered":"<blockquote><p>DOWNLOADS<\/p><\/blockquote>\n<ul>\n<li><del><a href=\"http:\/\/coronelxavierchaves.mg.gov.br\/prefeitura\/wp-content\/uploads\/2022\/03\/04-EDITAL-AQUISICAO-MATERIAL-HOSPITALAR-2022.pdf\">EDITAL<\/a>, publicado em 23\/03\/2022 \u00e0s 15:55h.<\/del> Retificado em 01\/04\/2022.\n<ul>\n<li><a href=\"http:\/\/www.coronelxavierchaves.mg.gov.br\/site\/proposta.exe\" target=\"_blank\" rel=\"noopener noreferrer\">BAIXAR SOFTWARE PARA PROPOSTA<\/a><\/li>\n<li><a href=\"http:\/\/coronelxavierchaves.mg.gov.br\/prefeitura\/others\/processo00002422.xml\">ARQUIVO XML<\/a><\/li>\n<\/ul>\n<\/li>\n<li><a href=\"http:\/\/coronelxavierchaves.mg.gov.br\/prefeitura\/wp-content\/uploads\/2022\/04\/07-ERRATA-AQUISICAO-MATERIAL-HOSPITALAR.pdf\">ERRATA<\/a>, publicado em 01\/04\/2022 \u00e0s 16:23h.<\/li>\n<li><a href=\"http:\/\/coronelxavierchaves.mg.gov.br\/prefeitura\/wp-content\/uploads\/2022\/04\/04-EDITAL-AQUISICAO-MATERIAL-HOSPITALAR-2022-RETIFICADO.pdf\">EDITAL RETIFICADO<\/a>, publicado em 01\/04\/2022 \u00e0s 16:23h.<\/li>\n<li><a href=\"http:\/\/coronelxavierchaves.mg.gov.br\/prefeitura\/wp-content\/uploads\/2022\/04\/ATA-DE-REGISTRO-DE-PRECO-ATUANTE-PUBLICAR.pdf\">ATA DE REGISTRO DE PRE\u00c7OS: ATUANTE<\/a>, publicado em 27\/04\/2022 \u00e0s 16:15h.<\/li>\n<li><a href=\"http:\/\/coronelxavierchaves.mg.gov.br\/prefeitura\/wp-content\/uploads\/2022\/04\/ATA-DE-REGISTRO-DE-PRECO-CONEXAO-MEDICA-PUBLICAR.pdf\">ATA DE REGISTRO DE PRE\u00c7OS: CONEXAO MEDICA<\/a>, publicado em 27\/04\/2022 \u00e0s 16:15h.<\/li>\n<li><a href=\"http:\/\/coronelxavierchaves.mg.gov.br\/prefeitura\/wp-content\/uploads\/2022\/04\/ATA-DE-REGISTRO-DE-PRECO-EMENALI-PUBLICAR.pdf\">ATA DE REGISTRO DE PRE\u00c7OS: EMENALI<\/a>, publicado em 27\/04\/2022 \u00e0s 16:15h.<\/li>\n<li><a href=\"http:\/\/coronelxavierchaves.mg.gov.br\/prefeitura\/wp-content\/uploads\/2022\/04\/ATA-DE-REGISTRO-DE-PRECO-HEALTH-PUBLICAR.pdf\">ATA DE REGISTRO DE PRE\u00c7OS: HEALTH<\/a>, publicado em 27\/04\/2022 \u00e0s 16:15h.<\/li>\n<li><a href=\"http:\/\/coronelxavierchaves.mg.gov.br\/prefeitura\/wp-content\/uploads\/2022\/04\/ATA-DE-REGISTRO-DE-PRECO-JOAQUIM-PUBLICAR.pdf\">ATA DE REGISTRO DE PRE\u00c7OS: JOAQUIM<\/a>, publicado em 27\/04\/2022 \u00e0s 16:15h.<\/li>\n<li><a href=\"http:\/\/coronelxavierchaves.mg.gov.br\/prefeitura\/wp-content\/uploads\/2022\/04\/ATA-DE-REGISTRO-DE-PRECO-MAT-MED-PUBLICAR.pdf\">ATA DE REGISTRO DE PRE\u00c7OS: MAT MED<\/a>, publicado em 27\/04\/2022 \u00e0s 16:15h.<\/li>\n<li><a href=\"http:\/\/coronelxavierchaves.mg.gov.br\/prefeitura\/wp-content\/uploads\/2022\/04\/ATA-DE-REGISTRO-DE-PRECO-MED-MAIS-PUBLICAR.pdf\">ATA DE REGISTRO DE PRE\u00c7OS: MED MAIS<\/a>, publicado em 27\/04\/2022 \u00e0s 16:15h.<\/li>\n<li><a href=\"http:\/\/coronelxavierchaves.mg.gov.br\/prefeitura\/wp-content\/uploads\/2022\/04\/ATA-DE-REGISTRO-DE-PRECO-PROATIVA-PUBLICAR.pdf\">ATA DE REGISTRO DE PRE\u00c7OS: ROATIVA<\/a>, publicado em 27\/04\/2022 \u00e0s 16:15h.<\/li>\n<li><a href=\"http:\/\/coronelxavierchaves.mg.gov.br\/prefeitura\/wp-content\/uploads\/2022\/04\/ATA-DE-REGISTRO-DE-PRECO-PROCIR-PUBLICAR.pdf\">ATA DE REGISTRO DE PRE\u00c7OS: PROCIR<\/a>, publicado em 27\/04\/2022 \u00e0s 16:15h.<\/li>\n<li><a href=\"http:\/\/coronelxavierchaves.mg.gov.br\/prefeitura\/wp-content\/uploads\/2022\/04\/ATA-DE-REGISTRO-DE-PRECO-RCD-PUBLICAR.pdf\">ATA DE REGISTRO DE PRE\u00c7OS: RCD<\/a>, publicado em 27\/04\/2022 \u00e0s 16:15h.<\/li>\n<li><a href=\"http:\/\/coronelxavierchaves.mg.gov.br\/prefeitura\/wp-content\/uploads\/2022\/07\/REALINHAMENTO-DE-PRECOS-PROCIR-PUBLICAR.pdf\">1\u00ba TERMO REALINHAMENTO PRE\u00c7OS: PROCIR<\/a>, publicado em 14\/07\/2022 \u00e0s 11:40h.<\/li>\n<li><a href=\"http:\/\/coronelxavierchaves.mg.gov.br\/prefeitura\/wp-content\/uploads\/2022\/12\/REALINHAMENTO-DE-PRECOS-HEALTH-1o-REAJUSTE-PUBLICAR.pdf\">1\u00ba TERMO REALINHAMENTO PRE\u00c7OS: HEALTH<\/a>, publicado em 05\/12\/2022 \u00e0s 08:39h.<\/li>\n<\/ul>\n<p>&nbsp;<\/p>\n<div style=\"text-align: justify;\">\n<p style=\"text-align: left;\"><strong style=\"text-align: justify; color: #222222; font-family: Verdana, Geneva, sans-serif; font-size: 15px;\"><u>AVISO DE LICITA\u00c7\u00c3O<\/u><\/strong><\/p>\n<div>\n<div style=\"text-align: justify;\">\n<p style=\"font-weight: 400;\">Prefeitura Municipal de Coronel Xavier Chaves\/MG. Aviso de\u00a0Licita\u00e7\u00e3o<b>\u00a0&#8211; Processo Licitat\u00f3rio \u2013 24\/2022, Preg\u00e3o Presencial para Registro De Pre\u00e7os \u2013 15\/2022,\u00a0do tipo\u00a0<\/b><b>MENOR PRE\u00c7O POR ITEM.\u00a0<\/b><b><u>Objeto:<\/u><\/b><b>\u00a0<\/b><b><u>AQUISI\u00c7\u00c3O DE MATERIAL M\u00c9DICO-HOSPITALAR, PARA UTILIZA\u00c7\u00c3O DAS UNIDADES DE SA\u00daDE DO MUNIC\u00cdPIO DE CORONEL XAVIER CHAVES<\/u><\/b><b><i>.\u00a0<\/i><\/b><u>Credenciamento<\/u>:\u00a0<b>06\/04\/2022 das 08h00min \u00e0s 08h15min.\u00a0<\/b><u>Abertura:<\/u><b>\u00a006\/04\/2022, ap\u00f3s o credenciamento.<\/b>\u00a0O edital est\u00e1 dispon\u00edvel no Site-\u201c<a href=\"http:\/\/www.coronelxavierchaves.mg.gov.br\/\" target=\"_blank\" rel=\"noopener\" data-saferedirecturl=\"https:\/\/www.google.com\/url?q=http:\/\/www.coronelxavierchaves.mg.gov.br&amp;source=gmail&amp;ust=1648147093770000&amp;usg=AOvVaw2-35qcC2HZk4tzgDqZjTLe\">www.coronelxavierchaves.<wbr \/>mg.gov.br<\/a>&#8220;, informa\u00e7\u00f5es\u00a0na prefeitura municipal \u00e0 Rua Padre Reis, 84, Centro, Coronel Xavier Chaves\/MG, no hor\u00e1rio de 08h00min as 12h00min e de 13h00min as 16h00min. Tel.:\u00a0<a href=\"tel:%2832%29%203357-1235\" target=\"_blank\" rel=\"noopener\">(32) 3357-1235<\/a>. Coronel Xavier Chaves, 23 de mar\u00e7o de 2022. Beatriz Rayze de Resende &#8211; Pregoeira.<\/p>\n<\/div>\n<\/div>\n<\/div>\n<p>&nbsp;<\/p>\n<div class=\"printshowonly\">\n<p>*<b>PUBLICA\u00c7\u00c3O<\/b><\/p>\n<ul>\n<li>Um destaque desta publica\u00e7\u00e3o foi gerado na p\u00e1gina inicial do site, dispon\u00edvel at\u00e9 que demais publica\u00e7\u00f5es sejam realizadas.<\/li>\n<li>Uma publica\u00e7\u00e3o permanente foi feita na p\u00e1gina de Editais e Licita\u00e7\u00f5es.<\/li>\n<li>Link para acesso:\u00a0http:\/\/coronelxavierchaves.mg.gov.br\/prefeitura\/wp-json\/wp\/v2\/posts\/13865<\/li>\n<\/ul>\n<\/div>\n","protected":false},"excerpt":{"rendered":"<p>DOWNLOADS EDITAL, publicado em 23\/03\/2022 \u00e0s 15:55h. Retificado em 01\/04\/2022. BAIXAR SOFTWARE PARA PROPOSTA ARQUIVO XML ERRATA, publicado em 01\/04\/2022 \u00e0s 16:23h. EDITAL RETIFICADO, publicado em 01\/04\/2022 \u00e0s 16:23h. ATA DE REGISTRO DE PRE\u00c7OS: ATUANTE, publicado em 27\/04\/2022 \u00e0s 16:15h. ATA DE REGISTRO DE PRE\u00c7OS: CONEXAO MEDICA, publicado em 27\/04\/2022 \u00e0s 16:15h. ATA DE REGISTRO [&hellip;]<\/p>\n","protected":false},"author":3,"featured_media":4367,"comment_status":"open","ping_status":"open","sticky":false,"template":"","format":"standard","meta":{"footnotes":"","_links_to":"","_links_to_target":""},"categories":[102],"tags":[],"class_list":{"0":"post-13865","1":"post","2":"type-post","3":"status-publish","4":"format-standard","5":"has-post-thumbnail","7":"category-editais-de-licitacao-2022"},"_links":{"self":[{"href":"https:\/\/coronelxavierchaves.mg.gov.br\/prefeitura\/wp-json\/wp\/v2\/posts\/13865","targetHints":{"allow":["GET"]}}],"collection":[{"href":"https:\/\/coronelxavierchaves.mg.gov.br\/prefeitura\/wp-json\/wp\/v2\/posts"}],"about":[{"href":"https:\/\/coronelxavierchaves.mg.gov.br\/prefeitura\/wp-json\/wp\/v2\/types\/post"}],"author":[{"embeddable":true,"href":"https:\/\/coronelxavierchaves.mg.gov.br\/prefeitura\/wp-json\/wp\/v2\/users\/3"}],"replies":[{"embeddable":true,"href":"https:\/\/coronelxavierchaves.mg.gov.br\/prefeitura\/wp-json\/wp\/v2\/comments?post=13865"}],"version-history":[{"count":8,"href":"https:\/\/coronelxavierchaves.mg.gov.br\/prefeitura\/wp-json\/wp\/v2\/posts\/13865\/revisions"}],"predecessor-version":[{"id":15604,"href":"https:\/\/coronelxavierchaves.mg.gov.br\/prefeitura\/wp-json\/wp\/v2\/posts\/13865\/revisions\/15604"}],"wp:featuredmedia":[{"embeddable":true,"href":"https:\/\/coronelxavierchaves.mg.gov.br\/prefeitura\/wp-json\/wp\/v2\/media\/4367"}],"wp:attachment":[{"href":"https:\/\/coronelxavierchaves.mg.gov.br\/prefeitura\/wp-json\/wp\/v2\/media?parent=13865"}],"wp:term":[{"taxonomy":"category","embeddable":true,"href":"https:\/\/coronelxavierchaves.mg.gov.br\/prefeitura\/wp-json\/wp\/v2\/categories?post=13865"},{"taxonomy":"post_tag","embeddable":true,"href":"https:\/\/coronelxavierchaves.mg.gov.br\/prefeitura\/wp-json\/wp\/v2\/tags?post=13865"}],"curies":[{"name":"wp","href":"https:\/\/api.w.org\/{rel}","templated":true}]}}