{"id":13869,"date":"2022-03-28T12:13:02","date_gmt":"2022-03-28T15:13:02","guid":{"rendered":"http:\/\/coronelxavierchaves.mg.gov.br\/prefeitura\/?p=13869"},"modified":"2025-05-07T10:57:23","modified_gmt":"2025-05-07T13:57:23","slug":"contratacao-de-empresa-especializada-para-realizar-pavimentacao-asfaltica-pl-25-2022","status":"publish","type":"post","link":"https:\/\/coronelxavierchaves.mg.gov.br\/prefeitura\/2022\/03\/28\/contratacao-de-empresa-especializada-para-realizar-pavimentacao-asfaltica-pl-25-2022\/","title":{"rendered":"Contrata\u00e7\u00e3o de empresa especializada para realizar pavimenta\u00e7\u00e3o asf\u00e1ltica&#8230; (PL 25\/2022)"},"content":{"rendered":"<blockquote><p>DOWNLOADS<\/p><\/blockquote>\n<ul>\n<li><del><a href=\"http:\/\/coronelxavierchaves.mg.gov.br\/prefeitura\/wp-content\/uploads\/2022\/03\/EDITAL-PAVIMENTACAO-DA-ESTRADA-DE-LIGACAO-ENTRE-CORONEL-XAVIER-CHAVES-E-RESENDE-COSTA.pdf\">EDITAL<\/a>, publicado em 28\/03\/2022 \u00e0s 12:12h.<\/del> Retificado em 25\/04\/2022.<\/li>\n<li><a href=\"http:\/\/coronelxavierchaves.mg.gov.br\/prefeitura\/wp-content\/uploads\/2022\/04\/07-ERRATA-PAV-ESTRADA-CXC-RC.pdf\">ERRATA<\/a>, publicado em 25\/04\/2022 \u00e0s 15:25h.<\/li>\n<li><a href=\"http:\/\/coronelxavierchaves.mg.gov.br\/prefeitura\/wp-content\/uploads\/2022\/04\/04-EDITAL-RETIFICADO-PAVIMENTACAO-DA-ESTRADA-DE-LIGACAO-ENTRE-CORONEL-XAVIER-CHAVES-E-RESENDE-COSTA.pdf\">EDITAL RETIFICADO<\/a>, publicado em 25\/04\/2022 \u00e0s 15:25h.<\/li>\n<li><a href=\"http:\/\/coronelxavierchaves.mg.gov.br\/prefeitura\/wp-content\/uploads\/2022\/04\/09-RESULTADO-OBRA-PAV-ESTRADA-CXC-RC.pdf\">RESULTADO<\/a>, publicado em 28\/04\/2022 \u00e0s 11:28h.<\/li>\n<li><a href=\"http:\/\/coronelxavierchaves.mg.gov.br\/prefeitura\/wp-content\/uploads\/2022\/05\/14-CONTRATO-OBRA-OBRA-PAV-ESTRADA-CXC-RC-PUBLICAR.pdf\">CONTRATO<\/a>, publicado em 18\/05\/2022 \u00e0s 12:09h.<\/li>\n<li><a href=\"http:\/\/coronelxavierchaves.mg.gov.br\/prefeitura\/wp-content\/uploads\/2022\/05\/15-ORDEM-DE-SERVICO-OBRA-PAV-ESTRADA-CXC-RC-PUBLICAR.pdf\">ORDEM DE SERVI\u00c7O<\/a>, publicado em 18\/05\/2022 \u00e0s 12:09h.<\/li>\n<li><a href=\"http:\/\/coronelxavierchaves.mg.gov.br\/prefeitura\/wp-content\/uploads\/2023\/02\/1o-TERMO-ADITIVO-LOREDO-publicar.pdf\">1\u00ba TERMO ADITIVO<\/a>, publicado em 17\/02\/2023 \u00e0s 15:14h.<\/li>\n<li><a href=\"http:\/\/coronelxavierchaves.mg.gov.br\/prefeitura\/wp-content\/uploads\/2023\/05\/2o-TERMO-ADITIVO-LOREDO-PUBLICAR.pdf\">2\u00ba TERMO ADITIVO<\/a>, publicado em 11\/05\/2023 \u00e0s 15:31h.<\/li>\n<li><a href=\"https:\/\/coronelxavierchaves.mg.gov.br\/prefeitura\/wp-content\/uploads\/2023\/06\/3o-TERMO-ADITIVO-LOREDO-PUBLICAR.pdf\">3\u00ba TERMO ADITIVO<\/a>, publicado em 21\/06\/2023 \u00e0s 15:52h.<\/li>\n<li><a href=\"https:\/\/coronelxavierchaves.mg.gov.br\/prefeitura\/wp-content\/uploads\/2023\/09\/4o-TERMO-ADITAMENTO-DE-SUPRESSAO-25-2022.pdf\">4\u00ba TERMO ADITIVO<\/a>, publicado em 22\/09\/2023 \u00e0s 11:01h.<\/li>\n<li><a href=\"https:\/\/coronelxavierchaves.mg.gov.br\/prefeitura\/wp-content\/uploads\/2024\/01\/5o-TERMO-ADITIVO-LOREDO-25-2022.pdf\">5\u00ba TERMO ADITIVO<\/a>, publicado em 03\/01\/2024 \u00e0s 08:57h.<\/li>\n<li><a href=\"https:\/\/coronelxavierchaves.mg.gov.br\/prefeitura\/wp-content\/uploads\/2024\/07\/6o-TERMO-ADITIVO-LOREDO-25-2022.pdf\">6\u00ba TERMO ADITIVO<\/a>, publicado em 23\/07\/2024 \u00e0s 11:09h.<\/li>\n<li><a href=\"https:\/\/coronelxavierchaves.mg.gov.br\/prefeitura\/wp-content\/uploads\/2025\/01\/7o-TERMO-ADITIVO-LOREDO-25-2022.pdf\">7\u00ba TERMO ADITIVO<\/a>, publicado em 13\/01\/2025 \u00e0s 10:58h.<\/li>\n<li><a href=\"https:\/\/coronelxavierchaves.mg.gov.br\/prefeitura\/wp-content\/uploads\/2025\/04\/8o-TERMO-ADITIVO-LOREDO-25-2022.pdf\">8\u00ba TERMO ADITIVO<\/a>, publicado em 02\/04\/2025 \u00e0s 09:35h.<\/li>\n<li><a href=\"https:\/\/coronelxavierchaves.mg.gov.br\/prefeitura\/wp-content\/uploads\/2025\/04\/9o-TA-LOREDO-25-2022.pdf\">9\u00ba TERMO ADITIVO<\/a>, publicado em 29\/04\/2025 \u00e0s 09:50h.<\/li>\n<li><a href=\"https:\/\/coronelxavierchaves.mg.gov.br\/prefeitura\/wp-content\/uploads\/2025\/05\/10o-TA-SUPRESSAO-PAV-ESTRADA-CXC-RC-25-2022.pdf\">10\u00ba TERMO ADITIVO<\/a>, publicado em 07\/05\/2025 \u00e0s 10:57h.<\/li>\n<\/ul>\n<p>&nbsp;<\/p>\n<div style=\"text-align: justify;\">\n<p style=\"text-align: left;\"><strong style=\"text-align: justify; color: #222222; font-family: Verdana, Geneva, sans-serif; font-size: 15px;\"><u>AVISO DE LICITA\u00c7\u00c3O<\/u><\/strong><\/p>\n<div>\n<div style=\"text-align: justify;\">\n<p>Prefeitura Municipal de Coronel Xavier Chaves\/MG.\u00a0<strong>Aviso de\u00a0Licita\u00e7\u00e3o\u00a0&#8211; Processo Licitat\u00f3rio 25\/2022, Concorr\u00eancia 01\/2022, do tipo\u00a0<u>Menor Pre\u00e7o Global<\/u>. Objeto<em>:\u00a0<\/em><u>CONTRATA\u00c7\u00c3O DE EMPRESA ESPECIALIZADA PARA REALIZAR PAVIMENTA\u00c7\u00c3O ASF\u00c1LTICA DA ESTRADA DE LIGA\u00c7\u00c3O ENTRE OS MUNIC\u00cdPIOS DE CORONEL XAVIER CHAVES E RESENDE COSTA<\/u><u>.<\/u>\u00a0<\/strong>Certificado de Registro Cadastral &#8211; CRC\u00a0 e Visita T\u00e9cnica (facultativa):\u00a0<strong><u>at\u00e9 25\/04\/2022<\/u><\/strong>. Abertura da sess\u00e3o p\u00fablica:\u00a0<strong><u>28\/04\/2022 \u00e0s 8h00min<\/u>.<\/strong>\u00a0O edital est\u00e1 dispon\u00edvel no Site &#8211;\u00a0\u201c<a href=\"http:\/\/www.coronelxavierchaves.mg.gov.br\/\" data-saferedirecturl=\"https:\/\/www.google.com\/url?q=http:\/\/www.coronelxavierchaves.mg.gov.br&amp;source=gmail&amp;ust=1648565704623000&amp;usg=AOvVaw3-GLUsISToiVR9JYTG1o-9\">www.coronelxavierchaves.mg.gov.br<\/a>&#8220;, informa\u00e7\u00f5es\u00a0na Prefeitura Municipal \u00e0 Rua Padre Reis, 84, Centro, Coronel Xavier Chaves, MG, no hor\u00e1rio de 08h00min \u00e0s 11h00min e de 12h00min \u00e0s 16h00min. Tel.:\u00a0<a href=\"tel:%2832%29%203357-1235\">(32) 3357-1235<\/a>.\u00a0Coronel Xavier Chaves, 28 de mar\u00e7o de 2022.\u00a0Juliana Jaques Camargos \u2013 Presidente da CPL.<\/p>\n<\/div>\n<\/div>\n<\/div>\n<p>&nbsp;<\/p>\n<div class=\"printshowonly\">\n<p>*<b>PUBLICA\u00c7\u00c3O<\/b><\/p>\n<ul>\n<li>Um destaque desta publica\u00e7\u00e3o foi gerado na p\u00e1gina inicial do site, dispon\u00edvel at\u00e9 que demais publica\u00e7\u00f5es sejam realizadas.<\/li>\n<li>Uma publica\u00e7\u00e3o permanente foi feita na p\u00e1gina de Editais e Licita\u00e7\u00f5es.<\/li>\n<li>Link para acesso:\u00a0http:\/\/coronelxavierchaves.mg.gov.br\/prefeitura\/wp-json\/wp\/v2\/posts\/13869<\/li>\n<\/ul>\n<\/div>\n","protected":false},"excerpt":{"rendered":"<p>DOWNLOADS EDITAL, publicado em 28\/03\/2022 \u00e0s 12:12h. Retificado em 25\/04\/2022. ERRATA, publicado em 25\/04\/2022 \u00e0s 15:25h. EDITAL RETIFICADO, publicado em 25\/04\/2022 \u00e0s 15:25h. RESULTADO, publicado em 28\/04\/2022 \u00e0s 11:28h. CONTRATO, publicado em 18\/05\/2022 \u00e0s 12:09h. ORDEM DE SERVI\u00c7O, publicado em 18\/05\/2022 \u00e0s 12:09h. 1\u00ba TERMO ADITIVO, publicado em 17\/02\/2023 \u00e0s 15:14h. 2\u00ba TERMO ADITIVO, publicado [&hellip;]<\/p>\n","protected":false},"author":3,"featured_media":4367,"comment_status":"closed","ping_status":"closed","sticky":false,"template":"","format":"standard","meta":{"footnotes":"","_links_to":"","_links_to_target":""},"categories":[102],"tags":[],"class_list":{"0":"post-13869","1":"post","2":"type-post","3":"status-publish","4":"format-standard","5":"has-post-thumbnail","7":"category-editais-de-licitacao-2022"},"_links":{"self":[{"href":"https:\/\/coronelxavierchaves.mg.gov.br\/prefeitura\/wp-json\/wp\/v2\/posts\/13869","targetHints":{"allow":["GET"]}}],"collection":[{"href":"https:\/\/coronelxavierchaves.mg.gov.br\/prefeitura\/wp-json\/wp\/v2\/posts"}],"about":[{"href":"https:\/\/coronelxavierchaves.mg.gov.br\/prefeitura\/wp-json\/wp\/v2\/types\/post"}],"author":[{"embeddable":true,"href":"https:\/\/coronelxavierchaves.mg.gov.br\/prefeitura\/wp-json\/wp\/v2\/users\/3"}],"replies":[{"embeddable":true,"href":"https:\/\/coronelxavierchaves.mg.gov.br\/prefeitura\/wp-json\/wp\/v2\/comments?post=13869"}],"version-history":[{"count":16,"href":"https:\/\/coronelxavierchaves.mg.gov.br\/prefeitura\/wp-json\/wp\/v2\/posts\/13869\/revisions"}],"predecessor-version":[{"id":23676,"href":"https:\/\/coronelxavierchaves.mg.gov.br\/prefeitura\/wp-json\/wp\/v2\/posts\/13869\/revisions\/23676"}],"wp:featuredmedia":[{"embeddable":true,"href":"https:\/\/coronelxavierchaves.mg.gov.br\/prefeitura\/wp-json\/wp\/v2\/media\/4367"}],"wp:attachment":[{"href":"https:\/\/coronelxavierchaves.mg.gov.br\/prefeitura\/wp-json\/wp\/v2\/media?parent=13869"}],"wp:term":[{"taxonomy":"category","embeddable":true,"href":"https:\/\/coronelxavierchaves.mg.gov.br\/prefeitura\/wp-json\/wp\/v2\/categories?post=13869"},{"taxonomy":"post_tag","embeddable":true,"href":"https:\/\/coronelxavierchaves.mg.gov.br\/prefeitura\/wp-json\/wp\/v2\/tags?post=13869"}],"curies":[{"name":"wp","href":"https:\/\/api.w.org\/{rel}","templated":true}]}}