{"id":13876,"date":"2022-03-29T14:52:11","date_gmt":"2022-03-29T17:52:11","guid":{"rendered":"http:\/\/coronelxavierchaves.mg.gov.br\/prefeitura\/?p=13876"},"modified":"2022-03-29T14:52:11","modified_gmt":"2022-03-29T17:52:11","slug":"convocacao-de-aprovados-em-concurso-publico-01-2017-auxiliar-de-servico-escolar-7","status":"publish","type":"post","link":"https:\/\/coronelxavierchaves.mg.gov.br\/prefeitura\/2022\/03\/29\/convocacao-de-aprovados-em-concurso-publico-01-2017-auxiliar-de-servico-escolar-7\/","title":{"rendered":"Convoca\u00e7\u00e3o de aprovados em Concurso P\u00fablico 01\/2017: Auxiliar de Servi\u00e7o Escolar"},"content":{"rendered":"<ul>\n<li><a href=\"http:\/\/coronelxavierchaves.mg.gov.br\/prefeitura\/wp-content\/uploads\/2022\/03\/EDITAL-DE-CONVOCACAO-AUXILIAR-DE-SERVICO-ESCOLAR2.pdf\">AUXILIAR DE SERVI\u00c7O ESCOLAR: CONTRATA\u00c7\u00c3O TEMPOR\u00c1RIA<\/a>, Publicado em 29\/03\/2022 \u00e0s 14:52h.<\/li>\n<\/ul>\n","protected":false},"excerpt":{"rendered":"<p>AUXILIAR DE SERVI\u00c7O ESCOLAR: CONTRATA\u00c7\u00c3O TEMPOR\u00c1RIA, Publicado em 29\/03\/2022 \u00e0s 14:52h.<\/p>\n","protected":false},"author":3,"featured_media":4366,"comment_status":"open","ping_status":"open","sticky":false,"template":"","format":"standard","meta":{"footnotes":"","_links_to":"","_links_to_target":""},"categories":[101],"tags":[],"class_list":{"0":"post-13876","1":"post","2":"type-post","3":"status-publish","4":"format-standard","5":"has-post-thumbnail","7":"category-editais-de-convocacao-e-contratacao-2022"},"_links":{"self":[{"href":"https:\/\/coronelxavierchaves.mg.gov.br\/prefeitura\/wp-json\/wp\/v2\/posts\/13876","targetHints":{"allow":["GET"]}}],"collection":[{"href":"https:\/\/coronelxavierchaves.mg.gov.br\/prefeitura\/wp-json\/wp\/v2\/posts"}],"about":[{"href":"https:\/\/coronelxavierchaves.mg.gov.br\/prefeitura\/wp-json\/wp\/v2\/types\/post"}],"author":[{"embeddable":true,"href":"https:\/\/coronelxavierchaves.mg.gov.br\/prefeitura\/wp-json\/wp\/v2\/users\/3"}],"replies":[{"embeddable":true,"href":"https:\/\/coronelxavierchaves.mg.gov.br\/prefeitura\/wp-json\/wp\/v2\/comments?post=13876"}],"version-history":[{"count":1,"href":"https:\/\/coronelxavierchaves.mg.gov.br\/prefeitura\/wp-json\/wp\/v2\/posts\/13876\/revisions"}],"predecessor-version":[{"id":13878,"href":"https:\/\/coronelxavierchaves.mg.gov.br\/prefeitura\/wp-json\/wp\/v2\/posts\/13876\/revisions\/13878"}],"wp:featuredmedia":[{"embeddable":true,"href":"https:\/\/coronelxavierchaves.mg.gov.br\/prefeitura\/wp-json\/wp\/v2\/media\/4366"}],"wp:attachment":[{"href":"https:\/\/coronelxavierchaves.mg.gov.br\/prefeitura\/wp-json\/wp\/v2\/media?parent=13876"}],"wp:term":[{"taxonomy":"category","embeddable":true,"href":"https:\/\/coronelxavierchaves.mg.gov.br\/prefeitura\/wp-json\/wp\/v2\/categories?post=13876"},{"taxonomy":"post_tag","embeddable":true,"href":"https:\/\/coronelxavierchaves.mg.gov.br\/prefeitura\/wp-json\/wp\/v2\/tags?post=13876"}],"curies":[{"name":"wp","href":"https:\/\/api.w.org\/{rel}","templated":true}]}}