{"id":13891,"date":"2022-03-30T16:02:06","date_gmt":"2022-03-30T19:02:06","guid":{"rendered":"http:\/\/coronelxavierchaves.mg.gov.br\/prefeitura\/?p=13891"},"modified":"2022-04-27T16:25:26","modified_gmt":"2022-04-27T19:25:26","slug":"aquisicao-parcelada-de-equipamentos-de-informatica-eletronico-acessorios-e-afins-pl-27-2022","status":"publish","type":"post","link":"https:\/\/coronelxavierchaves.mg.gov.br\/prefeitura\/2022\/03\/30\/aquisicao-parcelada-de-equipamentos-de-informatica-eletronico-acessorios-e-afins-pl-27-2022\/","title":{"rendered":"Aquisi\u00e7\u00e3o parcelada de equipamentos de inform\u00e1tica, eletr\u00f4nico, acess\u00f3rios e afins (PL 27\/2022)"},"content":{"rendered":"<blockquote><p>DOWNLOADS<\/p><\/blockquote>\n<ul>\n<li><a href=\"http:\/\/coronelxavierchaves.mg.gov.br\/prefeitura\/wp-content\/uploads\/2022\/03\/04-EDITAL-AQUISICAO-MATERIAL-DE-INFORMATICA-2022.pdf\">EDITAL<\/a>, publicado em 30\/03\/2022 \u00e0s 16:02h.\n<ul>\n<li><a href=\"http:\/\/www.coronelxavierchaves.mg.gov.br\/site\/proposta.exe\" target=\"_blank\" rel=\"noopener noreferrer\">BAIXAR SOFTWARE PARA PROPOSTA<\/a><\/li>\n<li><a href=\"http:\/\/coronelxavierchaves.mg.gov.br\/prefeitura\/others\/processo00002722.xml\">ARQUIVO XML<\/a><\/li>\n<\/ul>\n<\/li>\n<li><a href=\"http:\/\/coronelxavierchaves.mg.gov.br\/prefeitura\/wp-content\/uploads\/2022\/04\/11-ATA-DE-REGISTRO-DE-PRECOS-BRUNO-PUBLICAR.pdf\">ATA DE REGISTRO DE PRE\u00c7OS: BRUNO<\/a>, publicado em 27\/04\/2022 \u00e0s 16:25h.<\/li>\n<li><a href=\"http:\/\/coronelxavierchaves.mg.gov.br\/prefeitura\/wp-content\/uploads\/2022\/04\/11-ATA-DE-REGISTRO-DE-PRECOS-FORT-PRINT-PUBLICAR.pdf\">ATA DE REGISTRO DE PRE\u00c7OS: FORT PRINT<\/a>, publicado em 27\/04\/2022 \u00e0s 16:25h.<\/li>\n<li><a href=\"http:\/\/coronelxavierchaves.mg.gov.br\/prefeitura\/wp-content\/uploads\/2022\/04\/11-ATA-DE-REGISTRO-DE-PRECOS-GUSTAVO-PUBLICAR.pdf\">ATA DE REGISTRO DE PRE\u00c7OS: GUSTAVO<\/a>, publicado em 27\/04\/2022 \u00e0s 16:25h.<\/li>\n<li><a href=\"http:\/\/coronelxavierchaves.mg.gov.br\/prefeitura\/wp-content\/uploads\/2022\/04\/11-ATA-DE-REGISTRO-DE-PRECOS-LUDMILA-PUBLICAR.pdf\">ATA DE REGISTRO DE PRE\u00c7OS: LUDMILA<\/a>, publicado em 27\/04\/2022 \u00e0s 16:25h.<\/li>\n<li><a href=\"http:\/\/coronelxavierchaves.mg.gov.br\/prefeitura\/wp-content\/uploads\/2022\/04\/11-ATA-DE-REGISTRO-DE-PRECOS-MAC-PUBLICAR.pdf\">ATA DE REGISTRO DE PRE\u00c7OS: MAC<\/a>, publicado em 27\/04\/2022 \u00e0s 16:25h.<\/li>\n<li><a href=\"http:\/\/coronelxavierchaves.mg.gov.br\/prefeitura\/wp-content\/uploads\/2022\/04\/11-ATA-DE-REGISTRO-DE-PRECOS-MASTERINFOR-PUBLICAR.pdf\">ATA DE REGISTRO DE PRE\u00c7OS: MASTERINFOR<\/a>, publicado em 27\/04\/2022 \u00e0s 16:25h.<\/li>\n<li><a href=\"http:\/\/coronelxavierchaves.mg.gov.br\/prefeitura\/wp-content\/uploads\/2022\/04\/11-ATA-DE-REGISTRO-DE-PRECOS-PAMPULHA-PUBLICAR.pdf\">ATA DE REGISTRO DE PRE\u00c7OS: PAMPULHA<\/a>, publicado em 27\/04\/2022 \u00e0s 16:25h.<\/li>\n<li><a href=\"http:\/\/coronelxavierchaves.mg.gov.br\/prefeitura\/wp-content\/uploads\/2022\/04\/11-ATA-DE-REGISTRO-DE-PRECOS-PANTANAL-PUBLICAR.pdf\">ATA DE REGISTRO DE PRE\u00c7OS: PANTANAL<\/a>, publicado em 27\/04\/2022 \u00e0s 16:25h.<\/li>\n<li><a href=\"http:\/\/coronelxavierchaves.mg.gov.br\/prefeitura\/wp-content\/uploads\/2022\/04\/11-ATA-DE-REGISTRO-DE-PRECOS-RAFAEL-PUBLICAR.pdf\">ATA DE REGISTRO DE PRE\u00c7OS: RAFAEL<\/a>, publicado em 27\/04\/2022 \u00e0s 16:25h.<\/li>\n<li><a href=\"http:\/\/coronelxavierchaves.mg.gov.br\/prefeitura\/wp-content\/uploads\/2022\/04\/11-ATA-DE-REGISTRO-DE-PRECOS-VANESSA-PUBLICAR.pdf\">ATA DE REGISTRO DE PRE\u00c7OS: VANESSA<\/a>, publicado em 27\/04\/2022 \u00e0s 16:25h.<\/li>\n<\/ul>\n<p>&nbsp;<\/p>\n<div style=\"text-align: justify;\">\n<p style=\"text-align: left;\"><strong style=\"text-align: justify; color: #222222; font-family: Verdana, Geneva, sans-serif; font-size: 15px;\"><u>AVISO DE LICITA\u00c7\u00c3O<\/u><\/strong><\/p>\n<div>\n<div style=\"text-align: justify;\">\n<p style=\"font-weight: 400;\">Prefeitura Municipal de Coronel Xavier Chaves\/MG. Aviso de\u00a0Licita\u00e7\u00e3o<b>\u00a0&#8211; Processo Licitat\u00f3rio \u2013\u00a0<\/b><b>27\/2022<\/b><b>, Preg\u00e3o Presencial para registro de pre\u00e7os \u2013 17\/2022, do tipo\u00a0<\/b><b>MENOR PRE\u00c7O POR ITEM.\u00a0<\/b><b>Objeto:<\/b><b><i>\u00a0<\/i><\/b><b><u>AQUISI\u00c7\u00c3O PARCELADA DE EQUIPAMENTOS DE INFORM\u00c1TICA, ELETR\u00d4NICO, ACESS\u00d3RIOS E AFINS PARA UTILIZA\u00c7\u00c3O DAS SECRETARIAS MUNICIPAIS<\/u><\/b><b><i>.\u00a0<\/i><\/b><u>Credenciamento<\/u>:\u00a0<b>12\/04\/2022 das 08h00min \u00e0s 08h15min.\u00a0<\/b><u>Abertura:<\/u><b>\u00a012\/04\/2022, ap\u00f3s o credenciamento.<\/b>\u00a0O edital est\u00e1 dispon\u00edvel no Site-\u201c<a href=\"http:\/\/www.coronelxavierchaves.mg.gov.br\/\" target=\"_blank\" rel=\"noopener\" data-saferedirecturl=\"https:\/\/www.google.com\/url?q=http:\/\/www.coronelxavierchaves.mg.gov.br&amp;source=gmail&amp;ust=1648752301156000&amp;usg=AOvVaw2qDDAYkpfJEON5zekv5tMl\">www.coronelxavierchaves.<wbr \/>mg.gov.br<\/a>&#8220;, informa\u00e7\u00f5es\u00a0na prefeitura municipal \u00e0 Rua Padre Reis, 84, Centro, Coronel Xavier Chaves\/MG, no hor\u00e1rio de 08h00min as 12h00min e de 13h00min as 16h00min. Tel.:\u00a0<a href=\"tel:%2832%29%203357-1235\" target=\"_blank\" rel=\"noopener\">(32) 3357-1235<\/a>. Coronel Xavier Chaves, 30 de mar\u00e7o de 2022. Beatriz Rayze de Resende &#8211; Pregoeira.<\/p>\n<\/div>\n<\/div>\n<\/div>\n<p>&nbsp;<\/p>\n<div class=\"printshowonly\">\n<p>*<b>PUBLICA\u00c7\u00c3O<\/b><\/p>\n<ul>\n<li>Um destaque desta publica\u00e7\u00e3o foi gerado na p\u00e1gina inicial do site, dispon\u00edvel at\u00e9 que demais publica\u00e7\u00f5es sejam realizadas.<\/li>\n<li>Uma publica\u00e7\u00e3o permanente foi feita na p\u00e1gina de Editais e Licita\u00e7\u00f5es.<\/li>\n<li>Link para acesso:\u00a0http:\/\/coronelxavierchaves.mg.gov.br\/prefeitura\/wp-json\/wp\/v2\/posts\/13891<\/li>\n<\/ul>\n<\/div>\n","protected":false},"excerpt":{"rendered":"<p>DOWNLOADS EDITAL, publicado em 30\/03\/2022 \u00e0s 16:02h. BAIXAR SOFTWARE PARA PROPOSTA ARQUIVO XML ATA DE REGISTRO DE PRE\u00c7OS: BRUNO, publicado em 27\/04\/2022 \u00e0s 16:25h. ATA DE REGISTRO DE PRE\u00c7OS: FORT PRINT, publicado em 27\/04\/2022 \u00e0s 16:25h. ATA DE REGISTRO DE PRE\u00c7OS: GUSTAVO, publicado em 27\/04\/2022 \u00e0s 16:25h. ATA DE REGISTRO DE PRE\u00c7OS: LUDMILA, publicado em [&hellip;]<\/p>\n","protected":false},"author":3,"featured_media":4367,"comment_status":"open","ping_status":"open","sticky":false,"template":"","format":"standard","meta":{"footnotes":"","_links_to":"","_links_to_target":""},"categories":[102],"tags":[],"class_list":{"0":"post-13891","1":"post","2":"type-post","3":"status-publish","4":"format-standard","5":"has-post-thumbnail","7":"category-editais-de-licitacao-2022"},"_links":{"self":[{"href":"https:\/\/coronelxavierchaves.mg.gov.br\/prefeitura\/wp-json\/wp\/v2\/posts\/13891","targetHints":{"allow":["GET"]}}],"collection":[{"href":"https:\/\/coronelxavierchaves.mg.gov.br\/prefeitura\/wp-json\/wp\/v2\/posts"}],"about":[{"href":"https:\/\/coronelxavierchaves.mg.gov.br\/prefeitura\/wp-json\/wp\/v2\/types\/post"}],"author":[{"embeddable":true,"href":"https:\/\/coronelxavierchaves.mg.gov.br\/prefeitura\/wp-json\/wp\/v2\/users\/3"}],"replies":[{"embeddable":true,"href":"https:\/\/coronelxavierchaves.mg.gov.br\/prefeitura\/wp-json\/wp\/v2\/comments?post=13891"}],"version-history":[{"count":3,"href":"https:\/\/coronelxavierchaves.mg.gov.br\/prefeitura\/wp-json\/wp\/v2\/posts\/13891\/revisions"}],"predecessor-version":[{"id":14116,"href":"https:\/\/coronelxavierchaves.mg.gov.br\/prefeitura\/wp-json\/wp\/v2\/posts\/13891\/revisions\/14116"}],"wp:featuredmedia":[{"embeddable":true,"href":"https:\/\/coronelxavierchaves.mg.gov.br\/prefeitura\/wp-json\/wp\/v2\/media\/4367"}],"wp:attachment":[{"href":"https:\/\/coronelxavierchaves.mg.gov.br\/prefeitura\/wp-json\/wp\/v2\/media?parent=13891"}],"wp:term":[{"taxonomy":"category","embeddable":true,"href":"https:\/\/coronelxavierchaves.mg.gov.br\/prefeitura\/wp-json\/wp\/v2\/categories?post=13891"},{"taxonomy":"post_tag","embeddable":true,"href":"https:\/\/coronelxavierchaves.mg.gov.br\/prefeitura\/wp-json\/wp\/v2\/tags?post=13891"}],"curies":[{"name":"wp","href":"https:\/\/api.w.org\/{rel}","templated":true}]}}