{"id":13944,"date":"2022-04-05T16:35:07","date_gmt":"2022-04-05T19:35:07","guid":{"rendered":"http:\/\/coronelxavierchaves.mg.gov.br\/prefeitura\/?p=13944"},"modified":"2022-10-06T17:21:13","modified_gmt":"2022-10-06T20:21:13","slug":"aquisicao-parcelada-de-materiais-de-construcao-e-afins-pl-31-2022","status":"publish","type":"post","link":"https:\/\/coronelxavierchaves.mg.gov.br\/prefeitura\/2022\/04\/05\/aquisicao-parcelada-de-materiais-de-construcao-e-afins-pl-31-2022\/","title":{"rendered":"Aquisi\u00e7\u00e3o parcelada de materiais de constru\u00e7\u00e3o e afins (PL 31\/2022)"},"content":{"rendered":"<blockquote><p>DOWNLOADS<\/p><\/blockquote>\n<ul>\n<li><a href=\"http:\/\/coronelxavierchaves.mg.gov.br\/prefeitura\/wp-content\/uploads\/2022\/04\/07-EDITAL-MATERIAL-DE-CONTRUCAO-E-AFINS-2022.pdf\">EDITAL<\/a>, publicado em 05\/04\/2022 \u00e0s 16:35h.\n<ul>\n<li><a href=\"http:\/\/www.coronelxavierchaves.mg.gov.br\/site\/proposta.exe\" target=\"_blank\" rel=\"noopener noreferrer\">BAIXAR SOFTWARE PARA PROPOSTA<\/a><\/li>\n<li><a href=\"http:\/\/coronelxavierchaves.mg.gov.br\/prefeitura\/others\/processo00003122.xml\">ARQUIVO XML<\/a><\/li>\n<\/ul>\n<\/li>\n<li><a href=\"http:\/\/coronelxavierchaves.mg.gov.br\/prefeitura\/wp-content\/uploads\/2022\/04\/ATA-DE-REGISTRO-DE-PRECOS-DP-ESPORTES.pdf\">ATA DE REGISTRO DE PRE\u00c7OS: DP ESPORTES<\/a>, publicado em 27\/04\/2022 \u00e0s 16:45h.<\/li>\n<li><a href=\"http:\/\/coronelxavierchaves.mg.gov.br\/prefeitura\/wp-content\/uploads\/2022\/04\/ATA-DE-REGISTRO-DE-PRECOS-JOHNATAS.pdf\"> ATA DE REGISTRO DE PRE\u00c7OS: JOHNATAS<\/a>, publicado em 27\/04\/2022 \u00e0s 16:45h.<\/li>\n<li><a href=\"http:\/\/coronelxavierchaves.mg.gov.br\/prefeitura\/wp-content\/uploads\/2022\/04\/ATA-DE-REGISTRO-DE-PRECOS-PAULO-HENRIQUE.pdf\"> ATA DE REGISTRO DE PRE\u00c7OS: PAULO HENRIQUE<\/a>, publicado em 27\/04\/2022 \u00e0s 16:45h.<\/li>\n<li><a href=\"http:\/\/coronelxavierchaves.mg.gov.br\/prefeitura\/wp-content\/uploads\/2022\/04\/ATA-DE-REGISTRO-DE-PRECOS-PREMOLDADOS-COTA-E-ALMIR.pdf\"> ATA DE REGISTRO DE PRE\u00c7OS: PREMOLDADOS COTA E ALMIR<\/a>, publicado em 27\/04\/2022 \u00e0s 16:45h.<\/li>\n<li><a href=\"http:\/\/coronelxavierchaves.mg.gov.br\/prefeitura\/wp-content\/uploads\/2022\/04\/ATA-DE-REGISTRO-DE-PRECOS-RF-CANDIDO.pdf\"> ATA DE REGISTRO DE PRE\u00c7OS: RF CANDIDO<\/a>, publicado em 27\/04\/2022 \u00e0s 16:45h.<\/li>\n<li><a href=\"http:\/\/coronelxavierchaves.mg.gov.br\/prefeitura\/wp-content\/uploads\/2022\/04\/ATA-DE-REGISTRO-DE-PRECOS-SANTOS-E-ASSUNCAO.pdf\"> ATA DE REGISTRO DE PRE\u00c7OS: SANTOS E ASSUN\u00c7\u00c3O<\/a>, publicado em 27\/04\/2022 \u00e0s 16:45h.<\/li>\n<li><a href=\"http:\/\/coronelxavierchaves.mg.gov.br\/prefeitura\/wp-content\/uploads\/2022\/04\/ATA-DE-REGISTRO-DE-PRECOS-VILSON.pdf\"> ATA DE REGISTRO DE PRE\u00c7OS: VILSON<\/a>, publicado em 27\/04\/2022 \u00e0s 16:45h.<\/li>\n<li><a href=\"http:\/\/coronelxavierchaves.mg.gov.br\/prefeitura\/wp-content\/uploads\/2022\/07\/REALINHAMENTO-DE-PRECOS-SANTOS-ASSUNCAO-1o-REAJUSTE-PUBLICAR.pdf\">1\u00ba TERMO REALINHAMENTO PRE\u00c7OS: SANTOS E ASSUN\u00c7\u00c3O<\/a>, publicado em 19\/07\/2022 \u00e0s 14:20h.<\/li>\n<li><a href=\"http:\/\/coronelxavierchaves.mg.gov.br\/prefeitura\/wp-content\/uploads\/2022\/10\/REALINHAMENTO-DE-PRECOS-SANTOS-ASSUNCAO-2o-REAJUSTE-PUBLICAR.pdf\">2\u00ba TERMO REALINHAMENTO PRE\u00c7OS: SANTOS E ASSUN\u00c7\u00c3O<\/a>, publicado em 06\/10\/2022 \u00e0s 17:22h.<\/li>\n<\/ul>\n<p>&nbsp;<\/p>\n<div style=\"text-align: justify;\">\n<p style=\"text-align: left;\"><strong style=\"text-align: justify; color: #222222; font-family: Verdana, Geneva, sans-serif; font-size: 15px;\"><u>AVISO DE LICITA\u00c7\u00c3O<\/u><\/strong><\/p>\n<div>\n<div style=\"text-align: justify;\">\n<p style=\"font-weight: 400;\">Prefeitura Municipal de Coronel Xavier Chaves\/MG. Aviso de\u00a0Licita\u00e7\u00e3o<b>\u00a0&#8211; Processo Licitat\u00f3rio \u2013 31\/2022, Preg\u00e3o Presencial Para Registro De Pre\u00e7os \u2013 21\/2022, do tipo\u00a0<u>Menor Pre\u00e7o por Item.<\/u>\u00a0Objeto<i><u>:\u00a0<\/u><\/i><\/b><b><u>AQUISI\u00c7\u00c3O PARCELADA DE MATERIAIS DE CONSTRU\u00c7\u00c3O E AFINS<\/u><\/b><b><i>.\u00a0<\/i><\/b><u>Credenciamento<\/u>:\u00a0<b>20\/04\/2022 das 08h00min \u00e0s 08h15min.\u00a0<\/b><u>Abertura:<\/u><b>\u00a020\/04\/2022, ap\u00f3s o credenciamento.<\/b>\u00a0O edital est\u00e1 dispon\u00edvel no Site-\u201c<a href=\"http:\/\/www.coronelxavierchaves.mg.gov.br\/\" target=\"_blank\" rel=\"noopener\" data-saferedirecturl=\"https:\/\/www.google.com\/url?q=http:\/\/www.coronelxavierchaves.mg.gov.br&amp;source=gmail&amp;ust=1649273308482000&amp;usg=AOvVaw26qXOBqHMUJNVet_d04IOe\">www.coronelxavierchaves.<wbr \/>mg.gov.br<\/a>&#8220;, informa\u00e7\u00f5es\u00a0na prefeitura municipal \u00e0 Rua Padre Reis, 84, Centro, Coronel Xavier Chaves\/MG, no hor\u00e1rio de 08h00min as 12h00min e de 13h00min as 16h00min. Tel.:\u00a0<a href=\"tel:%2832%29%203357-1235\" target=\"_blank\" rel=\"noopener\">(32) 3357-1235<\/a>. Coronel Xavier Chaves, 05 de abril de 2022. Beatriz Rayze de Resende &#8211; Pregoeira.<\/p>\n<\/div>\n<\/div>\n<\/div>\n<p>&nbsp;<\/p>\n<div class=\"printshowonly\">\n<p>*<b>PUBLICA\u00c7\u00c3O<\/b><\/p>\n<ul>\n<li>Um destaque desta publica\u00e7\u00e3o foi gerado na p\u00e1gina inicial do site, dispon\u00edvel at\u00e9 que demais publica\u00e7\u00f5es sejam realizadas.<\/li>\n<li>Uma publica\u00e7\u00e3o permanente foi feita na p\u00e1gina de Editais e Licita\u00e7\u00f5es.<\/li>\n<li>Link para acesso:\u00a0http:\/\/coronelxavierchaves.mg.gov.br\/prefeitura\/wp-json\/wp\/v2\/posts\/13944<\/li>\n<\/ul>\n<\/div>\n","protected":false},"excerpt":{"rendered":"<p>DOWNLOADS EDITAL, publicado em 05\/04\/2022 \u00e0s 16:35h. BAIXAR SOFTWARE PARA PROPOSTA ARQUIVO XML ATA DE REGISTRO DE PRE\u00c7OS: DP ESPORTES, publicado em 27\/04\/2022 \u00e0s 16:45h. ATA DE REGISTRO DE PRE\u00c7OS: JOHNATAS, publicado em 27\/04\/2022 \u00e0s 16:45h. ATA DE REGISTRO DE PRE\u00c7OS: PAULO HENRIQUE, publicado em 27\/04\/2022 \u00e0s 16:45h. ATA DE REGISTRO DE PRE\u00c7OS: PREMOLDADOS COTA [&hellip;]<\/p>\n","protected":false},"author":3,"featured_media":4367,"comment_status":"open","ping_status":"open","sticky":false,"template":"","format":"standard","meta":{"footnotes":"","_links_to":"","_links_to_target":""},"categories":[102],"tags":[],"class_list":{"0":"post-13944","1":"post","2":"type-post","3":"status-publish","4":"format-standard","5":"has-post-thumbnail","7":"category-editais-de-licitacao-2022"},"_links":{"self":[{"href":"https:\/\/coronelxavierchaves.mg.gov.br\/prefeitura\/wp-json\/wp\/v2\/posts\/13944","targetHints":{"allow":["GET"]}}],"collection":[{"href":"https:\/\/coronelxavierchaves.mg.gov.br\/prefeitura\/wp-json\/wp\/v2\/posts"}],"about":[{"href":"https:\/\/coronelxavierchaves.mg.gov.br\/prefeitura\/wp-json\/wp\/v2\/types\/post"}],"author":[{"embeddable":true,"href":"https:\/\/coronelxavierchaves.mg.gov.br\/prefeitura\/wp-json\/wp\/v2\/users\/3"}],"replies":[{"embeddable":true,"href":"https:\/\/coronelxavierchaves.mg.gov.br\/prefeitura\/wp-json\/wp\/v2\/comments?post=13944"}],"version-history":[{"count":5,"href":"https:\/\/coronelxavierchaves.mg.gov.br\/prefeitura\/wp-json\/wp\/v2\/posts\/13944\/revisions"}],"predecessor-version":[{"id":15155,"href":"https:\/\/coronelxavierchaves.mg.gov.br\/prefeitura\/wp-json\/wp\/v2\/posts\/13944\/revisions\/15155"}],"wp:featuredmedia":[{"embeddable":true,"href":"https:\/\/coronelxavierchaves.mg.gov.br\/prefeitura\/wp-json\/wp\/v2\/media\/4367"}],"wp:attachment":[{"href":"https:\/\/coronelxavierchaves.mg.gov.br\/prefeitura\/wp-json\/wp\/v2\/media?parent=13944"}],"wp:term":[{"taxonomy":"category","embeddable":true,"href":"https:\/\/coronelxavierchaves.mg.gov.br\/prefeitura\/wp-json\/wp\/v2\/categories?post=13944"},{"taxonomy":"post_tag","embeddable":true,"href":"https:\/\/coronelxavierchaves.mg.gov.br\/prefeitura\/wp-json\/wp\/v2\/tags?post=13944"}],"curies":[{"name":"wp","href":"https:\/\/api.w.org\/{rel}","templated":true}]}}