{"id":13976,"date":"2022-04-08T12:40:50","date_gmt":"2022-04-08T15:40:50","guid":{"rendered":"http:\/\/coronelxavierchaves.mg.gov.br\/prefeitura\/?p=13976"},"modified":"2025-05-07T10:17:21","modified_gmt":"2025-05-07T13:17:21","slug":"contratacao-de-pessoa-juridica-para-fornecimento-de-link-de-acesso-a-internet-banda-larga-via-satelite-pl-33-2022","status":"publish","type":"post","link":"https:\/\/coronelxavierchaves.mg.gov.br\/prefeitura\/2022\/04\/08\/contratacao-de-pessoa-juridica-para-fornecimento-de-link-de-acesso-a-internet-banda-larga-via-satelite-pl-33-2022\/","title":{"rendered":"Contrata\u00e7\u00e3o de pessoa jur\u00eddica para fornecimento de link de acesso \u00e0 internet banda larga via sat\u00e9lite (PL 33\/2022)"},"content":{"rendered":"<blockquote><p>DOWNLOADS<\/p><\/blockquote>\n<ul>\n<li><del><a href=\"http:\/\/coronelxavierchaves.mg.gov.br\/prefeitura\/wp-content\/uploads\/2022\/04\/06-EDITAL-CONTRATACAO-INTERNET-RURAL.pdf\">EDITAL<\/a>, publicado em 08\/04\/2022 \u00e0s 12:40h.<\/del> Retificado em 13\/04\/2022.<\/li>\n<li><a href=\"http:\/\/coronelxavierchaves.mg.gov.br\/prefeitura\/wp-content\/uploads\/2022\/04\/08-ERRATA-1-CONTRATACAO-INTERNET.pdf\">ERRATA<\/a>, publicado em 13\/04\/2022 \u00e0s 16:15h.<\/li>\n<li><a href=\"http:\/\/coronelxavierchaves.mg.gov.br\/prefeitura\/wp-content\/uploads\/2022\/04\/09-EDITAL-CONTRATACAO-INTERNET-RURAL-RETIFICADO.pdf\">EDITAL RETIFICADO<\/a>, publicado em 13\/04\/2022 \u00e0s 16:15h.<\/li>\n<li><a href=\"http:\/\/coronelxavierchaves.mg.gov.br\/prefeitura\/wp-content\/uploads\/2022\/05\/12-CONTRATO-INTERNET-PUBLICAR.pdf\">CONTRATO<\/a>, publicado em 18\/05\/2022 \u00e0s 11:34h.<\/li>\n<li><a href=\"http:\/\/coronelxavierchaves.mg.gov.br\/prefeitura\/wp-content\/uploads\/2023\/01\/01-1o-ADITAMENTO-INTERNET-RURAL-PUBLICAR.pdf\">1\u00baTERMO ADITIVO<\/a>, publicado em 10\/01\/2023 \u00e0s 13:31h.<\/li>\n<li><a href=\"http:\/\/coronelxavierchaves.mg.gov.br\/prefeitura\/wp-content\/uploads\/2023\/05\/01-2o-ADITAMENTO-INTERNET-RURAL-PUBLICAR.pdf\">2\u00baTERMO ADITIVO<\/a>, publicado em 11\/05\/2023 \u00e0s 15:25h.<\/li>\n<li><a href=\"https:\/\/coronelxavierchaves.mg.gov.br\/prefeitura\/wp-content\/uploads\/2024\/05\/3o-ADITAMENTO-INTERNET-RURAL-33-2022.pdf\">3\u00baTERMO ADITIVO<\/a>, publicado em 17\/05\/2024 \u00e0s 11:38h.<\/li>\n<li><a href=\"https:\/\/coronelxavierchaves.mg.gov.br\/prefeitura\/wp-content\/uploads\/2025\/05\/4o-ADITAMENTO-INTERNET-RURAL-33-2022.pdf\">4\u00ba TERMO ADITIVO<\/a>, publicado em 07\/05\/2025 \u00e0s 10:17h.<\/li>\n<\/ul>\n<p>&nbsp;<\/p>\n<div style=\"text-align: justify;\">\n<p style=\"text-align: left;\"><strong style=\"text-align: justify; color: #222222; font-family: Verdana, Geneva, sans-serif; font-size: 15px;\"><u>AVISO DE LICITA\u00c7\u00c3O<\/u><\/strong><\/p>\n<div>\n<div style=\"text-align: justify;\">\n<p style=\"font-weight: 400;\">Prefeitura Municipal de Coronel Xavier Chaves\/MG. Aviso de\u00a0Licita\u00e7\u00e3o<b>\u00a0&#8211; Processo Licitat\u00f3rio \u2013 33\/2022, Preg\u00e3o Presencial\u2013 22\/2022,\u00a0do tipo\u00a0<\/b><b><u>MENOR PRE\u00c7O GLOBAL.\u00a0<\/u><\/b>Objeto<b>:\u00a0<\/b><b><u>CONTRATA\u00c7\u00c3O DE PESSOA JUR\u00cdDICA PARA FORNECIMENTO DE\u00a0<\/u><\/b><b><i><u>LINK<\/u><\/i><\/b><b><u>\u00a0DE ACESSO \u00c0 INTERNET BANDA LARGA VIA SAT\u00c9LITE EM CONFORMIDADE COM OS TERMOS DA RESOLU\u00c7\u00c3O N\u00ba 574\/2011 DA ANATEL, INCLUINDO INSTALA\u00c7\u00c3O E SUPORTE, VISANDO ATENDER \u00c1REAS PONTUAIS NA ZONA RURAL DO MUNIC\u00cdPIO DE CORONEL XAVIER CHAVES<\/u><\/b><b>. <\/b>Credenciamento:\u00a0<b>27\/04\/2022 das 08h00min \u00e0s 08h15min.\u00a0<\/b><u>Abertura:<\/u><b>\u00a027\/04\/2022, ap\u00f3s o credenciamento.<\/b>\u00a0O edital est\u00e1 dispon\u00edvel no Site-\u201c<a href=\"http:\/\/www.coronelxavierchaves.mg.gov.br\/\" target=\"_blank\" rel=\"noopener\" data-saferedirecturl=\"https:\/\/www.google.com\/url?q=http:\/\/www.coronelxavierchaves.mg.gov.br&amp;source=gmail&amp;ust=1649516304493000&amp;usg=AOvVaw3e6z-c6S_zw6EV-82gvdHV\">www.coronelxavierchaves.<wbr \/>mg.gov.br<\/a>&#8220;, informa\u00e7\u00f5es\u00a0na prefeitura municipal \u00e0 Rua Padre Reis, 84, Centro, Coronel Xavier Chaves\/MG, no hor\u00e1rio de 08h00min as 12h00min e de 13h00min as 16h00min. Tel.:\u00a0<a href=\"tel:%2832%29%203357-1235\" target=\"_blank\" rel=\"noopener\">(32) 3357-1235<\/a>. Coronel Xavier Chaves, 08 de abril de 2022. Beatriz Rayze de Resende &#8211; Pregoeira<\/p>\n<\/div>\n<\/div>\n<\/div>\n<p>&nbsp;<\/p>\n<div class=\"printshowonly\">\n<p>*<b>PUBLICA\u00c7\u00c3O<\/b><\/p>\n<ul>\n<li>Um destaque desta publica\u00e7\u00e3o foi gerado na p\u00e1gina inicial do site, dispon\u00edvel at\u00e9 que demais publica\u00e7\u00f5es sejam realizadas.<\/li>\n<li>Uma publica\u00e7\u00e3o permanente foi feita na p\u00e1gina de Editais e Licita\u00e7\u00f5es.<\/li>\n<li>Link para acesso:\u00a0http:\/\/coronelxavierchaves.mg.gov.br\/prefeitura\/wp-json\/wp\/v2\/posts\/13976<\/li>\n<\/ul>\n<\/div>\n","protected":false},"excerpt":{"rendered":"<p>DOWNLOADS EDITAL, publicado em 08\/04\/2022 \u00e0s 12:40h. Retificado em 13\/04\/2022. ERRATA, publicado em 13\/04\/2022 \u00e0s 16:15h. EDITAL RETIFICADO, publicado em 13\/04\/2022 \u00e0s 16:15h. CONTRATO, publicado em 18\/05\/2022 \u00e0s 11:34h. 1\u00baTERMO ADITIVO, publicado em 10\/01\/2023 \u00e0s 13:31h. 2\u00baTERMO ADITIVO, publicado em 11\/05\/2023 \u00e0s 15:25h. 3\u00baTERMO ADITIVO, publicado em 17\/05\/2024 \u00e0s 11:38h. 4\u00ba TERMO ADITIVO, publicado em [&hellip;]<\/p>\n","protected":false},"author":3,"featured_media":4367,"comment_status":"closed","ping_status":"closed","sticky":false,"template":"","format":"standard","meta":{"footnotes":"","_links_to":"","_links_to_target":""},"categories":[102],"tags":[],"class_list":{"0":"post-13976","1":"post","2":"type-post","3":"status-publish","4":"format-standard","5":"has-post-thumbnail","7":"category-editais-de-licitacao-2022"},"_links":{"self":[{"href":"https:\/\/coronelxavierchaves.mg.gov.br\/prefeitura\/wp-json\/wp\/v2\/posts\/13976","targetHints":{"allow":["GET"]}}],"collection":[{"href":"https:\/\/coronelxavierchaves.mg.gov.br\/prefeitura\/wp-json\/wp\/v2\/posts"}],"about":[{"href":"https:\/\/coronelxavierchaves.mg.gov.br\/prefeitura\/wp-json\/wp\/v2\/types\/post"}],"author":[{"embeddable":true,"href":"https:\/\/coronelxavierchaves.mg.gov.br\/prefeitura\/wp-json\/wp\/v2\/users\/3"}],"replies":[{"embeddable":true,"href":"https:\/\/coronelxavierchaves.mg.gov.br\/prefeitura\/wp-json\/wp\/v2\/comments?post=13976"}],"version-history":[{"count":8,"href":"https:\/\/coronelxavierchaves.mg.gov.br\/prefeitura\/wp-json\/wp\/v2\/posts\/13976\/revisions"}],"predecessor-version":[{"id":23672,"href":"https:\/\/coronelxavierchaves.mg.gov.br\/prefeitura\/wp-json\/wp\/v2\/posts\/13976\/revisions\/23672"}],"wp:featuredmedia":[{"embeddable":true,"href":"https:\/\/coronelxavierchaves.mg.gov.br\/prefeitura\/wp-json\/wp\/v2\/media\/4367"}],"wp:attachment":[{"href":"https:\/\/coronelxavierchaves.mg.gov.br\/prefeitura\/wp-json\/wp\/v2\/media?parent=13976"}],"wp:term":[{"taxonomy":"category","embeddable":true,"href":"https:\/\/coronelxavierchaves.mg.gov.br\/prefeitura\/wp-json\/wp\/v2\/categories?post=13976"},{"taxonomy":"post_tag","embeddable":true,"href":"https:\/\/coronelxavierchaves.mg.gov.br\/prefeitura\/wp-json\/wp\/v2\/tags?post=13976"}],"curies":[{"name":"wp","href":"https:\/\/api.w.org\/{rel}","templated":true}]}}