{"id":14260,"date":"2022-05-10T11:12:04","date_gmt":"2022-05-10T14:12:04","guid":{"rendered":"http:\/\/coronelxavierchaves.mg.gov.br\/prefeitura\/?p=14260"},"modified":"2022-11-01T09:21:38","modified_gmt":"2022-11-01T12:21:38","slug":"processo-seletivo-para-assistente-de-alfabetizacao-secretaria-municipal-de-educacao-edital-001-2022","status":"publish","type":"post","link":"https:\/\/coronelxavierchaves.mg.gov.br\/prefeitura\/2022\/05\/10\/processo-seletivo-para-assistente-de-alfabetizacao-secretaria-municipal-de-educacao-edital-001-2022\/","title":{"rendered":"Processo Seletivo para Assistente de Alfabetiza\u00e7\u00e3o &#8211; Secretaria Municipal de Educa\u00e7\u00e3o Edital N\u00ba 001\/2022"},"content":{"rendered":"<ul>\n<li><a href=\"http:\/\/coronelxavierchaves.mg.gov.br\/prefeitura\/wp-content\/uploads\/2022\/05\/Edital-Processo-Seletivo-Assistente-de-Alfabetizacao.pdf\">EDITAL<\/a>, publicado em 10\/05\/2022 \u00e0s 11:12h.<\/li>\n<li><a href=\"http:\/\/coronelxavierchaves.mg.gov.br\/prefeitura\/wp-content\/uploads\/2022\/05\/Resultado-Preliminar-Assistente-de-Alfabetizacao.pdf\">RESULTADO PRELIMINAR<\/a>, publicado em 19\/05\/2022 \u00e0s 10:40h.<\/li>\n<li><a href=\"http:\/\/coronelxavierchaves.mg.gov.br\/prefeitura\/wp-content\/uploads\/2022\/05\/Errata-no-01-Processo-Seletivo-de-Assistente-de-Alfabetizacao-2022.pdf\">ERRATA<\/a>, publicado em 19\/05\/2022 \u00e0s 10:42h.<\/li>\n<li><a href=\"http:\/\/coronelxavierchaves.mg.gov.br\/prefeitura\/wp-content\/uploads\/2022\/05\/Resultado-Final-Processo-Seletivo-Assistente-de-Alfabetizacao.pdf\">RESULTADO FINAL<\/a>, publicado em 27\/05\/2022 \u00e0s 07:45h.<\/li>\n<li><a href=\"http:\/\/coronelxavierchaves.mg.gov.br\/prefeitura\/wp-content\/uploads\/2022\/07\/EDITAL-ASSISTENTE-DE-ALFABETIZACAO.pdf\">EDITAL DE CONVOCA\u00c7\u00c3O<\/a>, publicado em 27\/07\/2022 \u00e0s 14:10h.<\/li>\n<li><a href=\"http:\/\/coronelxavierchaves.mg.gov.br\/prefeitura\/wp-content\/uploads\/2022\/07\/EDITAL-DE-CONVOCACAO-No-3.pdf\">EDITAL DE CONVOCA\u00c7\u00c3O<\/a>, publicado em 29\/07\/2022 \u00e0s 14:25h.<\/li>\n<li><a href=\"http:\/\/coronelxavierchaves.mg.gov.br\/prefeitura\/wp-content\/uploads\/2022\/11\/EDITAL-DE-CONVOCACAO-005-DE-2022.pdf\">EDITAL DE CONVOCA\u00c7\u00c3O<\/a>, publicado em 01\/11\/2022 \u00e0s 09:21h.<\/li>\n<\/ul>\n","protected":false},"excerpt":{"rendered":"<p>EDITAL, publicado em 10\/05\/2022 \u00e0s 11:12h. RESULTADO PRELIMINAR, publicado em 19\/05\/2022 \u00e0s 10:40h. ERRATA, publicado em 19\/05\/2022 \u00e0s 10:42h. RESULTADO FINAL, publicado em 27\/05\/2022 \u00e0s 07:45h. EDITAL DE CONVOCA\u00c7\u00c3O, publicado em 27\/07\/2022 \u00e0s 14:10h. EDITAL DE CONVOCA\u00c7\u00c3O, publicado em 29\/07\/2022 \u00e0s 14:25h. EDITAL DE CONVOCA\u00c7\u00c3O, publicado em 01\/11\/2022 \u00e0s 09:21h.<\/p>\n","protected":false},"author":3,"featured_media":4366,"comment_status":"open","ping_status":"open","sticky":false,"template":"","format":"standard","meta":{"footnotes":"","_links_to":"","_links_to_target":""},"categories":[100],"tags":[],"class_list":{"0":"post-14260","1":"post","2":"type-post","3":"status-publish","4":"format-standard","5":"has-post-thumbnail","7":"category-concursos-e-processos-seletivos-2022"},"_links":{"self":[{"href":"https:\/\/coronelxavierchaves.mg.gov.br\/prefeitura\/wp-json\/wp\/v2\/posts\/14260","targetHints":{"allow":["GET"]}}],"collection":[{"href":"https:\/\/coronelxavierchaves.mg.gov.br\/prefeitura\/wp-json\/wp\/v2\/posts"}],"about":[{"href":"https:\/\/coronelxavierchaves.mg.gov.br\/prefeitura\/wp-json\/wp\/v2\/types\/post"}],"author":[{"embeddable":true,"href":"https:\/\/coronelxavierchaves.mg.gov.br\/prefeitura\/wp-json\/wp\/v2\/users\/3"}],"replies":[{"embeddable":true,"href":"https:\/\/coronelxavierchaves.mg.gov.br\/prefeitura\/wp-json\/wp\/v2\/comments?post=14260"}],"version-history":[{"count":9,"href":"https:\/\/coronelxavierchaves.mg.gov.br\/prefeitura\/wp-json\/wp\/v2\/posts\/14260\/revisions"}],"predecessor-version":[{"id":15354,"href":"https:\/\/coronelxavierchaves.mg.gov.br\/prefeitura\/wp-json\/wp\/v2\/posts\/14260\/revisions\/15354"}],"wp:featuredmedia":[{"embeddable":true,"href":"https:\/\/coronelxavierchaves.mg.gov.br\/prefeitura\/wp-json\/wp\/v2\/media\/4366"}],"wp:attachment":[{"href":"https:\/\/coronelxavierchaves.mg.gov.br\/prefeitura\/wp-json\/wp\/v2\/media?parent=14260"}],"wp:term":[{"taxonomy":"category","embeddable":true,"href":"https:\/\/coronelxavierchaves.mg.gov.br\/prefeitura\/wp-json\/wp\/v2\/categories?post=14260"},{"taxonomy":"post_tag","embeddable":true,"href":"https:\/\/coronelxavierchaves.mg.gov.br\/prefeitura\/wp-json\/wp\/v2\/tags?post=14260"}],"curies":[{"name":"wp","href":"https:\/\/api.w.org\/{rel}","templated":true}]}}