{"id":14268,"date":"2022-05-11T11:27:31","date_gmt":"2022-05-11T14:27:31","guid":{"rendered":"http:\/\/coronelxavierchaves.mg.gov.br\/prefeitura\/?p=14268"},"modified":"2022-06-07T18:20:12","modified_gmt":"2022-06-07T21:20:12","slug":"aquisicao-de-eletrodomesticos-e-eletroeletronicos-pl-39-2022","status":"publish","type":"post","link":"https:\/\/coronelxavierchaves.mg.gov.br\/prefeitura\/2022\/05\/11\/aquisicao-de-eletrodomesticos-e-eletroeletronicos-pl-39-2022\/","title":{"rendered":"Aquisi\u00e7\u00e3o de eletrodom\u00e9sticos e eletroeletr\u00f4nicos (PL 39\/2022)"},"content":{"rendered":"<blockquote><p>DOWNLOADS<\/p><\/blockquote>\n<ul>\n<li><a href=\"http:\/\/coronelxavierchaves.mg.gov.br\/prefeitura\/wp-content\/uploads\/2022\/05\/05-EDITAL-AQUISICAO-EQUIPAMENTOS-ESCOLARES.pdf\">EDITAL<\/a>, publicado em 11\/05\/2022 \u00e0s 11:27h.<\/li>\n<li><a href=\"http:\/\/coronelxavierchaves.mg.gov.br\/prefeitura\/wp-content\/uploads\/2022\/06\/CONTRATO-ARENNA-PUBLICAR.pdf\">CONTRATO: ARENNA<\/a>, publicado em 07\/06\/2022 \u00e0s 18:25h.<\/li>\n<li><a href=\"http:\/\/coronelxavierchaves.mg.gov.br\/prefeitura\/wp-content\/uploads\/2022\/06\/CONTRATO-BRUNO-HM-PUBLICAR.pdf\">CONTRATO: BRUNO HM<\/a>, publicado em 07\/06\/2022 \u00e0s 18:25h.<\/li>\n<li><a href=\"http:\/\/coronelxavierchaves.mg.gov.br\/prefeitura\/wp-content\/uploads\/2022\/06\/CONTRATO-JOSE-NEYMAR-PUBLICAR.pdf\">CONTRATO: JOS\u00c9 NEYMAR<\/a>, publicado em 07\/06\/2022 \u00e0s 18:25h.<\/li>\n<li><a href=\"http:\/\/coronelxavierchaves.mg.gov.br\/prefeitura\/wp-content\/uploads\/2022\/06\/CONTRATO-PRIME-PUBLICAR.pdf\">CONTRATO: PRIME<\/a>, publicado em 07\/06\/2022 \u00e0s 18:25h.<\/li>\n<li><a href=\"http:\/\/coronelxavierchaves.mg.gov.br\/prefeitura\/wp-content\/uploads\/2022\/06\/CONTRATO-VANESSA-PUBLICAR.pdf\">CONTRATO: VANESSA<\/a>, publicado em 07\/06\/2022 \u00e0s 18:25h.<\/li>\n<\/ul>\n<p>&nbsp;<\/p>\n<div style=\"text-align: justify;\">\n<p style=\"text-align: left;\"><strong style=\"text-align: justify; color: #222222; font-family: Verdana, Geneva, sans-serif; font-size: 15px;\"><u>AVISO DE LICITA\u00c7\u00c3O<\/u><\/strong><\/p>\n<div>\n<div style=\"text-align: justify;\">\n<p>Prefeitura Municipal de Coronel Xavier Chaves\/MG. Aviso de\u00a0Licita\u00e7\u00e3o<strong>\u00a0&#8211; Processo Licitat\u00f3rio \u2013\u00a0<\/strong><strong>39\/2022<\/strong><strong>, Preg\u00e3o Presencial \u2013 25\/2022, do tipo\u00a0<\/strong><strong>MENOR PRE\u00c7O POR ITEM.\u00a0<\/strong><strong>Objeto:<\/strong><strong>\u00a0<\/strong><strong><u>AQUISI\u00c7\u00c3O DE ELETRODOM\u00c9STICOS E ELETROELETRONICOS PARA ATENDER AS NECESSIDADES DA SECRETARIA MUNICIPAL DE EDUCA\u00c7\u00c3O DO MUNIC\u00cdPIO DE CORONEL XAVIER CHAVES<\/u><\/strong><strong>.<em>\u00a0<\/em><\/strong><u>Credenciamento<\/u>:\u00a0<strong>24\/05\/2022 das 08h00min \u00e0s 08h15min.\u00a0<\/strong><u>Abertura:<\/u><strong>\u00a024\/05\/2022, ap\u00f3s o credenciamento.<\/strong>\u00a0O edital est\u00e1 dispon\u00edvel no Site-\u201c<a href=\"http:\/\/www.coronelxavierchaves.mg.gov.br\/\" data-saferedirecturl=\"https:\/\/www.google.com\/url?q=http:\/\/www.coronelxavierchaves.mg.gov.br&amp;source=gmail&amp;ust=1652364780320000&amp;usg=AOvVaw3wGpKs2lURnPcPdTkghR3C\">www.coronelxavierchaves.mg.gov.br<\/a>&#8220;, informa\u00e7\u00f5es\u00a0na prefeitura municipal \u00e0 Rua Padre Reis, 84, Centro, Coronel Xavier Chaves\/MG, no hor\u00e1rio de 08h00min as 12h00min e de 13h00min as 16h00min. Tel.:\u00a0<a href=\"tel:%2832%29%203357-1235\">(32) 3357-1235<\/a>. Coronel Xavier Chaves, 11 de maio de 2022. Beatriz Rayze de Resende &#8211; Pregoeira.<\/p>\n<\/div>\n<\/div>\n<\/div>\n<p>&nbsp;<\/p>\n<div class=\"printshowonly\">\n<p>*<b>PUBLICA\u00c7\u00c3O<\/b><\/p>\n<ul>\n<li>Um destaque desta publica\u00e7\u00e3o foi gerado na p\u00e1gina inicial do site, dispon\u00edvel at\u00e9 que demais publica\u00e7\u00f5es sejam realizadas.<\/li>\n<li>Uma publica\u00e7\u00e3o permanente foi feita na p\u00e1gina de Editais e Licita\u00e7\u00f5es.<\/li>\n<li>Link para acesso:\u00a0http:\/\/coronelxavierchaves.mg.gov.br\/prefeitura\/wp-json\/wp\/v2\/posts\/14268<\/li>\n<\/ul>\n<\/div>\n","protected":false},"excerpt":{"rendered":"<p>DOWNLOADS EDITAL, publicado em 11\/05\/2022 \u00e0s 11:27h. CONTRATO: ARENNA, publicado em 07\/06\/2022 \u00e0s 18:25h. CONTRATO: BRUNO HM, publicado em 07\/06\/2022 \u00e0s 18:25h. CONTRATO: JOS\u00c9 NEYMAR, publicado em 07\/06\/2022 \u00e0s 18:25h. CONTRATO: PRIME, publicado em 07\/06\/2022 \u00e0s 18:25h. CONTRATO: VANESSA, publicado em 07\/06\/2022 \u00e0s 18:25h. &nbsp; AVISO DE LICITA\u00c7\u00c3O Prefeitura Municipal de Coronel Xavier Chaves\/MG. Aviso [&hellip;]<\/p>\n","protected":false},"author":3,"featured_media":4367,"comment_status":"open","ping_status":"open","sticky":false,"template":"","format":"standard","meta":{"footnotes":"","_links_to":"","_links_to_target":""},"categories":[102],"tags":[],"class_list":{"0":"post-14268","1":"post","2":"type-post","3":"status-publish","4":"format-standard","5":"has-post-thumbnail","7":"category-editais-de-licitacao-2022"},"_links":{"self":[{"href":"https:\/\/coronelxavierchaves.mg.gov.br\/prefeitura\/wp-json\/wp\/v2\/posts\/14268","targetHints":{"allow":["GET"]}}],"collection":[{"href":"https:\/\/coronelxavierchaves.mg.gov.br\/prefeitura\/wp-json\/wp\/v2\/posts"}],"about":[{"href":"https:\/\/coronelxavierchaves.mg.gov.br\/prefeitura\/wp-json\/wp\/v2\/types\/post"}],"author":[{"embeddable":true,"href":"https:\/\/coronelxavierchaves.mg.gov.br\/prefeitura\/wp-json\/wp\/v2\/users\/3"}],"replies":[{"embeddable":true,"href":"https:\/\/coronelxavierchaves.mg.gov.br\/prefeitura\/wp-json\/wp\/v2\/comments?post=14268"}],"version-history":[{"count":3,"href":"https:\/\/coronelxavierchaves.mg.gov.br\/prefeitura\/wp-json\/wp\/v2\/posts\/14268\/revisions"}],"predecessor-version":[{"id":14540,"href":"https:\/\/coronelxavierchaves.mg.gov.br\/prefeitura\/wp-json\/wp\/v2\/posts\/14268\/revisions\/14540"}],"wp:featuredmedia":[{"embeddable":true,"href":"https:\/\/coronelxavierchaves.mg.gov.br\/prefeitura\/wp-json\/wp\/v2\/media\/4367"}],"wp:attachment":[{"href":"https:\/\/coronelxavierchaves.mg.gov.br\/prefeitura\/wp-json\/wp\/v2\/media?parent=14268"}],"wp:term":[{"taxonomy":"category","embeddable":true,"href":"https:\/\/coronelxavierchaves.mg.gov.br\/prefeitura\/wp-json\/wp\/v2\/categories?post=14268"},{"taxonomy":"post_tag","embeddable":true,"href":"https:\/\/coronelxavierchaves.mg.gov.br\/prefeitura\/wp-json\/wp\/v2\/tags?post=14268"}],"curies":[{"name":"wp","href":"https:\/\/api.w.org\/{rel}","templated":true}]}}