{"id":14291,"date":"2022-05-16T15:03:14","date_gmt":"2022-05-16T18:03:14","guid":{"rendered":"http:\/\/coronelxavierchaves.mg.gov.br\/prefeitura\/?p=14291"},"modified":"2022-06-10T14:50:26","modified_gmt":"2022-06-10T17:50:26","slug":"leilao-de-bens-moveis-inserviveis-pl-40-2022","status":"publish","type":"post","link":"https:\/\/coronelxavierchaves.mg.gov.br\/prefeitura\/2022\/05\/16\/leilao-de-bens-moveis-inserviveis-pl-40-2022\/","title":{"rendered":"Leil\u00e3o de Bens Moveis Inserv\u00edveis (PL 40\/2022)"},"content":{"rendered":"<blockquote><p>DOWNLOADS<\/p><\/blockquote>\n<ul>\n<li><del><a href=\"http:\/\/coronelxavierchaves.mg.gov.br\/prefeitura\/wp-content\/uploads\/2022\/05\/05-Edital-de-leilao-simultaneo-Fernando.pdf\">EDITAL<\/a>, publicado em 16\/05\/2022 \u00e0s 15:03h.<\/del> Retificado em 19\/05\/2022.<\/li>\n<li><a href=\"http:\/\/coronelxavierchaves.mg.gov.br\/prefeitura\/wp-content\/uploads\/2022\/05\/08-ERRATA-1.pdf\">ERRATA<\/a>, publicado em 19\/05\/2022 \u00e0s 11:52h.<\/li>\n<li><a href=\"http:\/\/coronelxavierchaves.mg.gov.br\/prefeitura\/wp-content\/uploads\/2022\/05\/07-Edital-de-leilao-simultaneo-Fernando-Retificado.pdf\">EDITAL RETIFICADO<\/a>, publicado em 19\/05\/2022 \u00e0s 11:52h.<\/li>\n<li><a href=\"http:\/\/coronelxavierchaves.mg.gov.br\/prefeitura\/wp-content\/uploads\/2022\/06\/RESULTADO-LEILAO.pdf\">RESULTADO<\/a>, publicado em 10\/06\/2022 \u00e0s 14:50h.<\/li>\n<\/ul>\n<p>&nbsp;<\/p>\n<div style=\"text-align: justify;\">\n<p style=\"text-align: left;\"><strong style=\"text-align: justify; color: #222222; font-family: Verdana, Geneva, sans-serif; font-size: 15px;\"><u>AVISO DE LEIL\u00c3O<\/u><\/strong><\/p>\n<div>\n<div style=\"text-align: justify;\">\n<p>Edital de Leil\u00e3o 003\/2022 \u2013 Proc. 040\/2022. Leiloeiro Fernando C. Moreira Filho, JUCEMG 445, torna p\u00fablico que levar\u00e1 a leil\u00e3o simult\u00e2neo em 08\/06\/2022, \u00e0s 10:00 horas, Parque de Exposi\u00e7\u00f5es-R: Padre Reis, n\u00ba 84, Centro, Coronel X. Chaves\/MG, ve\u00edculos, m\u00e1quinas e outros bens. Local de visita\u00e7\u00e3o: P\u00e1tio da Prefeitura- R: Padre Reis, n\u00ba 84, Centro, Coronel X. Chaves\/MG. Dias de visita\u00e7\u00e3o:\u00a001\/06\/2022 a 08\/06\/2022 (dias \u00fateis),\u00a0no hor\u00e1rio de 08:00 \u00e0s 11:00 e de 13:00 \u00e0s 16:00 horas. Informa\u00e7\u00f5es, fotos e edital no site:\u00a0<a href=\"https:\/\/www.mgl.com.br\/leilao\/prefitura-municipal-de-coronel-xavier-chaves\/1872\/#Pagina=1&amp;Index=1\" target=\"_blank\" rel=\"noopener\" data-saferedirecturl=\"https:\/\/www.google.com\/url?q=http:\/\/www.fernandoleiloeiro.com.br&amp;source=gmail&amp;ust=1652810065423000&amp;usg=AOvVaw1KnZBg73ojMRgst64te_Lr\">www.fernandoleiloeiro.com.br<\/a>\u00a0ou pelo fone: 37-3242-2001. Ita\u00fana\/MG, 16 de maio de 2022.<\/p>\n<\/div>\n<\/div>\n<\/div>\n<p>&nbsp;<\/p>\n<div class=\"printshowonly\">\n<p>*<b>PUBLICA\u00c7\u00c3O<\/b><\/p>\n<ul>\n<li>Um destaque desta publica\u00e7\u00e3o foi gerado na p\u00e1gina inicial do site, dispon\u00edvel at\u00e9 que demais publica\u00e7\u00f5es sejam realizadas.<\/li>\n<li>Uma publica\u00e7\u00e3o permanente foi feita na p\u00e1gina de Editais e Licita\u00e7\u00f5es.<\/li>\n<li>Link para acesso:\u00a0http:\/\/coronelxavierchaves.mg.gov.br\/prefeitura\/wp-json\/wp\/v2\/posts\/14291<\/li>\n<\/ul>\n<\/div>\n","protected":false},"excerpt":{"rendered":"<p>DOWNLOADS EDITAL, publicado em 16\/05\/2022 \u00e0s 15:03h. Retificado em 19\/05\/2022. ERRATA, publicado em 19\/05\/2022 \u00e0s 11:52h. EDITAL RETIFICADO, publicado em 19\/05\/2022 \u00e0s 11:52h. RESULTADO, publicado em 10\/06\/2022 \u00e0s 14:50h. &nbsp; AVISO DE LEIL\u00c3O Edital de Leil\u00e3o 003\/2022 \u2013 Proc. 040\/2022. Leiloeiro Fernando C. Moreira Filho, JUCEMG 445, torna p\u00fablico que levar\u00e1 a leil\u00e3o simult\u00e2neo em [&hellip;]<\/p>\n","protected":false},"author":3,"featured_media":4367,"comment_status":"open","ping_status":"open","sticky":false,"template":"","format":"standard","meta":{"footnotes":"","_links_to":"","_links_to_target":""},"categories":[102],"tags":[],"class_list":{"0":"post-14291","1":"post","2":"type-post","3":"status-publish","4":"format-standard","5":"has-post-thumbnail","7":"category-editais-de-licitacao-2022"},"_links":{"self":[{"href":"https:\/\/coronelxavierchaves.mg.gov.br\/prefeitura\/wp-json\/wp\/v2\/posts\/14291","targetHints":{"allow":["GET"]}}],"collection":[{"href":"https:\/\/coronelxavierchaves.mg.gov.br\/prefeitura\/wp-json\/wp\/v2\/posts"}],"about":[{"href":"https:\/\/coronelxavierchaves.mg.gov.br\/prefeitura\/wp-json\/wp\/v2\/types\/post"}],"author":[{"embeddable":true,"href":"https:\/\/coronelxavierchaves.mg.gov.br\/prefeitura\/wp-json\/wp\/v2\/users\/3"}],"replies":[{"embeddable":true,"href":"https:\/\/coronelxavierchaves.mg.gov.br\/prefeitura\/wp-json\/wp\/v2\/comments?post=14291"}],"version-history":[{"count":7,"href":"https:\/\/coronelxavierchaves.mg.gov.br\/prefeitura\/wp-json\/wp\/v2\/posts\/14291\/revisions"}],"predecessor-version":[{"id":14549,"href":"https:\/\/coronelxavierchaves.mg.gov.br\/prefeitura\/wp-json\/wp\/v2\/posts\/14291\/revisions\/14549"}],"wp:featuredmedia":[{"embeddable":true,"href":"https:\/\/coronelxavierchaves.mg.gov.br\/prefeitura\/wp-json\/wp\/v2\/media\/4367"}],"wp:attachment":[{"href":"https:\/\/coronelxavierchaves.mg.gov.br\/prefeitura\/wp-json\/wp\/v2\/media?parent=14291"}],"wp:term":[{"taxonomy":"category","embeddable":true,"href":"https:\/\/coronelxavierchaves.mg.gov.br\/prefeitura\/wp-json\/wp\/v2\/categories?post=14291"},{"taxonomy":"post_tag","embeddable":true,"href":"https:\/\/coronelxavierchaves.mg.gov.br\/prefeitura\/wp-json\/wp\/v2\/tags?post=14291"}],"curies":[{"name":"wp","href":"https:\/\/api.w.org\/{rel}","templated":true}]}}