{"id":14452,"date":"2022-05-26T20:07:23","date_gmt":"2022-05-26T23:07:23","guid":{"rendered":"http:\/\/coronelxavierchaves.mg.gov.br\/prefeitura\/?p=14452"},"modified":"2022-06-10T15:00:25","modified_gmt":"2022-06-10T18:00:25","slug":"edital-processo-de-licitacao-no-41-2022-selecao-da-proposta-mais-vantajosa-para-concessao-de-permissao-onerosa-de-uso-de-espaco-publico-para-comercio-de-bebidas-e-generos-alimenticios","status":"publish","type":"post","link":"https:\/\/coronelxavierchaves.mg.gov.br\/prefeitura\/2022\/05\/26\/edital-processo-de-licitacao-no-41-2022-selecao-da-proposta-mais-vantajosa-para-concessao-de-permissao-onerosa-de-uso-de-espaco-publico-para-comercio-de-bebidas-e-generos-alimenticios\/","title":{"rendered":"Edital Processo de Licita\u00e7\u00e3o n\u00ba 41\/2022: sele\u00e7\u00e3o da proposta mais vantajosa para concess\u00e3o de Permiss\u00e3o onerosa de uso de espa\u00e7o p\u00fablico para comercio de bebidas e g\u00eaneros alimenticios, artesanato, e outros, durante a 30\u00aa Exposi\u00e7\u00e3o Agropecu\u00e1ria de Coronel Xavier Chaves"},"content":{"rendered":"<blockquote><p>DOWNLOADS<\/p><\/blockquote>\n<ul>\n<li><a href=\"http:\/\/coronelxavierchaves.mg.gov.br\/prefeitura\/wp-content\/uploads\/2022\/05\/Edital-Processo-Licitatorio-no-41-2022-1.pdf\">EDITAL<\/a>, publicado em 26\/05\/2022 \u00e0s 20:07h.<\/li>\n<li><a href=\"http:\/\/coronelxavierchaves.mg.gov.br\/prefeitura\/wp-content\/uploads\/2022\/06\/10-CONTRATO-LOCACAO-ESPACO-PUBLICO-EXPOAGRO-2022-PUBLICAR.pdf\">CONTRATO<\/a>, publicado em 10\/06\/2022 \u00e0s 15:00h.<\/li>\n<\/ul>\n<p>&nbsp;<\/p>\n<div style=\"text-align: justify;\">\n<p style=\"text-align: left;\"><strong style=\"text-align: justify; color: #222222; font-family: Verdana, Geneva, sans-serif; font-size: 15px;\"><u>AVISO DE LICITA\u00c7\u00c3O<\/u><\/strong><\/p>\n<div>\n<div style=\"text-align: justify;\">\n<p>O Munic\u00edpio de Coronel Xavier Chaves\/MG, com endere\u00e7o na Rua Padre Reis, n\u00ba 84, Centro, em Coronel Xavier Chaves\/MG, CEP 36.330-000, CNPJ 18.887.546\/0001-03, torna p\u00fablico a abertura do Processo de Licita\u00e7\u00e3o n\u00ba 41\/2022 para sele\u00e7\u00e3o da proposta mais vantajosa para concess\u00e3o de <strong>PERMISS\u00c3O ONEROSA DE USO DE ESPA\u00c7O P\u00daBLICO PARA COM\u00c9RCIO DE BEBIDAS E G\u00caNEROS ALIMENT\u00cdCIOS, ARTESANATO, SOUVENIRS, BRINQUEDOS E OUTROS, DURANTE 30\u00aa EXPOSI\u00c7\u00c3O AGROPECU\u00c1RIA E 38\u00ba CONCURSO LEITEIRO DE MORFOLOGIA DE CORONEL XAVIER CHAVES, NO PARQUE DE EXPOSI\u00c7\u00d5ES JO\u00c3O BATISTA ASSUN\u00c7\u00c3O<\/strong>, na data de realiza\u00e7\u00e3o do evento, na modalidade preg\u00e3o presencial, mediante o crit\u00e9rio de julgamento <strong>MAIOR LANCE OU OFERTA<\/strong> por lote \u00fanico, de acordo com o escrito neste edital e seus Anexos e de conformidade com as disposi\u00e7\u00f5es contidas na Lei Federal n\u00ba 10.520, de 17\/07\/2002,\u00a0 subsidiariamente pela Lei Federal n\u00ba 8.666\/93 de 21\/06\/1993 e altera\u00e7\u00f5es posteriores, Lei Org\u00e2nica do Munic\u00edpio de Coronel Xavier Chaves e demais condi\u00e7\u00f5es fixadas neste instrumento convocat\u00f3rio. O preg\u00e3o ser\u00e1 realizado pela Pregoeira Beatriz Rayze de Resende e Equipe de apoio designados pela Portaria n\u00ba 3.301 de 03 de janeiro de 2022.<\/p>\n<\/div>\n<\/div>\n<\/div>\n<p>&nbsp;<\/p>\n<div class=\"printshowonly\">\n<p>*<b>PUBLICA\u00c7\u00c3O<\/b><\/p>\n<ul>\n<li>Um destaque desta publica\u00e7\u00e3o foi gerado na p\u00e1gina inicial do site, dispon\u00edvel at\u00e9 que demais publica\u00e7\u00f5es sejam realizadas.<\/li>\n<li>Uma publica\u00e7\u00e3o permanente foi feita na p\u00e1gina de Editais e Licita\u00e7\u00f5es.<\/li>\n<li>Link para acesso:\u00a0http:\/\/coronelxavierchaves.mg.gov.br\/prefeitura\/wp-json\/wp\/v2\/posts\/14452<\/li>\n<\/ul>\n<\/div>\n","protected":false},"excerpt":{"rendered":"<p>DOWNLOADS EDITAL, publicado em 26\/05\/2022 \u00e0s 20:07h. CONTRATO, publicado em 10\/06\/2022 \u00e0s 15:00h. &nbsp; AVISO DE LICITA\u00c7\u00c3O O Munic\u00edpio de Coronel Xavier Chaves\/MG, com endere\u00e7o na Rua Padre Reis, n\u00ba 84, Centro, em Coronel Xavier Chaves\/MG, CEP 36.330-000, CNPJ 18.887.546\/0001-03, torna p\u00fablico a abertura do Processo de Licita\u00e7\u00e3o n\u00ba 41\/2022 para sele\u00e7\u00e3o da proposta mais [&hellip;]<\/p>\n","protected":false},"author":3,"featured_media":4367,"comment_status":"open","ping_status":"open","sticky":false,"template":"","format":"standard","meta":{"footnotes":"","_links_to":"","_links_to_target":""},"categories":[102],"tags":[],"class_list":{"0":"post-14452","1":"post","2":"type-post","3":"status-publish","4":"format-standard","5":"has-post-thumbnail","7":"category-editais-de-licitacao-2022"},"_links":{"self":[{"href":"https:\/\/coronelxavierchaves.mg.gov.br\/prefeitura\/wp-json\/wp\/v2\/posts\/14452","targetHints":{"allow":["GET"]}}],"collection":[{"href":"https:\/\/coronelxavierchaves.mg.gov.br\/prefeitura\/wp-json\/wp\/v2\/posts"}],"about":[{"href":"https:\/\/coronelxavierchaves.mg.gov.br\/prefeitura\/wp-json\/wp\/v2\/types\/post"}],"author":[{"embeddable":true,"href":"https:\/\/coronelxavierchaves.mg.gov.br\/prefeitura\/wp-json\/wp\/v2\/users\/3"}],"replies":[{"embeddable":true,"href":"https:\/\/coronelxavierchaves.mg.gov.br\/prefeitura\/wp-json\/wp\/v2\/comments?post=14452"}],"version-history":[{"count":6,"href":"https:\/\/coronelxavierchaves.mg.gov.br\/prefeitura\/wp-json\/wp\/v2\/posts\/14452\/revisions"}],"predecessor-version":[{"id":14555,"href":"https:\/\/coronelxavierchaves.mg.gov.br\/prefeitura\/wp-json\/wp\/v2\/posts\/14452\/revisions\/14555"}],"wp:featuredmedia":[{"embeddable":true,"href":"https:\/\/coronelxavierchaves.mg.gov.br\/prefeitura\/wp-json\/wp\/v2\/media\/4367"}],"wp:attachment":[{"href":"https:\/\/coronelxavierchaves.mg.gov.br\/prefeitura\/wp-json\/wp\/v2\/media?parent=14452"}],"wp:term":[{"taxonomy":"category","embeddable":true,"href":"https:\/\/coronelxavierchaves.mg.gov.br\/prefeitura\/wp-json\/wp\/v2\/categories?post=14452"},{"taxonomy":"post_tag","embeddable":true,"href":"https:\/\/coronelxavierchaves.mg.gov.br\/prefeitura\/wp-json\/wp\/v2\/tags?post=14452"}],"curies":[{"name":"wp","href":"https:\/\/api.w.org\/{rel}","templated":true}]}}