{"id":14476,"date":"2022-05-30T18:41:12","date_gmt":"2022-05-30T21:41:12","guid":{"rendered":"http:\/\/coronelxavierchaves.mg.gov.br\/prefeitura\/?p=14476"},"modified":"2024-12-05T13:57:14","modified_gmt":"2024-12-05T16:57:14","slug":"contratacao-de-empresa-especializada-para-execucao-de-reforma-do-centro-de-saude-unidade-basica-de-saude-geraldo-souza-pl-43-2022","status":"publish","type":"post","link":"https:\/\/coronelxavierchaves.mg.gov.br\/prefeitura\/2022\/05\/30\/contratacao-de-empresa-especializada-para-execucao-de-reforma-do-centro-de-saude-unidade-basica-de-saude-geraldo-souza-pl-43-2022\/","title":{"rendered":"Contrata\u00e7\u00e3o de empresa especializada para execu\u00e7\u00e3o de reforma do centro de sa\u00fade &#8211; Unidade B\u00e1sica de Sa\u00fade Geraldo Souza (PL 43\/2022)"},"content":{"rendered":"<blockquote><p>DOWNLOADS<\/p><\/blockquote>\n<ul>\n<li><a href=\"http:\/\/coronelxavierchaves.mg.gov.br\/prefeitura\/wp-content\/uploads\/2022\/05\/04-EDITAL-REFORMA-CENTRO-DE-SAUDE.pdf\">EDITAL<\/a>, publicado em 30\/05\/2022 \u00e0s 18:41h.<\/li>\n<li><a href=\"http:\/\/coronelxavierchaves.mg.gov.br\/prefeitura\/wp-content\/uploads\/2022\/06\/09-PUBLICACAO-REFORMA-DO-CENTRO-DE-SAUDE.pdf\">RESULTADO<\/a>, publicado em 15\/06\/2022 \u00e0s 14:20h.<\/li>\n<li><a href=\"http:\/\/coronelxavierchaves.mg.gov.br\/prefeitura\/wp-content\/uploads\/2022\/07\/CONTRATO-PUBLICAR.pdf\">CONTRATO<\/a>, publicado em 11\/07\/2022 \u00e0s 09:50h.<\/li>\n<li><a href=\"http:\/\/coronelxavierchaves.mg.gov.br\/prefeitura\/wp-content\/uploads\/2022\/07\/12-ORDEM-DE-SERVICO-RS-CONSTRUCOES.pdf\">ORDEM DE SERVI\u00c7O<\/a>, publicado em 14\/07\/2022 \u00e0s 12:00h.<\/li>\n<li><a href=\"http:\/\/coronelxavierchaves.mg.gov.br\/prefeitura\/wp-content\/uploads\/2022\/10\/1o-TERMO-ADITIVO-RS-CONSTRUTORA-PUBLICAR.pdf\">1\u00ba TERMO ADITIVO<\/a>, publicado em 07\/10\/2022 \u00e0s 09:12h.<\/li>\n<li><a href=\"http:\/\/coronelxavierchaves.mg.gov.br\/prefeitura\/wp-content\/uploads\/2023\/02\/2o-TERMO-ADITIVO-RS-publicar.pdf\">2\u00ba TERMO ADITIVO<\/a>, publicado em 17\/02\/2023 \u00e0s 15:35h.<\/li>\n<li><a href=\"https:\/\/coronelxavierchaves.mg.gov.br\/prefeitura\/wp-content\/uploads\/2023\/06\/3o-TERMO-ADITIVO-RS-publicar.pdf\">3\u00ba TERMO ADITIVO<\/a>, publicado em 30\/06\/2023 \u00e0s 14:58h.<\/li>\n<li><a href=\"https:\/\/coronelxavierchaves.mg.gov.br\/prefeitura\/wp-content\/uploads\/2023\/07\/4o-TERMO-ADITIVO-RS-43-2022.pdf\">4\u00ba TERMO ADITIVO<\/a>, publicado em 18\/07\/2023 \u00e0s 16:11h.<\/li>\n<li><a href=\"https:\/\/coronelxavierchaves.mg.gov.br\/prefeitura\/wp-content\/uploads\/2023\/07\/5o-TERMO-ADITIVO-RS-43-2022.pdf\">5\u00ba TERMO ADITIVO<\/a>, publicado em 27\/07\/2023 \u00e0s 09:00h.<\/li>\n<li><a href=\"https:\/\/coronelxavierchaves.mg.gov.br\/prefeitura\/wp-content\/uploads\/2024\/01\/6o-TERMO-ADITIVO-RS-43-2022.pdf\">6\u00ba TERMO ADITIVO<\/a>, publicado em 02\/01\/2024 \u00e0s 10:01h.<\/li>\n<li><a href=\"https:\/\/coronelxavierchaves.mg.gov.br\/prefeitura\/wp-content\/uploads\/2024\/01\/7o-TERMO-ADITIVO-RS-43-2023.pdf\">7\u00ba TERMO ADITIVO<\/a>, publicado em 02\/01\/2024 \u00e0s 10:09h.<\/li>\n<li><a href=\"https:\/\/coronelxavierchaves.mg.gov.br\/prefeitura\/wp-content\/uploads\/2024\/02\/8o-TA-RS-43-2022.pdf\">8\u00ba TERMO ADITIVO<\/a>, publicado em 06\/02\/2024 \u00e0s 16:16h.<\/li>\n<li><a href=\"https:\/\/coronelxavierchaves.mg.gov.br\/prefeitura\/wp-content\/uploads\/2024\/03\/9o-TERMO-ADITIVO-RS-publicar-1.pdf\">9\u00ba TERMO ADITIVO<\/a>, publicado em 11\/03\/2024 \u00e0s 16:58h.<\/li>\n<li><a href=\"https:\/\/coronelxavierchaves.mg.gov.br\/prefeitura\/wp-content\/uploads\/2024\/05\/10o-TERMO-ADITIVO-RS-43-2022.pdf\">10\u00ba TERMO ADITIVO<\/a>, publicado em 17\/05\/2024 \u00e0s 11:30h.<\/li>\n<li><a href=\"https:\/\/coronelxavierchaves.mg.gov.br\/prefeitura\/wp-content\/uploads\/2024\/07\/11o-TERMO-ADITIVO-RS-43-2022.pdf\">11\u00ba TERMO ADITIVO<\/a>, publicado em 23\/07\/2024 \u00e0s 10:47h.<\/li>\n<li><a href=\"https:\/\/coronelxavierchaves.mg.gov.br\/prefeitura\/wp-content\/uploads\/2024\/12\/12o-TERMO-ADITIVO-RS-43-2022.pdf\">12\u00ba TERMO ADITIVO<\/a>, publicado em 05\/12\/2024 \u00e0s 13:57h.<\/li>\n<\/ul>\n<p>&nbsp;<\/p>\n<div style=\"text-align: justify;\">\n<p style=\"text-align: left;\"><strong style=\"text-align: justify; color: #222222; font-family: Verdana, Geneva, sans-serif; font-size: 15px;\"><u>AVISO DE LICITA\u00c7\u00c3O<\/u><\/strong><\/p>\n<div>\n<div style=\"text-align: justify;\">\n<p style=\"font-weight: 400;\">Prefeitura Municipal de Coronel Xavier Chaves\/MG.\u00a0<strong>Aviso de\u00a0Licita\u00e7\u00e3o\u00a0&#8211; Processo Licitat\u00f3rio 43\/2022, Tomada de Pre\u00e7os 01\/2022, do tipo\u00a0<u>Menor Pre\u00e7o Global<\/u>. Objeto<em>:\u00a0<\/em><u>CONTRATA\u00c7\u00c3O DE EMPRESA ESPECIALIZADA PARA EXECU\u00c7\u00c3O DE REFORMA DO CENTRO DE SA\u00daDE &#8211; UNIDADE B\u00c1SICA DE SA\u00daDE GERALDO SOUZA- NO MUNIC\u00cdPIO DE CORONEL XAVIER CHAVES\/MG<\/u>.<\/strong>\u00a0Certificado de Registro Cadastral &#8211; CRC (obrigat\u00f3rio) e Visita T\u00e9cnica (facultativa):\u00a0<strong><u>at\u00e9 09\/06\/2022<\/u><\/strong>. Abertura da sess\u00e3o p\u00fablica:\u00a0<strong><u>15\/06\/2022 \u00e0s 8h00min<\/u>.<\/strong>\u00a0O edital est\u00e1 dispon\u00edvel no Site &#8211;\u00a0\u201c<a href=\"http:\/\/www.coronelxavierchaves.mg.gov.br\/\" data-saferedirecturl=\"https:\/\/www.google.com\/url?q=http:\/\/www.coronelxavierchaves.mg.gov.br&amp;source=gmail&amp;ust=1654031782084000&amp;usg=AOvVaw0QSBHizJecxMWMRvMG84ww\">www.coronelxavierchaves.mg.gov.br<\/a>&#8220;, informa\u00e7\u00f5es\u00a0na Prefeitura Municipal \u00e0 Rua Padre Reis, 84, Centro, Coronel Xavier Chaves, MG, no hor\u00e1rio de 08h00min \u00e0s 11h00min e de 12h00min \u00e0s 16h00min. Tel.:\u00a0<a href=\"tel:%2832%29%203357-1235\">(32) 3357-1235<\/a>.\u00a0Coronel Xavier Chaves, 30 de maio de 2022.\u00a0Juliana Jaques Camargos \u2013 Presidente da CPL.<\/p>\n<\/div>\n<\/div>\n<\/div>\n<p>&nbsp;<\/p>\n<div class=\"printshowonly\">\n<p>*<b>PUBLICA\u00c7\u00c3O<\/b><\/p>\n<ul>\n<li>Um destaque desta publica\u00e7\u00e3o foi gerado na p\u00e1gina inicial do site, dispon\u00edvel at\u00e9 que demais publica\u00e7\u00f5es sejam realizadas.<\/li>\n<li>Uma publica\u00e7\u00e3o permanente foi feita na p\u00e1gina de Editais e Licita\u00e7\u00f5es.<\/li>\n<li>Link para acesso:\u00a0http:\/\/coronelxavierchaves.mg.gov.br\/prefeitura\/wp-json\/wp\/v2\/posts\/14476<\/li>\n<\/ul>\n<\/div>\n","protected":false},"excerpt":{"rendered":"<p>DOWNLOADS EDITAL, publicado em 30\/05\/2022 \u00e0s 18:41h. RESULTADO, publicado em 15\/06\/2022 \u00e0s 14:20h. CONTRATO, publicado em 11\/07\/2022 \u00e0s 09:50h. ORDEM DE SERVI\u00c7O, publicado em 14\/07\/2022 \u00e0s 12:00h. 1\u00ba TERMO ADITIVO, publicado em 07\/10\/2022 \u00e0s 09:12h. 2\u00ba TERMO ADITIVO, publicado em 17\/02\/2023 \u00e0s 15:35h. 3\u00ba TERMO ADITIVO, publicado em 30\/06\/2023 \u00e0s 14:58h. 4\u00ba TERMO ADITIVO, publicado [&hellip;]<\/p>\n","protected":false},"author":3,"featured_media":4367,"comment_status":"open","ping_status":"open","sticky":false,"template":"","format":"standard","meta":{"footnotes":"","_links_to":"","_links_to_target":""},"categories":[102],"tags":[],"class_list":{"0":"post-14476","1":"post","2":"type-post","3":"status-publish","4":"format-standard","5":"has-post-thumbnail","7":"category-editais-de-licitacao-2022"},"_links":{"self":[{"href":"https:\/\/coronelxavierchaves.mg.gov.br\/prefeitura\/wp-json\/wp\/v2\/posts\/14476","targetHints":{"allow":["GET"]}}],"collection":[{"href":"https:\/\/coronelxavierchaves.mg.gov.br\/prefeitura\/wp-json\/wp\/v2\/posts"}],"about":[{"href":"https:\/\/coronelxavierchaves.mg.gov.br\/prefeitura\/wp-json\/wp\/v2\/types\/post"}],"author":[{"embeddable":true,"href":"https:\/\/coronelxavierchaves.mg.gov.br\/prefeitura\/wp-json\/wp\/v2\/users\/3"}],"replies":[{"embeddable":true,"href":"https:\/\/coronelxavierchaves.mg.gov.br\/prefeitura\/wp-json\/wp\/v2\/comments?post=14476"}],"version-history":[{"count":17,"href":"https:\/\/coronelxavierchaves.mg.gov.br\/prefeitura\/wp-json\/wp\/v2\/posts\/14476\/revisions"}],"predecessor-version":[{"id":21962,"href":"https:\/\/coronelxavierchaves.mg.gov.br\/prefeitura\/wp-json\/wp\/v2\/posts\/14476\/revisions\/21962"}],"wp:featuredmedia":[{"embeddable":true,"href":"https:\/\/coronelxavierchaves.mg.gov.br\/prefeitura\/wp-json\/wp\/v2\/media\/4367"}],"wp:attachment":[{"href":"https:\/\/coronelxavierchaves.mg.gov.br\/prefeitura\/wp-json\/wp\/v2\/media?parent=14476"}],"wp:term":[{"taxonomy":"category","embeddable":true,"href":"https:\/\/coronelxavierchaves.mg.gov.br\/prefeitura\/wp-json\/wp\/v2\/categories?post=14476"},{"taxonomy":"post_tag","embeddable":true,"href":"https:\/\/coronelxavierchaves.mg.gov.br\/prefeitura\/wp-json\/wp\/v2\/tags?post=14476"}],"curies":[{"name":"wp","href":"https:\/\/api.w.org\/{rel}","templated":true}]}}