{"id":14526,"date":"2022-06-07T11:53:10","date_gmt":"2022-06-07T14:53:10","guid":{"rendered":"http:\/\/coronelxavierchaves.mg.gov.br\/prefeitura\/?p=14526"},"modified":"2022-07-13T11:43:14","modified_gmt":"2022-07-13T14:43:14","slug":"aquisicao-de-mascaras-de-protecao-alcool-em-gel-e-liquido-70-e-teste-covid-19-ag-rapido-pl-46-2022","status":"publish","type":"post","link":"https:\/\/coronelxavierchaves.mg.gov.br\/prefeitura\/2022\/06\/07\/aquisicao-de-mascaras-de-protecao-alcool-em-gel-e-liquido-70-e-teste-covid-19-ag-rapido-pl-46-2022\/","title":{"rendered":"Aquisi\u00e7\u00e3o de m\u00e1scaras de prote\u00e7\u00e3o, \u00e1lcool em gel e l\u00edquido 70% e teste covid-19 AG r\u00e1pido (PL 46\/2022)"},"content":{"rendered":"<blockquote><p>DOWNLOADS<\/p><\/blockquote>\n<ul>\n<li><a href=\"http:\/\/coronelxavierchaves.mg.gov.br\/prefeitura\/wp-content\/uploads\/2022\/06\/05-EDITAL-AQUISICAO-EPI-COVID.pdf\">EDITAL<\/a>, publicado em 07\/06\/2022 \u00e0s 11:53h.<\/li>\n<li><a href=\"http:\/\/coronelxavierchaves.mg.gov.br\/prefeitura\/wp-content\/uploads\/2022\/07\/ATA-DE-REGISTRO-DE-PRECOS-DS-DISTRIBUIDORA-PUBLICAR.pdf\">ATA DE REGISTRO DE PRE\u00c7OS: DS DISTRIBUIDORA<\/a>, publicado em 13\/07\/2022 \u00e0s 11:43h.<\/li>\n<li><a href=\"http:\/\/coronelxavierchaves.mg.gov.br\/prefeitura\/wp-content\/uploads\/2022\/07\/ATA-DE-REGISTRO-DE-PRECOS-FAST-CLEAN-PUBLICAR.pdf\">ATA DE REGISTRO DE PRE\u00c7OS: FAST CLEAN<\/a>, publicado em 13\/07\/2022 \u00e0s 11:43h.<\/li>\n<li><a href=\"http:\/\/coronelxavierchaves.mg.gov.br\/prefeitura\/wp-content\/uploads\/2022\/07\/ATA-DE-REGISTRO-DE-PRECOS-PROATIVA-PUBLICAR.pdf\">ATA DE REGISTRO DE PRE\u00c7OS: PROATIVA<\/a>, publicado em 13\/07\/2022 \u00e0s 11:43h.<\/li>\n<li><a href=\"http:\/\/coronelxavierchaves.mg.gov.br\/prefeitura\/wp-content\/uploads\/2022\/07\/ATA-DE-REGISTRO-DE-PRECOS-SHL-PUBLICAR.pdf\">ATA DE REGISTRO DE PRE\u00c7OS: SHL<\/a>, publicado em 13\/07\/2022 \u00e0s 11:43h.<\/li>\n<\/ul>\n<p>&nbsp;<\/p>\n<div style=\"text-align: justify;\">\n<p style=\"text-align: left;\"><strong style=\"text-align: justify; color: #222222; font-family: Verdana, Geneva, sans-serif; font-size: 15px;\"><u>AVISO DE LICITA\u00c7\u00c3O<\/u><\/strong><\/p>\n<div>\n<div style=\"text-align: justify;\">\n<p style=\"font-weight: 400;\">Prefeitura Municipal de Coronel Xavier Chaves\/MG. Aviso de Licita\u00e7\u00e3o &#8211; Processo Licitat\u00f3rio \u2013 46\/2022, Preg\u00e3o Presencial \u2013 30\/2022, do tipo\u00a0<strong>MENOR PRE\u00c7O POR ITEM<\/strong>\u00a0&#8211; Objeto:\u00a0<strong><u>AQUISI\u00c7\u00c3O DE M\u00c1SCARAS DE PROTE\u00c7\u00c3O, \u00c1LCOOL EM GEL E L\u00cdQUIDO 70% E TESTE COVID-19 AG R\u00c1PIDO, PARA PREVEN\u00c7\u00c3O E ENFRENTAMENTO DA PANDEMIA CAUSADA PELO<em>\u00a0CORONAV\u00cdRUS<\/em><\/u><\/strong><strong><em>.\u00a0<\/em><\/strong><u>Credenciamento<\/u>:\u00a0<strong>29\/06\/2022 das 08h00min \u00e0s 08h15min.\u00a0<\/strong><u>Abertura:<\/u><strong>\u00a029\/06\/2022, ap\u00f3s o credenciamento.<\/strong>\u00a0O edital est\u00e1 dispon\u00edvel no Site-\u201c<a href=\"http:\/\/www.coronelxavierchaves.mg.gov.br\/\" data-saferedirecturl=\"https:\/\/www.google.com\/url?q=http:\/\/www.coronelxavierchaves.mg.gov.br&amp;source=gmail&amp;ust=1654698391255000&amp;usg=AOvVaw0RrZmGPkWQsZ7JCQVLLCS6\">www.coronelxavierchaves.mg.gov.br<\/a>&#8220;, informa\u00e7\u00f5es\u00a0na prefeitura municipal \u00e0 Rua Padre Reis, 84, Centro, Coronel Xavier Chaves\/MG, no hor\u00e1rio de 08h00min as 12h00min e de 13h00min as 16h00min. Tel.:\u00a0<a href=\"tel:%2832%29%203357-1235\">(32) 3357-1235<\/a>. Coronel Xavier Chaves, 07 de junho de 2022. Beatriz Rayze de Resende &#8211; Pregoeira.<\/p>\n<\/div>\n<\/div>\n<\/div>\n<p>&nbsp;<\/p>\n<div class=\"printshowonly\">\n<p>*<b>PUBLICA\u00c7\u00c3O<\/b><\/p>\n<ul>\n<li>Um destaque desta publica\u00e7\u00e3o foi gerado na p\u00e1gina inicial do site, dispon\u00edvel at\u00e9 que demais publica\u00e7\u00f5es sejam realizadas.<\/li>\n<li>Uma publica\u00e7\u00e3o permanente foi feita na p\u00e1gina de Editais e Licita\u00e7\u00f5es.<\/li>\n<li>Link para acesso:\u00a0http:\/\/coronelxavierchaves.mg.gov.br\/prefeitura\/wp-json\/wp\/v2\/posts\/14526<\/li>\n<\/ul>\n<\/div>\n","protected":false},"excerpt":{"rendered":"<p>DOWNLOADS EDITAL, publicado em 07\/06\/2022 \u00e0s 11:53h. ATA DE REGISTRO DE PRE\u00c7OS: DS DISTRIBUIDORA, publicado em 13\/07\/2022 \u00e0s 11:43h. ATA DE REGISTRO DE PRE\u00c7OS: FAST CLEAN, publicado em 13\/07\/2022 \u00e0s 11:43h. ATA DE REGISTRO DE PRE\u00c7OS: PROATIVA, publicado em 13\/07\/2022 \u00e0s 11:43h. ATA DE REGISTRO DE PRE\u00c7OS: SHL, publicado em 13\/07\/2022 \u00e0s 11:43h. &nbsp; AVISO [&hellip;]<\/p>\n","protected":false},"author":3,"featured_media":4367,"comment_status":"open","ping_status":"open","sticky":false,"template":"","format":"standard","meta":{"footnotes":"","_links_to":"","_links_to_target":""},"categories":[102],"tags":[],"class_list":{"0":"post-14526","1":"post","2":"type-post","3":"status-publish","4":"format-standard","5":"has-post-thumbnail","7":"category-editais-de-licitacao-2022"},"_links":{"self":[{"href":"https:\/\/coronelxavierchaves.mg.gov.br\/prefeitura\/wp-json\/wp\/v2\/posts\/14526","targetHints":{"allow":["GET"]}}],"collection":[{"href":"https:\/\/coronelxavierchaves.mg.gov.br\/prefeitura\/wp-json\/wp\/v2\/posts"}],"about":[{"href":"https:\/\/coronelxavierchaves.mg.gov.br\/prefeitura\/wp-json\/wp\/v2\/types\/post"}],"author":[{"embeddable":true,"href":"https:\/\/coronelxavierchaves.mg.gov.br\/prefeitura\/wp-json\/wp\/v2\/users\/3"}],"replies":[{"embeddable":true,"href":"https:\/\/coronelxavierchaves.mg.gov.br\/prefeitura\/wp-json\/wp\/v2\/comments?post=14526"}],"version-history":[{"count":3,"href":"https:\/\/coronelxavierchaves.mg.gov.br\/prefeitura\/wp-json\/wp\/v2\/posts\/14526\/revisions"}],"predecessor-version":[{"id":14718,"href":"https:\/\/coronelxavierchaves.mg.gov.br\/prefeitura\/wp-json\/wp\/v2\/posts\/14526\/revisions\/14718"}],"wp:featuredmedia":[{"embeddable":true,"href":"https:\/\/coronelxavierchaves.mg.gov.br\/prefeitura\/wp-json\/wp\/v2\/media\/4367"}],"wp:attachment":[{"href":"https:\/\/coronelxavierchaves.mg.gov.br\/prefeitura\/wp-json\/wp\/v2\/media?parent=14526"}],"wp:term":[{"taxonomy":"category","embeddable":true,"href":"https:\/\/coronelxavierchaves.mg.gov.br\/prefeitura\/wp-json\/wp\/v2\/categories?post=14526"},{"taxonomy":"post_tag","embeddable":true,"href":"https:\/\/coronelxavierchaves.mg.gov.br\/prefeitura\/wp-json\/wp\/v2\/tags?post=14526"}],"curies":[{"name":"wp","href":"https:\/\/api.w.org\/{rel}","templated":true}]}}