{"id":14556,"date":"2022-06-10T15:58:52","date_gmt":"2022-06-10T18:58:52","guid":{"rendered":"http:\/\/coronelxavierchaves.mg.gov.br\/prefeitura\/?p=14556"},"modified":"2022-07-07T14:30:46","modified_gmt":"2022-07-07T17:30:46","slug":"contratacao-de-empresa-especializada-para-fornecimento-de-licencas-do-servico-google-workspace-business-starter-pl-48-2022","status":"publish","type":"post","link":"https:\/\/coronelxavierchaves.mg.gov.br\/prefeitura\/2022\/06\/10\/contratacao-de-empresa-especializada-para-fornecimento-de-licencas-do-servico-google-workspace-business-starter-pl-48-2022\/","title":{"rendered":"Contrata\u00e7\u00e3o de empresa especializada para fornecimento de licen\u00e7as do servi\u00e7o Google Workspace Business Starter (PL 48\/2022)"},"content":{"rendered":"<blockquote><p>DOWNLOADS<\/p><\/blockquote>\n<ul>\n<li><a href=\"http:\/\/coronelxavierchaves.mg.gov.br\/prefeitura\/wp-content\/uploads\/2022\/06\/06-EDITAL-LICENCAS-GOOGLE-WORKSPACE.pdf\">EDITAL<\/a>, publicado em 10\/06\/2022.<\/li>\n<li><a href=\"http:\/\/coronelxavierchaves.mg.gov.br\/prefeitura\/wp-content\/uploads\/2022\/07\/Decisao-Administrativa-Pregao-no-31-2022.pdf\">DECIS\u00c3O ADMINISTRATIVA<\/a>, publicado em 07\/07\/2022 \u00e0s 14:30h.<\/li>\n<\/ul>\n<blockquote><p>OBJETO<\/p><\/blockquote>\n<p style=\"text-align: justify;\"><b>CONTRATA\u00c7\u00c3O DE EMPRESA ESPECIALIZADA PARA FORNECIMENTO DE LICEN\u00c7AS DO SERVI\u00c7O GOOGLE WORKSPACE BUSINESS STARTER PARA ATENDER AS NECESSIDADES DA PREFEITURA MUNICIPAL DE CORONEL XAVIER CHAVES.<\/b><\/p>\n<div style=\"text-align: justify;\">\n<p style=\"text-align: left;\"><strong style=\"text-align: justify; color: #222222; font-family: Verdana, Geneva, sans-serif; font-size: 15px;\"><u>AVISO DE LICITA\u00c7\u00c3O<\/u><\/strong><\/p>\n<div>\n<div style=\"text-align: justify;\">\n<p style=\"font-weight: 400;\">O munic\u00edpio de Coronel Xavier Chaves\/MG torna p\u00fablico o Processo Licitat\u00f3rio 48\/2022, Preg\u00e3o Presencial Para Registro de Pre\u00e7os 31\/2022, para sele\u00e7\u00e3o da proposta mais vantajosa para\u00a0<b>CONTRATA\u00c7\u00c3O DE EMPRESA ESPECIALIZADA PARA FORNECIMENTO DE LICEN\u00c7AS DO SERVI\u00c7O GOOGLE WORKSPACE BUSINESS STARTER PARA ATENDER AS NECESSIDADES DA PREFEITURA MUNICIPAL DE CORONEL XAVIER CHAVES<\/b>, mediante o crit\u00e9rio de julgamento\u00a0<b>MENOR PRE\u00c7O POR ITEM<\/b>, EXCLUSIVO PARA ME\/EPP. Credenciamento e abertura:\u00a0<b><u>24\/06\/2022 \u00e0s 09h00min<\/u><\/b>. O edital est\u00e1 dispon\u00edvel no Site \u201c<a href=\"http:\/\/www.coronelxavierchaves.mg.gov.br\/\" target=\"_blank\" rel=\"noopener\" data-saferedirecturl=\"https:\/\/www.google.com\/url?q=http:\/\/www.coronelxavierchaves.mg.gov.br&amp;source=gmail&amp;ust=1654973528928000&amp;usg=AOvVaw3PAsyx9_jVvRZIj5IqOwoX\">www.coronelxavierchaves.mg.<wbr \/>gov.br<\/a>&#8220;, informa\u00e7\u00f5es na prefeitura municipal \u00e0 Rua Padre Reis, 84, Centro Coronel Xavier Chaves, MG, no hor\u00e1rio das 08h00min \u00e0s 12h00min e das 13h00min \u00e0s 16h00min. Tel.: (32) 3357-1235.\u00a0 Coronel Xavier Chaves, 09 de junho de 2022. BEATRIZ RAYZE RESENDE &#8211; Pregoeira.<\/p>\n<\/div>\n<\/div>\n<\/div>\n<p>&nbsp;<\/p>\n<div class=\"printshowonly\">\n<p>*<b>PUBLICA\u00c7\u00c3O<\/b><\/p>\n<ul>\n<li>Um destaque desta publica\u00e7\u00e3o foi gerado na p\u00e1gina inicial do site, dispon\u00edvel at\u00e9 que demais publica\u00e7\u00f5es sejam realizadas.<\/li>\n<li>Uma publica\u00e7\u00e3o permanente foi feita na p\u00e1gina de Editais e Licita\u00e7\u00f5es.<\/li>\n<li>Link para acesso:\u00a0http:\/\/coronelxavierchaves.mg.gov.br\/prefeitura\/wp-json\/wp\/v2\/posts\/14556<\/li>\n<\/ul>\n<\/div>\n","protected":false},"excerpt":{"rendered":"<p>DOWNLOADS EDITAL, publicado em 10\/06\/2022. DECIS\u00c3O ADMINISTRATIVA, publicado em 07\/07\/2022 \u00e0s 14:30h. OBJETO CONTRATA\u00c7\u00c3O DE EMPRESA ESPECIALIZADA PARA FORNECIMENTO DE LICEN\u00c7AS DO SERVI\u00c7O GOOGLE WORKSPACE BUSINESS STARTER PARA ATENDER AS NECESSIDADES DA PREFEITURA MUNICIPAL DE CORONEL XAVIER CHAVES. AVISO DE LICITA\u00c7\u00c3O O munic\u00edpio de Coronel Xavier Chaves\/MG torna p\u00fablico o Processo Licitat\u00f3rio 48\/2022, Preg\u00e3o Presencial [&hellip;]<\/p>\n","protected":false},"author":3,"featured_media":4367,"comment_status":"open","ping_status":"open","sticky":false,"template":"","format":"standard","meta":{"footnotes":"","_links_to":"","_links_to_target":""},"categories":[102],"tags":[],"class_list":{"0":"post-14556","1":"post","2":"type-post","3":"status-publish","4":"format-standard","5":"has-post-thumbnail","7":"category-editais-de-licitacao-2022"},"_links":{"self":[{"href":"https:\/\/coronelxavierchaves.mg.gov.br\/prefeitura\/wp-json\/wp\/v2\/posts\/14556","targetHints":{"allow":["GET"]}}],"collection":[{"href":"https:\/\/coronelxavierchaves.mg.gov.br\/prefeitura\/wp-json\/wp\/v2\/posts"}],"about":[{"href":"https:\/\/coronelxavierchaves.mg.gov.br\/prefeitura\/wp-json\/wp\/v2\/types\/post"}],"author":[{"embeddable":true,"href":"https:\/\/coronelxavierchaves.mg.gov.br\/prefeitura\/wp-json\/wp\/v2\/users\/3"}],"replies":[{"embeddable":true,"href":"https:\/\/coronelxavierchaves.mg.gov.br\/prefeitura\/wp-json\/wp\/v2\/comments?post=14556"}],"version-history":[{"count":4,"href":"https:\/\/coronelxavierchaves.mg.gov.br\/prefeitura\/wp-json\/wp\/v2\/posts\/14556\/revisions"}],"predecessor-version":[{"id":14676,"href":"https:\/\/coronelxavierchaves.mg.gov.br\/prefeitura\/wp-json\/wp\/v2\/posts\/14556\/revisions\/14676"}],"wp:featuredmedia":[{"embeddable":true,"href":"https:\/\/coronelxavierchaves.mg.gov.br\/prefeitura\/wp-json\/wp\/v2\/media\/4367"}],"wp:attachment":[{"href":"https:\/\/coronelxavierchaves.mg.gov.br\/prefeitura\/wp-json\/wp\/v2\/media?parent=14556"}],"wp:term":[{"taxonomy":"category","embeddable":true,"href":"https:\/\/coronelxavierchaves.mg.gov.br\/prefeitura\/wp-json\/wp\/v2\/categories?post=14556"},{"taxonomy":"post_tag","embeddable":true,"href":"https:\/\/coronelxavierchaves.mg.gov.br\/prefeitura\/wp-json\/wp\/v2\/tags?post=14556"}],"curies":[{"name":"wp","href":"https:\/\/api.w.org\/{rel}","templated":true}]}}