{"id":14615,"date":"2022-06-27T14:20:47","date_gmt":"2022-06-27T17:20:47","guid":{"rendered":"http:\/\/coronelxavierchaves.mg.gov.br\/prefeitura\/?p=14615"},"modified":"2022-07-13T12:15:33","modified_gmt":"2022-07-13T15:15:33","slug":"contratacao-de-empresa-de-transporte-de-passageiros-para-a-realizacao-de-transporte-de-alunos-grupos-sociais-grupos-culturais-equipes-esportivas-e-outros-servicos-pl-49-2022","status":"publish","type":"post","link":"https:\/\/coronelxavierchaves.mg.gov.br\/prefeitura\/2022\/06\/27\/contratacao-de-empresa-de-transporte-de-passageiros-para-a-realizacao-de-transporte-de-alunos-grupos-sociais-grupos-culturais-equipes-esportivas-e-outros-servicos-pl-49-2022\/","title":{"rendered":"Contrata\u00e7\u00e3o de empresa de transporte de passageiros, para a realiza\u00e7\u00e3o de transporte de alunos, grupos sociais, grupos culturais, equipes esportivas e outros servi\u00e7os (PL 49\/2022)"},"content":{"rendered":"<blockquote><p>DOWNLOADS<\/p><\/blockquote>\n<ul>\n<li><a href=\"http:\/\/coronelxavierchaves.mg.gov.br\/prefeitura\/wp-content\/uploads\/2022\/06\/05-EDITAL-SERVICOS-TRANSPORTE-PASSAGEIROS-2022.pdf\">EDITAL<\/a>, publicado em 27\/06\/2022 \u00e0s 14:20h.<\/li>\n<li><a href=\"http:\/\/coronelxavierchaves.mg.gov.br\/prefeitura\/wp-content\/uploads\/2022\/07\/11-ATA-DE-REGISTRO-DE-PRECOS-GEOVANI.pdf\">ATA DE REGISTRO DE PRE\u00c7OS: GEOVANI<\/a>, publicado em 13\/07\/2022 \u00e0s 12:15h.<\/li>\n<li><a href=\"http:\/\/coronelxavierchaves.mg.gov.br\/prefeitura\/wp-content\/uploads\/2022\/07\/11-ATA-DE-REGISTRO-DE-PRECOS-WESLEY.pdf\">ATA DE REGISTRO DE PRE\u00c7OS: WESLEY<\/a>, publicado em 13\/07\/2022 \u00e0s 12:15h.<\/li>\n<\/ul>\n<div style=\"text-align: justify;\">\n<p style=\"text-align: left;\"><strong style=\"text-align: justify; color: #222222; font-family: Verdana, Geneva, sans-serif; font-size: 15px;\"><u>AVISO DE LICITA\u00c7\u00c3O<\/u><\/strong><\/p>\n<div>\n<div style=\"text-align: justify;\">\n<p style=\"font-weight: 400;\">Prefeitura Municipal de Coronel Xavier Chaves\/MG. Aviso de\u00a0Licita\u00e7\u00e3o<b>\u00a0&#8211; Processo Licitat\u00f3rio \u2013 49\/2022, Preg\u00e3o Presencial para Registro de Pre\u00e7os \u2013 32\/2022,\u00a0 do tipo\u00a0<u>Menor Pre\u00e7o Por Item.<\/u>\u00a0Objeto:\u00a0<\/b><b><u>CONTRATA\u00c7\u00c3O DE EMPRESA DE TRANSPORTE DE PASSAGEIROS, PARA A REALIZA\u00c7\u00c3O DE TRANSPORTE DE ALUNOS, GRUPOS SOCIAIS, GRUPOS CULTURAIS, EQUIPES ESPORTIVAS E OUTROS SERVI\u00c7OS NECESS\u00c1RIOS DESTE MUNIC\u00cdPIO<\/u><\/b>.<b><i>\u00a0<\/i><\/b><u>Credenciamento<\/u>:\u00a0<b>12\/07\/2022 das 08h00min \u00e0s 08h15min.\u00a0<\/b><u>Abertura:<\/u><b>\u00a012\/07\/2022, ap\u00f3s o credenciamento.<\/b>\u00a0O edital est\u00e1 dispon\u00edvel no Site-\u201c<a href=\"http:\/\/www.coronelxavierchaves.mg.gov.br\/\" target=\"_blank\" rel=\"noopener\" data-saferedirecturl=\"https:\/\/www.google.com\/url?q=http:\/\/www.coronelxavierchaves.mg.gov.br&amp;source=gmail&amp;ust=1656435972803000&amp;usg=AOvVaw0rP89-OnZm0Pk6cdERXzTc\">www.coronelxavierchaves.<wbr \/>mg.gov.br<\/a>&#8220;, informa\u00e7\u00f5es\u00a0na prefeitura municipal \u00e0 Rua Padre Reis, 84, Centro, Coronel Xavier Chaves\/MG, no hor\u00e1rio de 08h00min as 12h00min e de 13h00min as 16h00min. Tel.:\u00a0<a href=\"tel:%2832%29%203357-1235\" target=\"_blank\" rel=\"noopener\">(32) 3357-1235<\/a>. Coronel Xavier Chaves, 27 de junho de 2022. Juliana Jaques Camargos \u2013 Pregoeira Suplente<\/p>\n<\/div>\n<\/div>\n<\/div>\n<p>&nbsp;<\/p>\n<div class=\"printshowonly\">\n<p>*<b>PUBLICA\u00c7\u00c3O<\/b><\/p>\n<ul>\n<li>Um destaque desta publica\u00e7\u00e3o foi gerado na p\u00e1gina inicial do site, dispon\u00edvel at\u00e9 que demais publica\u00e7\u00f5es sejam realizadas.<\/li>\n<li>Uma publica\u00e7\u00e3o permanente foi feita na p\u00e1gina de Editais e Licita\u00e7\u00f5es.<\/li>\n<li>Link para acesso:\u00a0http:\/\/coronelxavierchaves.mg.gov.br\/prefeitura\/wp-json\/wp\/v2\/posts\/14615<\/li>\n<\/ul>\n<\/div>\n","protected":false},"excerpt":{"rendered":"<p>DOWNLOADS EDITAL, publicado em 27\/06\/2022 \u00e0s 14:20h. ATA DE REGISTRO DE PRE\u00c7OS: GEOVANI, publicado em 13\/07\/2022 \u00e0s 12:15h. ATA DE REGISTRO DE PRE\u00c7OS: WESLEY, publicado em 13\/07\/2022 \u00e0s 12:15h. AVISO DE LICITA\u00c7\u00c3O Prefeitura Municipal de Coronel Xavier Chaves\/MG. Aviso de\u00a0Licita\u00e7\u00e3o\u00a0&#8211; Processo Licitat\u00f3rio \u2013 49\/2022, Preg\u00e3o Presencial para Registro de Pre\u00e7os \u2013 32\/2022,\u00a0 do tipo\u00a0Menor Pre\u00e7o [&hellip;]<\/p>\n","protected":false},"author":3,"featured_media":4367,"comment_status":"open","ping_status":"open","sticky":false,"template":"","format":"standard","meta":{"footnotes":"","_links_to":"","_links_to_target":""},"categories":[102],"tags":[],"class_list":{"0":"post-14615","1":"post","2":"type-post","3":"status-publish","4":"format-standard","5":"has-post-thumbnail","7":"category-editais-de-licitacao-2022"},"_links":{"self":[{"href":"https:\/\/coronelxavierchaves.mg.gov.br\/prefeitura\/wp-json\/wp\/v2\/posts\/14615","targetHints":{"allow":["GET"]}}],"collection":[{"href":"https:\/\/coronelxavierchaves.mg.gov.br\/prefeitura\/wp-json\/wp\/v2\/posts"}],"about":[{"href":"https:\/\/coronelxavierchaves.mg.gov.br\/prefeitura\/wp-json\/wp\/v2\/types\/post"}],"author":[{"embeddable":true,"href":"https:\/\/coronelxavierchaves.mg.gov.br\/prefeitura\/wp-json\/wp\/v2\/users\/3"}],"replies":[{"embeddable":true,"href":"https:\/\/coronelxavierchaves.mg.gov.br\/prefeitura\/wp-json\/wp\/v2\/comments?post=14615"}],"version-history":[{"count":3,"href":"https:\/\/coronelxavierchaves.mg.gov.br\/prefeitura\/wp-json\/wp\/v2\/posts\/14615\/revisions"}],"predecessor-version":[{"id":14724,"href":"https:\/\/coronelxavierchaves.mg.gov.br\/prefeitura\/wp-json\/wp\/v2\/posts\/14615\/revisions\/14724"}],"wp:featuredmedia":[{"embeddable":true,"href":"https:\/\/coronelxavierchaves.mg.gov.br\/prefeitura\/wp-json\/wp\/v2\/media\/4367"}],"wp:attachment":[{"href":"https:\/\/coronelxavierchaves.mg.gov.br\/prefeitura\/wp-json\/wp\/v2\/media?parent=14615"}],"wp:term":[{"taxonomy":"category","embeddable":true,"href":"https:\/\/coronelxavierchaves.mg.gov.br\/prefeitura\/wp-json\/wp\/v2\/categories?post=14615"},{"taxonomy":"post_tag","embeddable":true,"href":"https:\/\/coronelxavierchaves.mg.gov.br\/prefeitura\/wp-json\/wp\/v2\/tags?post=14615"}],"curies":[{"name":"wp","href":"https:\/\/api.w.org\/{rel}","templated":true}]}}