{"id":14657,"date":"2022-07-04T18:16:24","date_gmt":"2022-07-04T21:16:24","guid":{"rendered":"http:\/\/coronelxavierchaves.mg.gov.br\/prefeitura\/?p=14657"},"modified":"2024-09-26T16:10:48","modified_gmt":"2024-09-26T19:10:48","slug":"processo-seletivo-simplificado-no-003-2022-para-contratacao-temporaria-dos-cargos-que-especifica","status":"publish","type":"post","link":"https:\/\/coronelxavierchaves.mg.gov.br\/prefeitura\/2022\/07\/04\/processo-seletivo-simplificado-no-003-2022-para-contratacao-temporaria-dos-cargos-que-especifica\/","title":{"rendered":"Processo Seletivo Simplificado n\u00ba 003\/2022 para contrata\u00e7\u00e3o tempor\u00e1ria dos cargos que especifica"},"content":{"rendered":"<ul>\n<li><a href=\"http:\/\/coronelxavierchaves.mg.gov.br\/prefeitura\/wp-content\/uploads\/2022\/07\/Edital-Processo-Seletivo-PM-Coronel-Xavier-Chaves-003-2022.pdf\">EDITAL<\/a>, publicado em 04\/07\/2022 \u00e0s 16:16h.<\/li>\n<li><a href=\"http:\/\/coronelxavierchaves.mg.gov.br\/prefeitura\/wp-content\/uploads\/2022\/08\/Publicacao-Processo-Seletivo-Simplificado-no-003-2022.pdf\">COMUNICADO<\/a>, publicado em 05\/08\/2022 \u00e0s 16:47h.<\/li>\n<li><a href=\"http:\/\/coronelxavierchaves.mg.gov.br\/prefeitura\/wp-content\/uploads\/2022\/08\/Resultado-Preliminar-Processo-Seletivo-003-2022.pdf\">RESULTADO PRELIMINAR<\/a>, publicado em 17\/08\/2022 \u00e0s 16:30h.<\/li>\n<li><a href=\"http:\/\/coronelxavierchaves.mg.gov.br\/prefeitura\/wp-content\/uploads\/2022\/09\/EDITAL-DE-CONVOCACAO-PSICOLOGO-DO-CRAS.pdf\">EDITAL DE CONVOCA\u00c7\u00c3O: Psic\u00f3logo do CRAS<\/a>, publicado em 29\/09\/2022 \u00e0s 16:28h.<\/li>\n<li><a href=\"http:\/\/coronelxavierchaves.mg.gov.br\/prefeitura\/wp-content\/uploads\/2022\/09\/EDITAL-DE-CONVOCACAO-PSICOLOGO.pdf\">EDITAL DE CONVOCA\u00c7\u00c3O: Psic\u00f3logo<\/a>, publicado em 29\/09\/2022 \u00e0s 16:31h.<\/li>\n<li><a href=\"http:\/\/coronelxavierchaves.mg.gov.br\/prefeitura\/wp-content\/uploads\/2022\/09\/EDITAL-DE-CONVOCACAO-ATENDENTE.pdf\">EDITAL DE CONVOCA\u00c7\u00c3O: Atendente<\/a>, publicado em 30\/09\/2022 \u00e0s 11:05h.<\/li>\n<li><a href=\"http:\/\/coronelxavierchaves.mg.gov.br\/prefeitura\/wp-content\/uploads\/2022\/09\/EDITAL-DE-CONVOCACAO-AGENTE-ADMINISTRATIVO-I.pdf\">EDITAL DE CONVOCA\u00c7\u00c3O: Agente Administrativo I<\/a>, publicado em 30\/09\/2022 \u00e0s 11:08h.<\/li>\n<li><a href=\"http:\/\/coronelxavierchaves.mg.gov.br\/prefeitura\/wp-content\/uploads\/2022\/09\/EDITAL-DE-CONVOCACAO-AUXILIAR-DE-SERVICO-ESCOLAR.pdf\">EDITAL DE CONVOCA\u00c7\u00c3O: Auxiliar de Servi\u00e7o Escolar<\/a>, publicado em 30\/09\/2022 \u00e0s 14:55h.<\/li>\n<li><a href=\"http:\/\/coronelxavierchaves.mg.gov.br\/prefeitura\/wp-content\/uploads\/2022\/10\/EDITAL-DE-CONVOCACAO-ENFERMEIRO.pdf\">EDITAL DE CONVOCA\u00c7\u00c3O: Enfermeiro<\/a>, publicado em 03\/10\/2022 \u00e0s 15:27h.<\/li>\n<li><a href=\"http:\/\/coronelxavierchaves.mg.gov.br\/prefeitura\/wp-content\/uploads\/2022\/10\/EDITAL-DE-CONVOCACAO-AUXILIAR-DE-SERVICO-ESCOLAR-1.pdf\">EDITAL DE CONVOCA\u00c7\u00c3O: Auxiliar de Servi\u00e7o Escolar<\/a>, publicado em 06\/10\/2022 \u00e0s 16:15h.<\/li>\n<li><a href=\"http:\/\/coronelxavierchaves.mg.gov.br\/prefeitura\/wp-content\/uploads\/2022\/10\/EDITAL-DE-CONVOCACAO-NUTRICIONISTA.pdf\">EDITAL DE CONVOCA\u00c7\u00c3O: Nutricionista da Sa\u00fade<\/a>, publicado em 07\/10\/2022 \u00e0s 08:30h.<\/li>\n<li><a href=\"http:\/\/coronelxavierchaves.mg.gov.br\/prefeitura\/wp-content\/uploads\/2022\/10\/EDITAL-DE-CONVOCACAO-PSICOLOGO-1.pdf\">EDITAL DE CONVOCA\u00c7\u00c3O: Psic\u00f3logo<\/a>, publicado em 11\/10\/2022 \u00e0s 11:15h.<\/li>\n<li><a href=\"http:\/\/coronelxavierchaves.mg.gov.br\/prefeitura\/wp-content\/uploads\/2022\/10\/EDITAL-DE-CONVOCACAO-PROFESSOR-MUNICIPAL.pdf\">EDITAL DE CONVOCA\u00c7\u00c3O PROFESSOR MUNICIPAL<\/a>, publicado em 13\/10\/2022 \u00e0s 15:05h.<\/li>\n<li><a href=\"http:\/\/coronelxavierchaves.mg.gov.br\/prefeitura\/wp-content\/uploads\/2022\/10\/EDITAL-DE-CONVOCACAO-AUXILIAR-DE-SERVICO-DE-SAUDE-III.pdf\">EDITAL DE CONVOCA\u00c7\u00c3O: Auxiliar de Servi\u00e7o de Sa\u00fade III<\/a>, publicado em 14\/10\/2022 \u00e0s 12:41h.<\/li>\n<li><a href=\"http:\/\/coronelxavierchaves.mg.gov.br\/prefeitura\/wp-content\/uploads\/2022\/10\/EDITAL-DE-CONVOCACAO-PSICOLOGO.pdf\">EDITAL DE CONVOCA\u00c7\u00c3O: PSICOLOGO<\/a>, publicado em 19\/10\/2022 \u00e0s 13:33h.<\/li>\n<li><a href=\"http:\/\/coronelxavierchaves.mg.gov.br\/prefeitura\/wp-content\/uploads\/2022\/10\/EDITAL-DE-CONVOCACAO-PROFESSOR-MUNICIPAL-1-1.pdf\">EDITAL DE CONVOCA\u00c7\u00c3O: PROFESSOR MUNICIPAL<\/a>, publicado em 20\/10\/2022 \u00e0s 15:38h.<\/li>\n<li><a href=\"http:\/\/coronelxavierchaves.mg.gov.br\/prefeitura\/wp-content\/uploads\/2022\/10\/EDITAL-DE-CONVOCACAO-AGENTE-ADMINISTRATIVO-I.pdf\">EDITAL DE CONVOCA\u00c7\u00c3O: AGENTE ADMINISTRATIVO I<\/a>, publicado em 20\/10\/2022 \u00e0s 15:54h.<\/li>\n<li><a href=\"http:\/\/coronelxavierchaves.mg.gov.br\/prefeitura\/wp-content\/uploads\/2022\/10\/EDITAL-DE-CONVOCACAO-SUPERVISOR-ESCOLAR.pdf\">EDITAL DE CONVOCA\u00c7\u00c3O: SUPERVISOR ESCOLAR<\/a>, publicado em 25\/10\/2022 \u00e0s 16:28h.<\/li>\n<li><a href=\"http:\/\/coronelxavierchaves.mg.gov.br\/prefeitura\/wp-content\/uploads\/2022\/10\/EDITAL-DE-CONVOCACAO-PSICOLOGO-3.pdf\">EDITAL DE CONVOCA\u00c7\u00c3O: PSICOLOGO<\/a>, publicado em 26\/10\/2022 \u00e0s 15:12h.<\/li>\n<li><a href=\"http:\/\/coronelxavierchaves.mg.gov.br\/prefeitura\/wp-content\/uploads\/2022\/10\/EDITAL-DE-CONVOCACAO-ATENDENTE.pdf\">EDITAL DE CONVOCA\u00c7\u00c3O: ATENDENTE<\/a>, publicado em 26\/10\/2022 \u00e0s 15:21h.<\/li>\n<li><a href=\"http:\/\/coronelxavierchaves.mg.gov.br\/prefeitura\/wp-content\/uploads\/2022\/11\/EDITAL-DE-CONVOCACAO-SUPERVISOR-ESCOLAR.pdf\">EDITAL DE CONVOCA\u00c7\u00c3O: SUPERVISOR ESCOLAR<\/a>, publicado em 01\/11\/2022 \u00e0s 14:40h.<\/li>\n<li><a href=\"http:\/\/coronelxavierchaves.mg.gov.br\/prefeitura\/wp-content\/uploads\/2022\/11\/EDITAL-DE-CONVOCACAO-FAXINEIRO.pdf\">EDITAL DE CONVOCA\u00c7\u00c3O: FAXINEIRO<\/a>, publicado em 01\/11\/2022 \u00e0s 15:45h.<\/li>\n<li><a href=\"http:\/\/coronelxavierchaves.mg.gov.br\/prefeitura\/wp-content\/uploads\/2022\/11\/EDITAL-DE-CONVOCACAO-MOTORISTA.pdf\">EDITAL DE CONVOCA\u00c7\u00c3O: MOTORISTA<\/a>, publicado em 01\/11\/2022 \u00e0s 16:15h.<\/li>\n<li><a href=\"http:\/\/coronelxavierchaves.mg.gov.br\/prefeitura\/wp-content\/uploads\/2022\/11\/EDITAL-DE-CONVOCACAO-PSICOLOGO-2.pdf\">EDITAL DE CONVOCA\u00c7\u00c3O: PSICOLOGO<\/a>, publicado em 09\/11\/2022 \u00e0s 10:03h.<\/li>\n<li><a href=\"http:\/\/coronelxavierchaves.mg.gov.br\/prefeitura\/wp-content\/uploads\/2022\/11\/EDITAL-DE-CONVOCACAO-SUPERVISOR-ESCOLAR-1.pdf\">EDITAL DE CONVOCA\u00c7\u00c3O: SUPERVISOR ESCOLAR<\/a>, publicado em 09\/11\/2022 \u00e0s 10:22h.<\/li>\n<li><a href=\"http:\/\/coronelxavierchaves.mg.gov.br\/prefeitura\/wp-content\/uploads\/2022\/11\/EDITAL-DE-CONVOCACAO-AUXILIAR-DE-SERVICO-DE-SAUDE-III.pdf\">EDITAL DE CONVOCA\u00c7\u00c3O: AUXILIAR DE SERVI\u00c7O DE SA\u00daDE III,<\/a>, publicado em 09\/11\/2022 \u00e0s 11:08h.<\/li>\n<li><a href=\"http:\/\/coronelxavierchaves.mg.gov.br\/prefeitura\/wp-content\/uploads\/2022\/11\/EDITAL-DE-CONVOCACAO-AUXILIAR-DE-SERVICO-DE-SAUDE-III-1.pdf\">EDITAL DE CONVOCA\u00c7\u00c3O: AUXILIAR DE SERVI\u00c7O DE SA\u00daDE III<\/a>, publicado em 18\/11\/2022 \u00e0s 15:45h.<\/li>\n<li><a href=\"http:\/\/coronelxavierchaves.mg.gov.br\/prefeitura\/wp-content\/uploads\/2022\/11\/EDITAL-DE-CONVOCACAO-MOTORISTA-1.pdf\">EDITAL DE CONVOCA\u00c7\u00c3O: MOTORISTA<\/a>, publicado em 28\/11\/2022 \u00e0s 11:19h.<\/li>\n<li><a href=\"http:\/\/coronelxavierchaves.mg.gov.br\/prefeitura\/wp-content\/uploads\/2022\/12\/EDITAL-DE-CONVOCACAO-ENFERMEIRO-1.pdf\">EDITAL DE CONVOCA\u00c7\u00c3O: ENFERMEIRO<\/a>, publicado em 01\/12\/2022 \u00e0s 14:09h.<\/li>\n<li><a href=\"http:\/\/coronelxavierchaves.mg.gov.br\/prefeitura\/wp-content\/uploads\/2022\/12\/EDITAL-DE-CONVOCACAO-PROCESSO-SELETIVO-003-2022-FISCAL-SANITARIO.pdf\">EDITAL DE CONVOCA\u00c7\u00c3O: FISCAL SANIT\u00c1RIO<\/a>, publicado em 20\/12\/2022 \u00e0s 13:15h.<\/li>\n<li><a href=\"http:\/\/coronelxavierchaves.mg.gov.br\/prefeitura\/wp-content\/uploads\/2022\/12\/EDITAL-DE-CONVOCACAO-FAXINEIRO1.pdf\">EDITAL DE CONVOCA\u00c7\u00c3O: FAXINEIRO<\/a>, publicado em 20\/12\/2022 \u00e0s 14:45h.<\/li>\n<li><a href=\"http:\/\/coronelxavierchaves.mg.gov.br\/prefeitura\/wp-content\/uploads\/2022\/12\/EDITAL-DE-CONVOCACAO-ATENDENTE1.pdf\">EDITAL DE CONVOCA\u00c7\u00c3O: ATENDENTE<\/a>, publicado em 22\/12\/2022 \u00e0s 16:17h.<\/li>\n<li><a href=\"http:\/\/coronelxavierchaves.mg.gov.br\/prefeitura\/wp-content\/uploads\/2022\/12\/EDITAL-DE-CONVOCACAO-FAXINEIRO.pdf\">EDITAL DE CONVOCA\u00c7\u00c3O: FAXINEIRO<\/a>, publicado em 28\/12\/2022 \u00e0s 14:55h.<\/li>\n<li><a href=\"http:\/\/coronelxavierchaves.mg.gov.br\/prefeitura\/wp-content\/uploads\/2022\/12\/EDITAL-DE-CONVOCACAO-ATENDENTE.pdf\">EDITAL DE CONVOCA\u00c7\u00c3O: ATENDENTE<\/a>, publicado em 29\/12\/2022 \u00e0s 10:18h.<\/li>\n<li><a href=\"http:\/\/coronelxavierchaves.mg.gov.br\/prefeitura\/wp-content\/uploads\/2023\/01\/EDITAL-DE-CONVOCACAO-FAXINEIRO1-1.pdf\">EDITAL DE CONVOCA\u00c7\u00c3O: FAXINEIRO<\/a>, publicado em 03\/01\/2023 \u00e0s 15:25h.<\/li>\n<li><a href=\"http:\/\/coronelxavierchaves.mg.gov.br\/prefeitura\/wp-content\/uploads\/2023\/01\/EDITAL-DE-CONVOCACAO-OPERADOR-DE-MAQUINAS.pdf\">EDITAL DE CONVOCA\u00c7\u00c3O: OPERADOR DE M\u00c1QUINAS<\/a>, publicado em 12\/01\/2023 \u00e0s 09:04h.<\/li>\n<li><a href=\"http:\/\/coronelxavierchaves.mg.gov.br\/prefeitura\/wp-content\/uploads\/2023\/01\/EDITAL-DE-CONVOCACAO-OPERADOR-DE-MAQUINAS-1.pdf\">EDITAL DE CONVOCA\u00c7\u00c3O: OPERADOR DE M\u00c1QUINAS<\/a>, publicado em 19\/01\/2023 \u00e0s 13:27h.<\/li>\n<li><a href=\"http:\/\/coronelxavierchaves.mg.gov.br\/prefeitura\/wp-content\/uploads\/2023\/01\/EDITAL-DE-CONVOCACAO-AGENTE-ADMINISTRATIVO-I.-1.pdf\">EDITAL DE CONVOCA\u00c7\u00c3O: AGENTE ADMINISTRATIVO I<\/a>, publicado em 25\/01\/2023 \u00e0s 09:52h.<\/li>\n<li><a href=\"http:\/\/coronelxavierchaves.mg.gov.br\/prefeitura\/wp-content\/uploads\/2023\/01\/EDITAL-DE-CONVOCACAO-AUXILIAR-DE-SERVICO-ESCOLAR.pdf\">EDITAL DE CONVOCA\u00c7\u00c3O: AUXILIAR DE SERVI\u00c7O ESCOLAR<\/a>, publicado em 25\/01\/2023 \u00e0s 14:19h.<\/li>\n<li><a href=\"http:\/\/coronelxavierchaves.mg.gov.br\/prefeitura\/wp-content\/uploads\/2023\/01\/EDITAL-DE-CONVOCACAO-SUPERVISOR-ESCOLAR.pdf\">EDITAL DE CONVOCA\u00c7\u00c3O: SUPERVISOR ESCOLAR<\/a>, publicado em 25\/01\/2023 \u00e0s 14:25h.<\/li>\n<li><a href=\"http:\/\/coronelxavierchaves.mg.gov.br\/prefeitura\/wp-content\/uploads\/2023\/01\/EDITAL-DE-CONVOCACAO-PROFESSOR-MUNICIPAL2023.pdf\">EDITAL DE CONVOCA\u00c7\u00c3O: PROFESSOR MUNICIPAL<\/a>, publicado em 25\/01\/2023 \u00e0s 19:07h.<\/li>\n<li><a href=\"http:\/\/coronelxavierchaves.mg.gov.br\/prefeitura\/wp-content\/uploads\/2023\/01\/EDITAL-DE-CONVOCACAO-ATENDENTE12.pdf\">EDITAL DE CONVOCA\u00c7\u00c3O: ATENDENTE<\/a>, publicado em 31\/01\/2023 \u00e0s 15:10h.<\/li>\n<li><a href=\"http:\/\/coronelxavierchaves.mg.gov.br\/prefeitura\/wp-content\/uploads\/2023\/02\/EDITAL-DE-CONVOCACAO-PROFESSOR-DE-APOIO.pdf\">EDITAL DE CONVOCA\u00c7\u00c3O: PROFESSOR DE APOIO ESPECIALIZADO<\/a>, publicado em 01\/02\/2023 \u00e0s 08:36h.<\/li>\n<li><a href=\"http:\/\/coronelxavierchaves.mg.gov.br\/prefeitura\/wp-content\/uploads\/2023\/02\/EDITAL-DE-CONVOCACAO-ATENDENTE2023.pdf\">EDITAL DE CONVOCA\u00c7\u00c3O: ATENDENTE<\/a>, publicado em 02\/02\/2023 \u00e0s 14:55h.<\/li>\n<li><a href=\"http:\/\/coronelxavierchaves.mg.gov.br\/prefeitura\/wp-content\/uploads\/2023\/02\/EDITAL-DE-CONVOCACAO-PROFESSOR-DE-APOIO-1.pdf\">EDITAL DE CONVOCA\u00c7\u00c3O: PROFESSOR DE APOIO ESPECIALIZADO<\/a>, publicado em 07\/02\/2023 \u00e0s 05:40h.<\/li>\n<li><a href=\"http:\/\/coronelxavierchaves.mg.gov.br\/prefeitura\/wp-content\/uploads\/2023\/02\/EDITAL-DE-CONVOCACAO-OFICIAL-ESPECIALIZADO.pdf\">EDITAL DE CONVOCA\u00c7\u00c3O: OFICIAL ESPECIALIZADO II<\/a>, publicado em 08\/02\/2023 \u00e0s 16:14h.<\/li>\n<li><a href=\"http:\/\/coronelxavierchaves.mg.gov.br\/prefeitura\/wp-content\/uploads\/2023\/02\/EDITAL-DE-CONVOCACAO-OPERARIO-I.pdf\">EDITAL DE CONVOCA\u00c7\u00c3O: OPERARIO I<\/a>, publicado em 08\/02\/2023 \u00e0s 16:19h.<\/li>\n<li><a href=\"http:\/\/coronelxavierchaves.mg.gov.br\/prefeitura\/wp-content\/uploads\/2023\/02\/EDITAL-DE-CONVOCACAO-PROFESSOR-DE-APOIO..pdf\">EDITAL DE CONVOCA\u00c7\u00c3O: PROFESSOR DE APOIO ESPECIALIZADO<\/a>, publicado em 13\/02\/2023 \u00e0s 16:02h.<\/li>\n<li><a href=\"http:\/\/coronelxavierchaves.mg.gov.br\/prefeitura\/wp-content\/uploads\/2023\/02\/EDITAL-DE-CONVOCACAO-PROFESSOR-MUNICIPAL-S.pdf\">EDITAL DE CONVOCA\u00c7\u00c3O: PROFESSOR MUNICIPAL<\/a>, publicado em 16\/02\/2023 \u00e0s 07:47h.<\/li>\n<li><a href=\"http:\/\/coronelxavierchaves.mg.gov.br\/prefeitura\/wp-content\/uploads\/2023\/02\/EDITAL-DE-CONVOCACAO-AUXILIAR-DE-SERVICO-ESCOLAR...pdf\">EDITAL DE CONVOCA\u00c7\u00c3O: AUXILIAR DE SERVI\u00c7O ESCOLAR<\/a>, publicado em 17\/02\/2023 \u00e0s 16:15h.<\/li>\n<li><a href=\"http:\/\/coronelxavierchaves.mg.gov.br\/prefeitura\/wp-content\/uploads\/2023\/03\/EDITAL-DE-CONVOCACAO-AUXILIAR-DE-SERVICO-DE-SAUDE-III.pdf\">Edital de Convoca\u00e7\u00e3o PS 003\/2022: Auxiliar de Servi\u00e7o de Sa\u00fade III<\/a>, publicado em 15\/03\/2023 \u00e0s 16:27h.<\/li>\n<li><del><a href=\"http:\/\/coronelxavierchaves.mg.gov.br\/prefeitura\/wp-content\/uploads\/2023\/03\/EDITAL-DE-CONVOCACAO-PROFESSOR-MUNICIPAL2.pdf\">EDITAL DE CONVOCA\u00c7\u00c3O: PROFESSOR MUNICIPAL<\/a>, publicado em 30\/03\/2023 \u00e0s 15:37h.<\/del>\n<ul>\n<li><a href=\"http:\/\/coronelxavierchaves.mg.gov.br\/prefeitura\/wp-content\/uploads\/2023\/04\/cancelamento-convocacao-professor.pdf\">CANCELAMENTO DE CONVOCA\u00c7\u00c3O<\/a>, publicado em 04\/04\/2023 \u00e0s 14:50h.<\/li>\n<\/ul>\n<\/li>\n<li><a href=\"http:\/\/coronelxavierchaves.mg.gov.br\/prefeitura\/wp-content\/uploads\/2023\/04\/EDITAL-DE-CONVOCACAO-AGENTE-ADMINISTRATIVO-I.pdf\">EDITAL DE CONVOCA\u00c7\u00c3O: AGENTE ADMINISTRATIVO I<\/a>, publicado em 19\/04\/2023 \u00e0s 15:35h.<\/li>\n<li><a href=\"http:\/\/coronelxavierchaves.mg.gov.br\/prefeitura\/wp-content\/uploads\/2023\/04\/EDITAL-DE-CONVOCACAO-PROFESSOR-MUNICIPAL3.pdf\">EDITAL DE CONVOCA\u00c7\u00c3O: PROFESSOR MUNICIPAL<\/a>, publicado em 24\/04\/2023 \u00e0s 14:30h.<\/li>\n<li><a href=\"http:\/\/coronelxavierchaves.mg.gov.br\/prefeitura\/wp-content\/uploads\/2023\/04\/Decisao-Administrativa-Edital-de-Convocacao-Processo-Seletivo-no-003-2022.pdf\">DECIS\u00c3O ADMINISTRATIVA<\/a>, publicado em 26\/04\/2023 \u00e0s 07:45h.<\/li>\n<li><del><a href=\"http:\/\/coronelxavierchaves.mg.gov.br\/prefeitura\/wp-content\/uploads\/2023\/04\/EDITAL-DE-CONVOCACAO-AGENTE-ADMINISTRATIVO-I-.pdf\">EDITAL DE CONVOCA\u00c7\u00c3O: AGENTE ADMINISTRATIVO I<\/a>, publicado em 26\/04\/2023 \u00e0s 07:45h.<\/del>\n<ul>\n<li><a href=\"http:\/\/coronelxavierchaves.mg.gov.br\/prefeitura\/wp-content\/uploads\/2023\/04\/Decisao-Administrativa-Edital-de-Convocacao-Processo-Seletivo-no-003-2022-1.pdf\">COMUNICADO DE CANCELAMENTO<\/a>, publicado em 26\/04\/2023 \u00e0s 10:23h.<\/li>\n<\/ul>\n<\/li>\n<li><a href=\"http:\/\/coronelxavierchaves.mg.gov.br\/prefeitura\/wp-content\/uploads\/2023\/04\/EDITAL-DE-CONVOCACAO-PROFESSOR-DE-APOIO-.pdf\">EDITAL DE CONVOCA\u00c7\u00c3O: PROFESSOR DE APOIO ESPECIALIZADO<\/a>, publicado em 26\/04\/2023 \u00e0s 09:35h.<\/li>\n<li><a href=\"http:\/\/coronelxavierchaves.mg.gov.br\/prefeitura\/wp-content\/uploads\/2023\/05\/EDITAL-DE-CONVOCACAO-PROFESSOR-MUNICIPALfp.pdf\">EDITAL DE CONVOCA\u00c7\u00c3O: PROFESSOR MUNICIPAL<\/a>, publicado em 02\/05\/2023 \u00e0s 16:23h.<\/li>\n<li><a href=\"http:\/\/coronelxavierchaves.mg.gov.br\/prefeitura\/wp-content\/uploads\/2023\/05\/EDITAL-DE-CONVOCACAO-PROFESSOR-DE-APOIOF.pdf\">EDITAL DE CONVOCA\u00c7\u00c3O: PROFESSOR DE APOIO ESPECIALIZADO<\/a>, publicado em 05\/05\/2023 \u00e0s 08:25h.<\/li>\n<li><a href=\"http:\/\/coronelxavierchaves.mg.gov.br\/prefeitura\/wp-content\/uploads\/2023\/05\/EDITAL-DE-CONVOCACAO-PROFESSOR-DE-APOIO.pdf\">EDITAL DE CONVOCA\u00c7\u00c3O: PROFESSOR DE APOIO ESPECIALIZADO<\/a>, publicado em 22\/05\/2023 \u00e0s 11:11h.<\/li>\n<li><a href=\"http:\/\/coronelxavierchaves.mg.gov.br\/prefeitura\/wp-content\/uploads\/2023\/05\/EDITAL-DE-CONVOCACAO-OPERARIO-I.pdf\">EDITAL DE CONVOCA\u00c7\u00c3O: OPERARIO I<\/a>, publicado em 31\/05\/2023 \u00e0s 15:18h.<\/li>\n<li><a href=\"http:\/\/coronelxavierchaves.mg.gov.br\/prefeitura\/wp-content\/uploads\/2023\/06\/EDITAL-DE-CONVOCACAO-PROFESSOR-DE-INGLES.pdf\">EDITAL DE CONVOCA\u00c7\u00c3O: PROFESSOR DE INGLES<\/a>, publicado em 01\/06\/2023 \u00e0s 16:26h.<\/li>\n<li><a href=\"http:\/\/coronelxavierchaves.mg.gov.br\/prefeitura\/wp-content\/uploads\/2023\/06\/EDITAL-DE-CONVOCACAO-PROFESSOR-MUNICIPAL.pdf\">EDITAL DE CONVOCA\u00c7\u00c3O: PROFESSOR MUNICIPAL<\/a>, publicado em 05\/06\/2023 \u00e0s 13:56h.<\/li>\n<li><a href=\"https:\/\/coronelxavierchaves.mg.gov.br\/prefeitura\/wp-content\/uploads\/2023\/06\/EDITAL-DE-CONVOCACAO-PROFESSOR-DE-INGLES-1.pdf\">EDITAL DE CONVOCA\u00c7\u00c3O: PROFESSOR DE INGLES<\/a>, publicado em 16\/06\/2023 \u00e0s 08:20h.<\/li>\n<li><a href=\"https:\/\/coronelxavierchaves.mg.gov.br\/prefeitura\/wp-content\/uploads\/2023\/07\/EDITAL-DE-CONVOCACAO-MOTORISTA.pdf\">EDITAL DE CONVOCA\u00c7\u00c3O: MOTORISTA<\/a>, publicado em 03\/07\/2023 \u00e0s 16:27h.<\/li>\n<li><a href=\"https:\/\/coronelxavierchaves.mg.gov.br\/prefeitura\/wp-content\/uploads\/2023\/07\/EDITAL-DE-CONVOCACAO-AUXILIAR-DE-SERVICO-DE-SAUDE-III.pdf\">EDITAL DE CONVOCA\u00c7\u00c3O: AUXILIAR DE SERVI\u00c7O DE SA\u00daDE III<\/a>, publicado em 04\/07\/2023 \u00e0s 16:09h.<\/li>\n<li><a href=\"https:\/\/coronelxavierchaves.mg.gov.br\/prefeitura\/wp-content\/uploads\/2023\/07\/EDITAL-DE-CONVOCACAO-AUXILIAR-DE-SERVICO-DE-SAUDE-III-1.pdf\">EDITAL DE CONVOCA\u00c7\u00c3O: AUXILIAR DE SERVI\u00c7O DE SA\u00daDE III<\/a>, publicado em 11\/07\/2023 \u00e0s 12:00h.<\/li>\n<li><a href=\"https:\/\/coronelxavierchaves.mg.gov.br\/prefeitura\/wp-content\/uploads\/2023\/07\/EDITAL-DE-CONVOCACAO-AUXILIAR-DE-SERVICO-DE-SAUDE-III-2.pdf\">EDITAL DE CONVOCA\u00c7\u00c3O: AUXILIAR DE SERVI\u00c7O DE SA\u00daDE III<\/a>, publicado em 11\/07\/2023 \u00e0s 15:08h.<\/li>\n<li><a href=\"https:\/\/coronelxavierchaves.mg.gov.br\/prefeitura\/wp-content\/uploads\/2023\/07\/EDITAL-DE-CONVOCACAO-PROFESSOR-INFORMATICA-003-2022.pdf\">EDITAL DE CONVOCA\u00c7\u00c3O: PROFESSOR DE INFORM\u00c1TICA<\/a>, publicado em 18\/07\/2023 \u00e0s 13:25h.<\/li>\n<li><a href=\"https:\/\/coronelxavierchaves.mg.gov.br\/prefeitura\/wp-content\/uploads\/2023\/07\/EDITAL-DE-CONVOCACAO-FAXINEIRO-adm-003-2022.pdf\">EDITAL DE CONVOCA\u00c7\u00c3O: FAXINEIRO<\/a>, publicado em 26\/07\/2023 \u00e0s 15:09h.<\/li>\n<li><a href=\"https:\/\/coronelxavierchaves.mg.gov.br\/prefeitura\/wp-content\/uploads\/2023\/08\/EDITAL-DE-CONVOCACAO-PROFESSOR-DE-APOIO1003-2022.pdf\">EDITAL DE CONVOCA\u00c7\u00c3O: PROFESSOR DE APOIO ESPECIALIZADO<\/a>, publicado em 01\/08\/2023 \u00e0s 16:24h.<\/li>\n<li><a href=\"https:\/\/coronelxavierchaves.mg.gov.br\/prefeitura\/wp-content\/uploads\/2023\/08\/EDITAL-DE-CONVOCACAO-PROFESSOR-INFORMATICA1-003-2022.pdf\">EDITAL DE CONVOCA\u00c7\u00c3O: PROFESSOR DE INFORMATICA<\/a>, publicado em 07\/08\/2023 \u00e0s 14:45h.<\/li>\n<li><a href=\"https:\/\/coronelxavierchaves.mg.gov.br\/prefeitura\/wp-content\/uploads\/2023\/08\/EDITAL-DE-CONVOCACAO-PROFESSOR-MUNICIPAL-003-2022.pdf\">EDITAL DE CONVOCA\u00c7\u00c3O: PROFESSOR MUNICIPAL<\/a>, publicado em 07\/08\/2023 \u00e0s 15:25h.<\/li>\n<li><a href=\"https:\/\/coronelxavierchaves.mg.gov.br\/prefeitura\/wp-content\/uploads\/2023\/10\/EDITAL-DE-CONVOCACAO-AGENTE-ADMINISTRATIVO-I-003-2022.pdf\">EDITAL DE CONVOCA\u00c7\u00c3O: AGENTE ADMINISTRATIVO I<\/a>, publicado em 02\/10\/2023 \u00e0s 16:23h.<\/li>\n<li><a href=\"https:\/\/coronelxavierchaves.mg.gov.br\/prefeitura\/wp-content\/uploads\/2023\/10\/EDITAL-DE-CONVOCACAO-PROCESSO-SELETIVO-003-2022-FISCAL-SANITARIO.pdf\">EDITAL DE CONVOCA\u00c7\u00c3O: FISCAL SANIT\u00c1RIO<\/a>, publicado em 06\/10\/2023 \u00e0s 15:15h.<\/li>\n<li><a href=\"https:\/\/coronelxavierchaves.mg.gov.br\/prefeitura\/wp-content\/uploads\/2023\/10\/EDITAL-DE-CONVOCACAO-PROFESSOR-MUNICIPAL-003-2022.pdf\">EDITAL DE CONVOCA\u00c7\u00c3O: PROFESSOR MUNICIPAL<\/a>, publicado em 31\/10\/2023 \u00e0s 14:58h.<\/li>\n<li><a href=\"https:\/\/coronelxavierchaves.mg.gov.br\/prefeitura\/wp-content\/uploads\/2023\/11\/EDITAL-DE-CONVOCACAO-PROFESSOR-MUNICIPAL-II.pdf\">EDITAL DE CONVOCA\u00c7\u00c3O: PROFESSOR MUNICIPAL<\/a>, publicado em 16\/11\/2023 \u00e0s 13:48h.<\/li>\n<li><a href=\"https:\/\/coronelxavierchaves.mg.gov.br\/prefeitura\/wp-content\/uploads\/2023\/11\/EDITAL-DE-CONVOCACAO-AGENTE-ADMINISTRATIVO-I-Sala-mineira-003-2022.pdf\">EDITAL DE CONVOCA\u00c7\u00c3O: AGENTE ADMINISTRATIVO I<\/a>, publicado em 23\/11\/2023 \u00e0s 16:28h.<\/li>\n<li><a href=\"https:\/\/coronelxavierchaves.mg.gov.br\/prefeitura\/wp-content\/uploads\/2023\/11\/EDITAL-DE-CONVOCACAO-AGENTE-ADMINISTRATIVO-I-.pdf\">EDITAL DE CONVOCA\u00c7\u00c3O: AGENTE ADMINISTRATIVO I<\/a>, publicado em 30\/11\/2023 \u00e0s 16:22h.<\/li>\n<li><a href=\"https:\/\/coronelxavierchaves.mg.gov.br\/prefeitura\/wp-content\/uploads\/2023\/12\/EDITAL-DE-CONVOCACAO-ATENDENTE-003-2022.pdf\">EDITAL DE CONVOCA\u00c7\u00c3O: ATENDENTE<\/a>, publicado em 05\/12\/2023 \u00e0s 14:14h.<\/li>\n<li><a href=\"https:\/\/coronelxavierchaves.mg.gov.br\/prefeitura\/wp-content\/uploads\/2023\/12\/EDITAL-DE-CONVOCACAO-AUXILIAR-DE-SERVICO-DE-SAUDE-III-003-2022.pdf\">EDITAL DE CONVOCA\u00c7\u00c3O: AUXILIAR DE SERVI\u00c7O DE SA\u00daDE III<\/a>, publicado em 15\/12\/2023 \u00e0s 16:07h.<\/li>\n<li><a href=\"https:\/\/coronelxavierchaves.mg.gov.br\/prefeitura\/wp-content\/uploads\/2023\/12\/EDITAL-DE-CONVOCACAO-AGENTE-ADMINISTRATIVO-I-1.pdf\">EDITAL DE CONVOCA\u00c7\u00c3O: AGENTE ADMINISTRATIVO I<\/a>, publicado em 20\/12\/2023 \u00e0s 16:25h.<\/li>\n<li><a href=\"https:\/\/coronelxavierchaves.mg.gov.br\/prefeitura\/wp-content\/uploads\/2024\/01\/EDITAL-DE-CONVOCACAO-OPERADOR-DE-MAQUINAS-2024-003-2022.pdf\">EDITAL DE CONVOCA\u00c7\u00c3O: OPERADOR DE M\u00c1QUINAS<\/a>, publicado em 03\/01\/2024 \u00e0s 15:57h.<\/li>\n<li><a href=\"https:\/\/coronelxavierchaves.mg.gov.br\/prefeitura\/wp-content\/uploads\/2024\/01\/EDITAL-DE-CONVOCACAO-AGENTE-ADMINISTRATIVO-I-003-2022.pdf\">EDITAL DE CONVOCA\u00c7\u00c3O: AGENTE ADMINISTRATIVO I<\/a>, publicado em 09\/01\/2024 \u00e0s 12:05h.<\/li>\n<li><a href=\"https:\/\/coronelxavierchaves.mg.gov.br\/prefeitura\/wp-content\/uploads\/2024\/01\/EDITAL-DE-CONVOCACAO-AUXILIAR-DE-SERVICO-DE-SAUDE-III-03-2022.pdf\">EDITAL DE CONVOCA\u00c7\u00c3O: AUXILIAR DE SERVI\u00c7O DE SA\u00daDE III<\/a>, publicado em 15\/01\/2024 \u00e0s 11:17h.<\/li>\n<li><a href=\"https:\/\/coronelxavierchaves.mg.gov.br\/prefeitura\/wp-content\/uploads\/2024\/01\/EDITAL-DE-CONVOCACAO-PROFESSOR-DE-APOIO-2024-003-2022.pdf\">EDITAL DE CONVOCA\u00c7\u00c3O: PROFESSOR DE APOIO ESPECIALIZADO<\/a>, publicado em 24\/01\/2024 \u00e0s 14:35h.<\/li>\n<li><a href=\"https:\/\/coronelxavierchaves.mg.gov.br\/prefeitura\/wp-content\/uploads\/2024\/01\/EDITAL-DE-CONVOCACAO-PROFESSOR-MUNICIPAL-2024-003-2022.pdf\">EDITAL DE CONVOCA\u00c7\u00c3O: PROFESSOR MUNICIPAL<\/a>, publicado em 24\/01\/2024 \u00e0s 14:48h.<\/li>\n<li><a href=\"https:\/\/coronelxavierchaves.mg.gov.br\/prefeitura\/wp-content\/uploads\/2024\/01\/EDITAL-DE-CONVOCACAO-AUXILIAR-DE-SERVICO-ESCOLAR-2024-003-2022.pdf\">EDITAL DE CONVOCA\u00c7\u00c3O: AUXILIAR DE SERVI\u00c7O ESCOLAR<\/a>, publicado em 24\/01\/2024 \u00e0s 15:06h.<\/li>\n<li><a href=\"https:\/\/coronelxavierchaves.mg.gov.br\/prefeitura\/wp-content\/uploads\/2024\/01\/EDITAL-DE-CONVOCACAO-OPERARIO-I-2024-003-2022.pdf\">EDITAL DE CONVOCA\u00c7\u00c3O: OPER\u00c1RIO I<\/a>, publicado em 25\/01\/2024 \u00e0s 15:52h.<\/li>\n<li><a href=\"https:\/\/coronelxavierchaves.mg.gov.br\/prefeitura\/wp-content\/uploads\/2024\/01\/EDITAL-DE-CONVOCACAO-OPERARIO-II-003-2022.pdf\">EDITAL DE CONVOCA\u00c7\u00c3O: OPER\u00c1RIO II<\/a>, publicado em 25\/01\/2024 \u00e0s 15:55h.<\/li>\n<li><a href=\"https:\/\/coronelxavierchaves.mg.gov.br\/prefeitura\/wp-content\/uploads\/2024\/02\/EDITAL-DE-CONVOCACAO-OPERARIO-I-003-2022.pdf\">EDITAL DE CONVOCA\u00c7\u00c3O: OPER\u00c1RIO I<\/a>, publicado em 01\/02\/2024 \u00e0s 08:12h.<\/li>\n<li><a href=\"https:\/\/coronelxavierchaves.mg.gov.br\/prefeitura\/wp-content\/uploads\/2024\/02\/EDITAL-DE-CONVOCACAO-OPERARIO-I-003-2022-2.pdf\">EDITAL DE CONVOCA\u00c7\u00c3O: OPER\u00c1RIO I<\/a>, publicado em 07\/02\/2024 \u00e0s 13:47h.<\/li>\n<li><a href=\"https:\/\/coronelxavierchaves.mg.gov.br\/prefeitura\/wp-content\/uploads\/2024\/03\/EDITAL-DE-CONVOCACAO-PROFESSOR-MUNICIPAL.pdf\">EDITAL DE CONVOCA\u00c7\u00c3O: PROFESSOR MUNICIPAL<\/a>, publicado em 04\/03\/2024 \u00e0s 15:41h.<\/li>\n<li><a href=\"https:\/\/coronelxavierchaves.mg.gov.br\/prefeitura\/wp-content\/uploads\/2024\/03\/EDITAL-DE-CONVOCACAO-OPERARIO-I-.pdf\">EDITAL DE CONVOCA\u00c7\u00c3O: OPER\u00c1RIO I <\/a>, publicado em 08\/03\/2024 \u00e0s 15:15h.<\/li>\n<li><a href=\"https:\/\/coronelxavierchaves.mg.gov.br\/prefeitura\/wp-content\/uploads\/2024\/03\/EDITAL-DE-CONVOCACAO-FAXINEIRO-003-2022.pdf\">EDITAL DE CONVOCA\u00c7\u00c3O: FAXINEIRO<\/a>, publicado em 27\/03\/2024 \u00e0s 16:20h.<\/li>\n<li><a href=\"https:\/\/coronelxavierchaves.mg.gov.br\/prefeitura\/wp-content\/uploads\/2024\/04\/EDITAL-DE-CONVOCACAO-PROFESSOR-DE-APOIO-003-2022.pdf\">EDITAL DE CONVOCA\u00c7\u00c3O: PROFESSOR DE APOIO ESPECIALIZADO<\/a>, publicado em 02\/04\/2024 \u00e0s 14:59h.<\/li>\n<li><a href=\"https:\/\/coronelxavierchaves.mg.gov.br\/prefeitura\/wp-content\/uploads\/2024\/04\/EDITAL-DE-CONVOCACAO-SUPERVISOR-ESCOLAR-003-2022.pdf\">EDITAL DE CONVOCA\u00c7\u00c3O: SUPERVISOR ESCOLAR<\/a>, publicado em 02\/04\/2024 \u00e0s 15:41h.<\/li>\n<li><a href=\"https:\/\/coronelxavierchaves.mg.gov.br\/prefeitura\/wp-content\/uploads\/2024\/04\/EDITAL-DE-CONVOCACAO-PROFESSOR-DE-APOIO-003-2022-1.pdf\">EDITAL DE CONVOCA\u00c7\u00c3O: PROFESSOR DE APOIO ESPECIALIZADO<\/a>, publicado em 08\/04\/2024 \u00e0s 16:00h.<\/li>\n<li><a href=\"https:\/\/coronelxavierchaves.mg.gov.br\/prefeitura\/wp-content\/uploads\/2024\/04\/EDITAL-DE-CONVOCACAO-SUPERVISOR-ESCOLAR-003-2022-1.pdf\">EDITAL DE CONVOCA\u00c7\u00c3O: SUPERVISOR ESCOLAR<\/a>, publicado em 08\/04\/2024 \u00e0s 16:04h.<\/li>\n<li><a href=\"https:\/\/coronelxavierchaves.mg.gov.br\/prefeitura\/wp-content\/uploads\/2024\/04\/EDITAL-DE-CONVOCACAO-PROFESSOR-DE-APOIO-003-2022-2.pdf\">EDITAL DE CONVOCA\u00c7\u00c3O: PROFESSOR DE APOIO ESPECIALIZADO<\/a>, publicado em 15\/04\/2024 \u00e0s 19:29h.<\/li>\n<li><a href=\"https:\/\/coronelxavierchaves.mg.gov.br\/prefeitura\/wp-content\/uploads\/2024\/04\/EDITAL-DE-CONVOCACAO-SUPERVISOR-ESCOLAR-003-2022-2.pdf\">EDITAL DE CONVOCA\u00c7\u00c3O: SUPERVISOR ESCOLAR<\/a>, publicado em 17\/04\/2024 \u00e0s 19:12h.<\/li>\n<li><a href=\"https:\/\/coronelxavierchaves.mg.gov.br\/prefeitura\/wp-content\/uploads\/2024\/04\/EDITAL-DE-CONVOCACAO-PROFESSOR-DE-APOIO.pdf\">EDITAL DE CONVOCA\u00c7\u00c3O: PROFESSOR DE APOIO ESPECIALIZADO<\/a>, publicado em 22\/04\/2024 \u00e0s 11:26h.<\/li>\n<li><a href=\"https:\/\/coronelxavierchaves.mg.gov.br\/prefeitura\/wp-content\/uploads\/2024\/04\/EDITAL-DE-CONVOCACAO-ATENDENTE-003-2022.pdf\">EDITAL DE CONVOCA\u00c7\u00c3O: ATENDENTE<\/a>, publicado em 30\/04\/2024 \u00e0s 14:13h.<\/li>\n<li><a href=\"https:\/\/coronelxavierchaves.mg.gov.br\/prefeitura\/wp-content\/uploads\/2024\/05\/EDITAL-DE-CONVOCACAO-AGENTE-ADMINISTRATIVO-I-003-2022.pdf\">EDITAL DE CONVOCA\u00c7\u00c3O: AGENTE ADMINISTRATIVO I<\/a>, publicado em 02\/05\/2024 \u00e0s 15:47h.<\/li>\n<li><a href=\"https:\/\/coronelxavierchaves.mg.gov.br\/prefeitura\/wp-content\/uploads\/2024\/05\/EDITAL-DE-CONVOCACAO-AGENTE-ADMINISTRATIVO-I-003-2022-1.pdf\">EDITAL DE CONVOCA\u00c7\u00c3O: AGENTE ADMINISTRATIVO I<\/a>, publicado em 08\/05\/2024 \u00e0s 15:15h.<\/li>\n<li><a href=\"https:\/\/coronelxavierchaves.mg.gov.br\/prefeitura\/wp-content\/uploads\/2024\/05\/EDITAL-DE-CONVOCACAO-PROFESSOR-MUNICIPAL-003-2022.pdf\">EDITAL DE CONVOCA\u00c7\u00c3O: PROFESSOR MUNICIPAL<\/a>, publicado em 17\/05\/2024 \u00e0s 15:10h.<\/li>\n<li><a href=\"https:\/\/coronelxavierchaves.mg.gov.br\/prefeitura\/wp-content\/uploads\/2024\/05\/EDITAL-DE-CONVOCACAO-SUPERVISOR-ESCOLAR-003-2022-2.pdf\">EDITAL DE CONVOCA\u00c7\u00c3O: SUPERVISOR ESCOLAR<\/a>, publicado em 22\/05\/2024 \u00e0s 09:28h.<\/li>\n<li><a href=\"https:\/\/coronelxavierchaves.mg.gov.br\/prefeitura\/wp-content\/uploads\/2024\/05\/EDITAL-DE-CONVOCACAO-PROFESSOR-MUNICIPAL-sub-003-2022.pdf\">EDITAL DE CONVOCA\u00c7\u00c3O: PROFESSOR MUNICIPAL<\/a>, publicado em 28\/05\/2024 \u00e0s 15:58h.<\/li>\n<li><a href=\"https:\/\/coronelxavierchaves.mg.gov.br\/prefeitura\/wp-content\/uploads\/2024\/06\/EDITAL-DE-CONVOCACAO-PROFESSOR-MUNICIPAL-003-2022-2.pdf\">EDITAL DE CONVOCA\u00c7\u00c3O: PROFESSOR MUNICIPAL<\/a>, publicado em 10\/06\/2024 \u00e0s 15:52h.<\/li>\n<li><a href=\"https:\/\/coronelxavierchaves.mg.gov.br\/prefeitura\/wp-content\/uploads\/2024\/06\/EDITAL-DE-CONVOCACAO-AUXILIAR-DE-SERVICOS-GERAIS-003-2022.pdf\">EDITAL DE CONVOCA\u00c7\u00c3O: AUXILIAR DE SERVI\u00c7OS GERAIS<\/a>, publicado em 11\/06\/2024 \u00e0s 16:01h.<\/li>\n<li><a href=\"https:\/\/coronelxavierchaves.mg.gov.br\/prefeitura\/wp-content\/uploads\/2024\/06\/EDITAL-DE-CONVOCACAO-ATENDENTE-003-2022.pdf\">EDITAL DE CONVOCA\u00c7\u00c3O: ATENDENTE<\/a>, publicado em 24\/06\/2024 \u00e0s 09:27h.<\/li>\n<li><a href=\"https:\/\/coronelxavierchaves.mg.gov.br\/prefeitura\/wp-content\/uploads\/2024\/06\/EDITAL-DE-CONVOCACAO-ENFERMEIRO-003-2022.pdf\">EDITAL DE CONVOCA\u00c7\u00c3O: ENFERMEIRO<\/a>, publicado em 24\/06\/2024 \u00e0s 10:25h.<\/li>\n<li><del><a href=\"https:\/\/coronelxavierchaves.mg.gov.br\/prefeitura\/wp-content\/uploads\/2024\/07\/EDITAL-DE-CONVOCACAO-AUXILIAR-DE-SERVICO-ESCOLAR-003-2022.pdf\">EDITAL DE CONVOCA\u00c7\u00c3O: AUXILIAR DE SERVI\u00c7O ESCOLAR<\/a>, publicado em 03\/07\/2024 \u00e0s 10:01h.<\/del> Cancelado em 04\/07\/2024.<\/li>\n<li><a href=\"https:\/\/coronelxavierchaves.mg.gov.br\/prefeitura\/wp-content\/uploads\/2024\/07\/EDITAL-DE-CONVOCACAO-FAXINEIRO-003-2022.pdf\">EDITAL DE CONVOCA\u00c7\u00c3O: FAXINEIRO<\/a>, publicado em 03\/07\/2024 \u00e0s 11:00h.<\/li>\n<li><a href=\"https:\/\/coronelxavierchaves.mg.gov.br\/prefeitura\/wp-content\/uploads\/2024\/07\/EDITAL-DE-CONVOCACAO-AUXILIAR-DE-SERVICO-DE-SAUDE-III-003-2022.pdf\">EDITAL DE CONVOCA\u00c7\u00c3O: AUXILIAR DE SERVI\u00c7O DE SA\u00daDE III<\/a>, publicado em 03\/07\/2024 \u00e0s 11:24h.<\/li>\n<li><a href=\"https:\/\/coronelxavierchaves.mg.gov.br\/prefeitura\/wp-content\/uploads\/2024\/07\/EDITAL-DE-CONVOCACAO-MOTORISTA-003-2022a.pdf\">EDITAL DE CONVOCA\u00c7\u00c3O: MOTORISTA<\/a>, publicado em 03\/07\/2024 \u00e0s 12:30h.<\/li>\n<li><a href=\"https:\/\/coronelxavierchaves.mg.gov.br\/prefeitura\/wp-content\/uploads\/2024\/07\/EDITAL-DE-CONVOCACAO-OPERARIO-II-003-2022.pdf\">EDITAL DE CONVOCA\u00c7\u00c3O: OPER\u00c1RIO II<\/a>, publicado em 03\/07\/2024 \u00e0s 14:26h.<\/li>\n<li><a href=\"https:\/\/coronelxavierchaves.mg.gov.br\/prefeitura\/wp-content\/uploads\/2024\/07\/EDITAL-DE-CONVOCACAO-AUXILIAR-DE-SERVICO-GERAIS-003-2022.pdf\">EDITAL DE CONVOCA\u00c7\u00c3O: AUXILIAR DE SERVI\u00c7OS GERAIS<\/a>, publicado em 03\/07\/2024 \u00e0s 14:41h.<\/li>\n<li><a href=\"https:\/\/coronelxavierchaves.mg.gov.br\/prefeitura\/wp-content\/uploads\/2024\/07\/Comunicado-de-Cancelamento-Convocacao-de-Auxiliar-de-Servico-Escolar.pdf\">COMUNICADO DE CANCELAMENTO: AUXILIAR DE SERVI\u00c7O ESCOLAR<\/a>, publicado em 04\/07\/2024 \u00e0s 11:15h.<\/li>\n<li><a href=\"https:\/\/coronelxavierchaves.mg.gov.br\/prefeitura\/wp-content\/uploads\/2024\/07\/EDITAL-DE-CONVOCACAO-OPERARIO-II-003-2022-1.pdf\">EDITAL DE CONVOCA\u00c7\u00c3O: OPER\u00c1RIO II<\/a>, publicado em 10\/07\/2024 \u00e0s 11:57h.<\/li>\n<li><a href=\"https:\/\/coronelxavierchaves.mg.gov.br\/prefeitura\/wp-content\/uploads\/2024\/07\/EDITAL-DE-CONVOCACAO-MOTORISTA-003-2022.pdf\">EDITAL DE CONVOCA\u00c7\u00c3O: MOTORISTA<\/a>, publicado em 10\/07\/2024 \u00e0s 11:59h.<\/li>\n<li><a href=\"https:\/\/coronelxavierchaves.mg.gov.br\/prefeitura\/wp-content\/uploads\/2024\/07\/EDITAL-DE-CONVOCACAO-FAXINEIRO-003-2022-2.pdf\">EDITAL DE CONVOCA\u00c7\u00c3O: FAXINEIRO<\/a>, publicado em 10\/07\/2024 \u00e0s 16:19h.<\/li>\n<li><a href=\"https:\/\/coronelxavierchaves.mg.gov.br\/prefeitura\/wp-content\/uploads\/2024\/07\/EDITAL-DE-CONVOCACAO-AGENTE-ADMINISTRATIVO-I-003-2022-2.pdf\">EDITAL DE CONVOCA\u00c7\u00c3O: AGENTE ADMINISTRATIVO I<\/a>, publicado em 11\/07\/2024 \u00e0s 13:40h.<\/li>\n<li><a href=\"https:\/\/coronelxavierchaves.mg.gov.br\/prefeitura\/wp-content\/uploads\/2024\/07\/EDITAL-DE-CONVOCACAO-OPERARIO-II-003-2022-2.pdf\">EDITAL DE CONVOCA\u00c7\u00c3O: OPER\u00c1RIO II<\/a>, publicado em 17\/07\/2024 \u00e0s 12:40h.<\/li>\n<li><a href=\"https:\/\/coronelxavierchaves.mg.gov.br\/prefeitura\/wp-content\/uploads\/2024\/07\/EDITAL-DE-CONVOCACAO-OPERARIO-I-003-2022.pdf\">EDITAL DE CONVOCA\u00c7\u00c3O: OPER\u00c1RIO I<\/a>, publicado em 17\/07\/2024 \u00e0s 14:19h.<\/li>\n<li><a href=\"https:\/\/coronelxavierchaves.mg.gov.br\/prefeitura\/wp-content\/uploads\/2024\/07\/EDITAL-DE-CONVOCACAO-AUXILIAR-DE-SERVICOS-GERAIS-003-2022.pdf\">EDITAL DE CONVOCA\u00c7\u00c3O: AUXILIAR DE SERVI\u00c7OS GERAIS<\/a>, publicado em 22\/07\/2024 \u00e0s 16:08h.<\/li>\n<li><a href=\"https:\/\/coronelxavierchaves.mg.gov.br\/prefeitura\/wp-content\/uploads\/2024\/07\/EDITAL-DE-CONVOCACAO-AUXILIAR-DE-SERVICO-DE-SAUDE-III-003-2022-2.pdf\">EDITAL DE CONVOCA\u00c7\u00c3O: AUXILIAR DE SERVI\u00c7O DE SA\u00daDE III<\/a>, publicado em 25\/07\/2024 \u00e0s 15:28h.<\/li>\n<li><a href=\"https:\/\/coronelxavierchaves.mg.gov.br\/prefeitura\/wp-content\/uploads\/2024\/07\/EDITAL-DE-CONVOCACAO-AUXILIAR-DE-SERVICO-ESCOLAR-003-2022-1.pdf\">EDITAL DE CONVOCA\u00c7\u00c3O: AUXILIAR DE SERVI\u00c7O ESCOLAR<\/a>, publicado em 29\/07\/2024 \u00e0s 16:21h.<\/li>\n<li><a href=\"https:\/\/coronelxavierchaves.mg.gov.br\/prefeitura\/wp-content\/uploads\/2024\/07\/EDITAL-DE-CONVOCACAO-PROFESSOR-DE-APOIO-1-003-2022.pdf\">EDITAL DE CONVOCA\u00c7\u00c3O: PROFESSOR DE APOIO ESPECIALIZADO<\/a>, publicado em 29\/07\/2024 \u00e0s 16:25h.<\/li>\n<li><a href=\"https:\/\/coronelxavierchaves.mg.gov.br\/prefeitura\/wp-content\/uploads\/2024\/08\/EDITAL-DE-CONVOCACAO-AUXILIAR-DE-SERVICO-ESCOLAR2-003-2022.pdf\">EDITAL DE CONVOCA\u00c7\u00c3O: AUXILIAR DE SERVI\u00c7O ESCOLAR<\/a>, publicado em 02\/08\/2024 \u00e0s 15:30h.<\/li>\n<li><a href=\"https:\/\/coronelxavierchaves.mg.gov.br\/prefeitura\/wp-content\/uploads\/2024\/08\/EDITAL-DE-CONVOCACAO-PROFESSOR-DE-APOIO-1-003-2022.pdf\">EDITAL DE CONVOCA\u00c7\u00c3O: PROFESSOR DE APOIO ESPECIALIZADO<\/a>, publicado em 09\/08\/2024 \u00e0s 15:38h.<\/li>\n<li><a href=\"https:\/\/coronelxavierchaves.mg.gov.br\/prefeitura\/wp-content\/uploads\/2024\/08\/EDITAL-DE-CONVOCACAO-PROFESSOR-MUNICIPAL-CESSAO-003-2022.pdf\">EDITAL DE CONVOCA\u00c7\u00c3O: PROFESSOR MUNICIPAL<\/a>, publicado em 09\/08\/2024 \u00e0s 15:41h.<\/li>\n<li><a href=\"https:\/\/coronelxavierchaves.mg.gov.br\/prefeitura\/wp-content\/uploads\/2024\/08\/EDITAL-DE-CONVOCACAO-AUXILIAR-DE-SERVICO-ESCOLAR-003-2022-2.pdf\">EDITAL DE CONVOCA\u00c7\u00c3O: AUXILIAR DE SERVI\u00c7O ESCOLAR<\/a>, publicado em 09\/08\/2024 \u00e0s 16:19h.<\/li>\n<li><a href=\"https:\/\/coronelxavierchaves.mg.gov.br\/prefeitura\/wp-content\/uploads\/2024\/08\/EDITAL-DE-CONVOCACAO-Fiscal-003-2022.pdf\">EDITAL DE CONVOCA\u00c7\u00c3O: FISCAL SANIT\u00c1RIO<\/a>, publicado em 26\/08\/2024 \u00e0s 16:19h.<\/li>\n<li><a href=\"https:\/\/coronelxavierchaves.mg.gov.br\/prefeitura\/wp-content\/uploads\/2024\/09\/EDITAL-DE-CONVOCACAO-PROFESSOR-MUNICIPAL-003-2022.pdf\">EDITAL DE CONVOCA\u00c7\u00c3O: PROFESSOR MUNICIPAL<\/a>, publicado em 03\/09\/2024 \u00e0s 14:43h.<\/li>\n<li><a href=\"https:\/\/coronelxavierchaves.mg.gov.br\/prefeitura\/wp-content\/uploads\/2024\/09\/EDITAL-DE-CONVOCACAO-AUXILIAR-DE-SERVICO-DE-SAUDE-III-2-003-2022.pdf\">EDITAL DE CONVOCA\u00c7\u00c3O: AUXILIAR DE SERVI\u00c7O DE SA\u00daDE III<\/a>, publicado em 18\/09\/2024 \u00e0s 15:55h.<\/li>\n<li><a href=\"https:\/\/coronelxavierchaves.mg.gov.br\/prefeitura\/wp-content\/uploads\/2024\/09\/EDITAL-DE-CONVOCACAO-AUXILIAR-DE-SERVICO-DE-SAUDE-III-2-003-2022-1.pdf\">EDITAL DE CONVOCA\u00c7\u00c3O: AUXILIAR DE SERVI\u00c7O DE SA\u00daDE III<\/a>, publicado em 26\/09\/2024 \u00e0s 16:10h.<\/li>\n<\/ul>\n<p>&nbsp;<\/p>\n<p>A lista de inscri\u00e7\u00f5es efetivadas no Processo Seletivo 003 da Prefeitura Municipal de Coronel Xavier Chaves encontram-se dispon\u00edveis no link: <a href=\"https:\/\/www.concursosjcm.com.br\/informacoes\/176\/\" target=\"_blank\" rel=\"noopener\">https:\/\/www.concursosjcm.com.br\/informacoes\/176\/<\/a><\/p>\n<p style=\"text-align: justify;\">*A Prefeitura Municipal comunica a altera\u00e7\u00e3o das datas de resultado preliminar e de resultado final do Edital de Processo Seletivo Simplificado n\u00ba 003\/2022 para contrata\u00e7\u00e3o tempor\u00e1ria, por meio da Retifica\u00e7\u00e3o n\u00ba 01 em anexo.<\/p>\n<ul>\n<li><a href=\"http:\/\/coronelxavierchaves.mg.gov.br\/prefeitura\/wp-content\/uploads\/2022\/07\/I-Retificacao-Processo-Seletivo-PM-Coronel-Xavier-Chaves-003-2022.pdf\">I &#8211; Retifica\u00e7\u00e3o<\/a><\/li>\n<\/ul>\n","protected":false},"excerpt":{"rendered":"<p>EDITAL, publicado em 04\/07\/2022 \u00e0s 16:16h. COMUNICADO, publicado em 05\/08\/2022 \u00e0s 16:47h. RESULTADO PRELIMINAR, publicado em 17\/08\/2022 \u00e0s 16:30h. EDITAL DE CONVOCA\u00c7\u00c3O: Psic\u00f3logo do CRAS, publicado em 29\/09\/2022 \u00e0s 16:28h. EDITAL DE CONVOCA\u00c7\u00c3O: Psic\u00f3logo, publicado em 29\/09\/2022 \u00e0s 16:31h. EDITAL DE CONVOCA\u00c7\u00c3O: Atendente, publicado em 30\/09\/2022 \u00e0s 11:05h. EDITAL DE CONVOCA\u00c7\u00c3O: Agente Administrativo I, publicado [&hellip;]<\/p>\n","protected":false},"author":3,"featured_media":4366,"comment_status":"open","ping_status":"open","sticky":false,"template":"","format":"standard","meta":{"footnotes":"","_links_to":"","_links_to_target":""},"categories":[100],"tags":[],"class_list":{"0":"post-14657","1":"post","2":"type-post","3":"status-publish","4":"format-standard","5":"has-post-thumbnail","7":"category-concursos-e-processos-seletivos-2022"},"_links":{"self":[{"href":"https:\/\/coronelxavierchaves.mg.gov.br\/prefeitura\/wp-json\/wp\/v2\/posts\/14657","targetHints":{"allow":["GET"]}}],"collection":[{"href":"https:\/\/coronelxavierchaves.mg.gov.br\/prefeitura\/wp-json\/wp\/v2\/posts"}],"about":[{"href":"https:\/\/coronelxavierchaves.mg.gov.br\/prefeitura\/wp-json\/wp\/v2\/types\/post"}],"author":[{"embeddable":true,"href":"https:\/\/coronelxavierchaves.mg.gov.br\/prefeitura\/wp-json\/wp\/v2\/users\/3"}],"replies":[{"embeddable":true,"href":"https:\/\/coronelxavierchaves.mg.gov.br\/prefeitura\/wp-json\/wp\/v2\/comments?post=14657"}],"version-history":[{"count":152,"href":"https:\/\/coronelxavierchaves.mg.gov.br\/prefeitura\/wp-json\/wp\/v2\/posts\/14657\/revisions"}],"predecessor-version":[{"id":21107,"href":"https:\/\/coronelxavierchaves.mg.gov.br\/prefeitura\/wp-json\/wp\/v2\/posts\/14657\/revisions\/21107"}],"wp:featuredmedia":[{"embeddable":true,"href":"https:\/\/coronelxavierchaves.mg.gov.br\/prefeitura\/wp-json\/wp\/v2\/media\/4366"}],"wp:attachment":[{"href":"https:\/\/coronelxavierchaves.mg.gov.br\/prefeitura\/wp-json\/wp\/v2\/media?parent=14657"}],"wp:term":[{"taxonomy":"category","embeddable":true,"href":"https:\/\/coronelxavierchaves.mg.gov.br\/prefeitura\/wp-json\/wp\/v2\/categories?post=14657"},{"taxonomy":"post_tag","embeddable":true,"href":"https:\/\/coronelxavierchaves.mg.gov.br\/prefeitura\/wp-json\/wp\/v2\/tags?post=14657"}],"curies":[{"name":"wp","href":"https:\/\/api.w.org\/{rel}","templated":true}]}}