{"id":14763,"date":"2022-07-22T13:03:09","date_gmt":"2022-07-22T16:03:09","guid":{"rendered":"http:\/\/coronelxavierchaves.mg.gov.br\/prefeitura\/?p=14763"},"modified":"2022-10-04T11:08:18","modified_gmt":"2022-10-04T14:08:18","slug":"concessao-de-outorgas-de-permissao-para-exploracao-do-servico-de-transporte-individual-de-passageiros-na-modalidade-taxi-pl-54-2022s","status":"publish","type":"post","link":"https:\/\/coronelxavierchaves.mg.gov.br\/prefeitura\/2022\/07\/22\/concessao-de-outorgas-de-permissao-para-exploracao-do-servico-de-transporte-individual-de-passageiros-na-modalidade-taxi-pl-54-2022s\/","title":{"rendered":"Concess\u00e3o de outorgas de permiss\u00e3o para explora\u00e7\u00e3o do servi\u00e7o de transporte individual de passageiros na modalidade t\u00e1xi (PL 54\/2022)"},"content":{"rendered":"<blockquote><p>DOWNLOADS<\/p><\/blockquote>\n<ul>\n<li><del><a href=\"http:\/\/coronelxavierchaves.mg.gov.br\/prefeitura\/wp-content\/uploads\/2022\/07\/Concorrencia-publica-taxi-Edital-1.pdf\">EDITAL<\/a>, publicado em 22\/07\/2022 \u00e0s 14:20h.<\/del> Retificado em 31\/08\/2022.<\/li>\n<li><a href=\"http:\/\/coronelxavierchaves.mg.gov.br\/prefeitura\/wp-content\/uploads\/2022\/08\/08-ERRATA-1-.pdf\">ERRATA<\/a>, publicado em 31\/08\/2022 \u00e0s 16:07h.<\/li>\n<li><del><a href=\"http:\/\/coronelxavierchaves.mg.gov.br\/prefeitura\/wp-content\/uploads\/2022\/08\/Edital-Taxi-Concorrencia-RETIFICADO.pdf\">EDITAL RETIFICADO<\/a>, publicado em 31\/08\/2022 \u00e0s 16:07h.<\/del> Retificado em 08\/09\/2022.<\/li>\n<li><a href=\"http:\/\/coronelxavierchaves.mg.gov.br\/prefeitura\/wp-content\/uploads\/2022\/09\/08-ERRATA-2-TAXI.pdf\">2\u00aa ERRATA<\/a>, publicado em 08\/09\/2022 \u00e0s 11:32h.<\/li>\n<li><a href=\"http:\/\/coronelxavierchaves.mg.gov.br\/prefeitura\/wp-content\/uploads\/2022\/09\/Edital-Taxi-Concorrencia-RETIFICACAO-2.pdf\">2\u00ba EDITAL RETIFICADO<\/a>, publicado em 08\/09\/2022 \u00e0s 11:32h.\n<ul>\n<li><a href=\"http:\/\/coronelxavierchaves.mg.gov.br\/prefeitura\/wp-content\/uploads\/2022\/07\/ANEXO-II-Modelo-Proposta-Tecnica.docx\">ANEXO II &#8211; Modelo Proposta T\u00e9cnica<\/a><\/li>\n<li><a href=\"http:\/\/coronelxavierchaves.mg.gov.br\/prefeitura\/wp-content\/uploads\/2022\/07\/ANEXO-IV-Modelo-de-ausencia-de-fato-impeditivo.docx\">ANEXO IV &#8211; Modelo de aus\u00eancia de fato impeditivo<\/a><\/li>\n<li><a href=\"http:\/\/coronelxavierchaves.mg.gov.br\/prefeitura\/wp-content\/uploads\/2022\/07\/ANEXO-V-Modelo-Declaracao-de-que-nao-emprega-menores.docx\">ANEXO V &#8211; Modelo Declara\u00e7\u00e3o de que n\u00e3o emprega menores<\/a><\/li>\n<li><a href=\"http:\/\/coronelxavierchaves.mg.gov.br\/prefeitura\/wp-content\/uploads\/2022\/07\/ANEXO-VI-Modelo-renuncia-de-prazo-recursal.docx\">ANEXO VI &#8211; Modelo renuncia de prazo recursal<\/a><\/li>\n<\/ul>\n<\/li>\n<li><a href=\"http:\/\/coronelxavierchaves.mg.gov.br\/prefeitura\/wp-content\/uploads\/2022\/09\/Decisao-Administrativa-Taxi.pdf\">DECIS\u00c3O ADMINISTRATIVA<\/a>, publicado em 21\/09\/2022 \u00e0s 10:50h.<\/li>\n<li><a href=\"http:\/\/coronelxavierchaves.mg.gov.br\/prefeitura\/wp-content\/uploads\/2022\/09\/COMUNICADO-ABERTURA-DE-PROPOSTA.pdf\">COMUNICADO ABERTURA DE PROPOSTA<\/a>, publicado em 21\/09\/2022 \u00e0s 10:50h.<\/li>\n<li><a href=\"http:\/\/coronelxavierchaves.mg.gov.br\/prefeitura\/wp-content\/uploads\/2022\/09\/13-PUBLICACAO-DE-RESULTADO-TAXI.pdf\">RESULTADO<\/a>, publicado em 22\/09\/2022 \u00e0s 16:11h.<\/li>\n<li><a href=\"http:\/\/coronelxavierchaves.mg.gov.br\/prefeitura\/wp-content\/uploads\/2022\/09\/CONVOCACAO-ASSINATURA-DE-CONTRATO.pdf\">CONVOCA\u00c7\u00c3O<\/a>, publicado em 30\/09\/2022 \u00e0s 09:25h.<\/li>\n<li><a href=\"http:\/\/coronelxavierchaves.mg.gov.br\/prefeitura\/wp-content\/uploads\/2022\/10\/15-CONTRATO-JULIANA-PUBLICAR.pdf\">CONTRATO: JULIANA <\/a>, publicado em 04\/10\/2022 \u00e0s 11:08h.<\/li>\n<li><a href=\"http:\/\/coronelxavierchaves.mg.gov.br\/prefeitura\/wp-content\/uploads\/2022\/10\/15-CONTRATO-WHERING-PUBLICAR.pdf\">CONTRATO: WHERING<\/a>, publicado em 04\/10\/2022 \u00e0s 11:08h.<\/li>\n<\/ul>\n<p style=\"text-align: justify;\"><strong><u>AVISO DE LICITA\u00c7\u00c3O<\/u><\/strong><\/p>\n<div style=\"text-align: justify;\">\n<div style=\"text-align: justify;\">\n<p style=\"font-weight: 400;\">Prefeitura Municipal de Coronel Xavier Chaves\/MG.\u00a0<b>Aviso de\u00a0Licita\u00e7\u00e3o\u00a0&#8211; Processo Licitat\u00f3rio 54\/2022, Concorr\u00eancia 02\/2022, do tipo\u00a0<u>Melhor T\u00e9cnica<\/u>. Objeto<i>:\u00a0<\/i><u>CONCESS\u00c3O DE OUTORGAS DE PERMISS\u00c3O PARA EXPLORA\u00c7\u00c3O DO SERVI\u00c7O DE TRANSPORTE INDIVIDUAL DE PASSAGEIROS NA MODALIDADE T\u00c1XI NO MUNIC\u00cdPIO DE CORONEL XAVIER.<\/u><\/b>\u00a0Abertura da sess\u00e3o p\u00fablica:\u00a0<b><u>13\/09\/2022 \u00e0s 8h00min<\/u>.<\/b>\u00a0O edital est\u00e1 dispon\u00edvel no Site &#8211;\u00a0\u201c<a href=\"http:\/\/www.coronelxavierchaves.mg.gov.br\/\" target=\"_blank\" rel=\"noopener\" data-saferedirecturl=\"https:\/\/www.google.com\/url?q=http:\/\/www.coronelxavierchaves.mg.gov.br\/&amp;source=gmail&amp;ust=1658588633281000&amp;usg=AOvVaw2F8KAOkDQe3gQYdZ6xyqqt\">www.coronelxavierchaves.mg.<wbr \/>gov.br<\/a>&#8220;, informa\u00e7\u00f5es\u00a0na Prefeitura Municipal \u00e0 Rua Padre Reis, 84, Centro, Coronel Xavier Chaves, MG, no hor\u00e1rio de 08h00min \u00e0s 11h00min e de 12h00min \u00e0s 16h00min. Tel.:\u00a0<a href=\"tel:%2832%29%203357-1235\" target=\"_blank\" rel=\"noopener\">(32) 3357-1235<\/a>. Coronel Xavier Chaves, 21 de julho de 2022. Juliana Jaques Camargos \u2013 Presidente da CPL.<\/p>\n<\/div>\n<\/div>\n<p>&nbsp;<\/p>\n<div class=\"printshowonly\">\n<p>*<b>PUBLICA\u00c7\u00c3O<\/b><\/p>\n<ul>\n<li>Um destaque desta publica\u00e7\u00e3o foi gerado na p\u00e1gina inicial do site, dispon\u00edvel at\u00e9 que demais publica\u00e7\u00f5es sejam realizadas.<\/li>\n<li>Uma publica\u00e7\u00e3o permanente foi feita na p\u00e1gina de Editais e Licita\u00e7\u00f5es.<\/li>\n<li>Link para acesso:\u00a0http:\/\/coronelxavierchaves.mg.gov.br\/prefeitura\/wp-json\/wp\/v2\/posts\/14763<\/li>\n<\/ul>\n<\/div>\n","protected":false},"excerpt":{"rendered":"<p>DOWNLOADS EDITAL, publicado em 22\/07\/2022 \u00e0s 14:20h. Retificado em 31\/08\/2022. ERRATA, publicado em 31\/08\/2022 \u00e0s 16:07h. EDITAL RETIFICADO, publicado em 31\/08\/2022 \u00e0s 16:07h. Retificado em 08\/09\/2022. 2\u00aa ERRATA, publicado em 08\/09\/2022 \u00e0s 11:32h. 2\u00ba EDITAL RETIFICADO, publicado em 08\/09\/2022 \u00e0s 11:32h. ANEXO II &#8211; Modelo Proposta T\u00e9cnica ANEXO IV &#8211; Modelo de aus\u00eancia de fato [&hellip;]<\/p>\n","protected":false},"author":3,"featured_media":4366,"comment_status":"open","ping_status":"open","sticky":false,"template":"","format":"standard","meta":{"footnotes":"","_links_to":"","_links_to_target":""},"categories":[102],"tags":[],"class_list":{"0":"post-14763","1":"post","2":"type-post","3":"status-publish","4":"format-standard","5":"has-post-thumbnail","7":"category-editais-de-licitacao-2022"},"_links":{"self":[{"href":"https:\/\/coronelxavierchaves.mg.gov.br\/prefeitura\/wp-json\/wp\/v2\/posts\/14763","targetHints":{"allow":["GET"]}}],"collection":[{"href":"https:\/\/coronelxavierchaves.mg.gov.br\/prefeitura\/wp-json\/wp\/v2\/posts"}],"about":[{"href":"https:\/\/coronelxavierchaves.mg.gov.br\/prefeitura\/wp-json\/wp\/v2\/types\/post"}],"author":[{"embeddable":true,"href":"https:\/\/coronelxavierchaves.mg.gov.br\/prefeitura\/wp-json\/wp\/v2\/users\/3"}],"replies":[{"embeddable":true,"href":"https:\/\/coronelxavierchaves.mg.gov.br\/prefeitura\/wp-json\/wp\/v2\/comments?post=14763"}],"version-history":[{"count":11,"href":"https:\/\/coronelxavierchaves.mg.gov.br\/prefeitura\/wp-json\/wp\/v2\/posts\/14763\/revisions"}],"predecessor-version":[{"id":15140,"href":"https:\/\/coronelxavierchaves.mg.gov.br\/prefeitura\/wp-json\/wp\/v2\/posts\/14763\/revisions\/15140"}],"wp:featuredmedia":[{"embeddable":true,"href":"https:\/\/coronelxavierchaves.mg.gov.br\/prefeitura\/wp-json\/wp\/v2\/media\/4366"}],"wp:attachment":[{"href":"https:\/\/coronelxavierchaves.mg.gov.br\/prefeitura\/wp-json\/wp\/v2\/media?parent=14763"}],"wp:term":[{"taxonomy":"category","embeddable":true,"href":"https:\/\/coronelxavierchaves.mg.gov.br\/prefeitura\/wp-json\/wp\/v2\/categories?post=14763"},{"taxonomy":"post_tag","embeddable":true,"href":"https:\/\/coronelxavierchaves.mg.gov.br\/prefeitura\/wp-json\/wp\/v2\/tags?post=14763"}],"curies":[{"name":"wp","href":"https:\/\/api.w.org\/{rel}","templated":true}]}}