{"id":14780,"date":"2022-07-26T20:51:42","date_gmt":"2022-07-26T23:51:42","guid":{"rendered":"http:\/\/coronelxavierchaves.mg.gov.br\/prefeitura\/?p=14780"},"modified":"2022-07-27T16:01:57","modified_gmt":"2022-07-27T19:01:57","slug":"lista-de-inscricoes-efetivadas-processo-seletivo-003-2022-prefeitura-municipal-de-coronel-xavier-chaves","status":"publish","type":"post","link":"https:\/\/coronelxavierchaves.mg.gov.br\/prefeitura\/2022\/07\/26\/lista-de-inscricoes-efetivadas-processo-seletivo-003-2022-prefeitura-municipal-de-coronel-xavier-chaves\/","title":{"rendered":"Lista de inscri\u00e7\u00f5es efetivadas &#8211; Processo Seletivo 003\/2022 &#8211; Prefeitura Municipal de Coronel Xavier Chaves"},"content":{"rendered":"<p>A lista de inscri\u00e7\u00f5es efetivadas no Processo Seletivo 003 da Prefeitura Municipal de Coronel Xavier Chaves encontram-se dispon\u00edveis no link: <a href=\"https:\/\/www.concursosjcm.com.br\/informacoes\/176\/\" target=\"_blank\" rel=\"noopener\">https:\/\/www.concursosjcm.com.br\/informacoes\/176\/<\/a><\/p>\n<p style=\"text-align: justify;\">*A Prefeitura Municipal comunica a altera\u00e7\u00e3o das datas de resultado preliminar e de resultado final do Edital de Processo Seletivo Simplificado n\u00ba 003\/2022 para contrata\u00e7\u00e3o tempor\u00e1ria, por meio da Retifica\u00e7\u00e3o n\u00ba 01 em anexo.<\/p>\n<ul>\n<li><a href=\"http:\/\/coronelxavierchaves.mg.gov.br\/prefeitura\/wp-content\/uploads\/2022\/07\/I-Retificacao-Processo-Seletivo-PM-Coronel-Xavier-Chaves-003-2022.pdf\">I &#8211; Retifica\u00e7\u00e3o<\/a><\/li>\n<\/ul>\n","protected":false},"excerpt":{"rendered":"<p>A lista de inscri\u00e7\u00f5es efetivadas no Processo Seletivo 003 da Prefeitura Municipal de Coronel Xavier Chaves encontram-se dispon\u00edveis no link: https:\/\/www.concursosjcm.com.br\/informacoes\/176\/ *A Prefeitura Municipal comunica a altera\u00e7\u00e3o das datas de resultado preliminar e de resultado final do Edital de Processo Seletivo Simplificado n\u00ba 003\/2022 para contrata\u00e7\u00e3o tempor\u00e1ria, por meio da Retifica\u00e7\u00e3o n\u00ba 01 em anexo. [&hellip;]<\/p>\n","protected":false},"author":3,"featured_media":4367,"comment_status":"open","ping_status":"open","sticky":false,"template":"","format":"standard","meta":{"footnotes":"","_links_to":"","_links_to_target":""},"categories":[101],"tags":[],"class_list":{"0":"post-14780","1":"post","2":"type-post","3":"status-publish","4":"format-standard","5":"has-post-thumbnail","7":"category-editais-de-convocacao-e-contratacao-2022"},"_links":{"self":[{"href":"https:\/\/coronelxavierchaves.mg.gov.br\/prefeitura\/wp-json\/wp\/v2\/posts\/14780","targetHints":{"allow":["GET"]}}],"collection":[{"href":"https:\/\/coronelxavierchaves.mg.gov.br\/prefeitura\/wp-json\/wp\/v2\/posts"}],"about":[{"href":"https:\/\/coronelxavierchaves.mg.gov.br\/prefeitura\/wp-json\/wp\/v2\/types\/post"}],"author":[{"embeddable":true,"href":"https:\/\/coronelxavierchaves.mg.gov.br\/prefeitura\/wp-json\/wp\/v2\/users\/3"}],"replies":[{"embeddable":true,"href":"https:\/\/coronelxavierchaves.mg.gov.br\/prefeitura\/wp-json\/wp\/v2\/comments?post=14780"}],"version-history":[{"count":4,"href":"https:\/\/coronelxavierchaves.mg.gov.br\/prefeitura\/wp-json\/wp\/v2\/posts\/14780\/revisions"}],"predecessor-version":[{"id":14804,"href":"https:\/\/coronelxavierchaves.mg.gov.br\/prefeitura\/wp-json\/wp\/v2\/posts\/14780\/revisions\/14804"}],"wp:featuredmedia":[{"embeddable":true,"href":"https:\/\/coronelxavierchaves.mg.gov.br\/prefeitura\/wp-json\/wp\/v2\/media\/4367"}],"wp:attachment":[{"href":"https:\/\/coronelxavierchaves.mg.gov.br\/prefeitura\/wp-json\/wp\/v2\/media?parent=14780"}],"wp:term":[{"taxonomy":"category","embeddable":true,"href":"https:\/\/coronelxavierchaves.mg.gov.br\/prefeitura\/wp-json\/wp\/v2\/categories?post=14780"},{"taxonomy":"post_tag","embeddable":true,"href":"https:\/\/coronelxavierchaves.mg.gov.br\/prefeitura\/wp-json\/wp\/v2\/tags?post=14780"}],"curies":[{"name":"wp","href":"https:\/\/api.w.org\/{rel}","templated":true}]}}