{"id":14801,"date":"2022-07-27T16:01:49","date_gmt":"2022-07-27T19:01:49","guid":{"rendered":"http:\/\/coronelxavierchaves.mg.gov.br\/prefeitura\/?p=14801"},"modified":"2022-07-27T16:01:49","modified_gmt":"2022-07-27T19:01:49","slug":"retificacao-no-01-processo-seletivo-no-003-2022-alteracao-de-datas-de-resultado-preliminar-e-resultado-final-do-processo-seletivo","status":"publish","type":"post","link":"https:\/\/coronelxavierchaves.mg.gov.br\/prefeitura\/2022\/07\/27\/retificacao-no-01-processo-seletivo-no-003-2022-alteracao-de-datas-de-resultado-preliminar-e-resultado-final-do-processo-seletivo\/","title":{"rendered":"Retifica\u00e7\u00e3o n\u00ba 01 Processo Seletivo n\u00ba 003\/2022: altera\u00e7\u00e3o de datas de resultado preliminar e resultado final do processo seletivo"},"content":{"rendered":"<p style=\"text-align: justify;\">A Prefeitura Municipal comunica a altera\u00e7\u00e3o das datas de resultado preliminar e de resultado final do Edital de Processo Seletivo Simplificado n\u00ba 003\/2022 para contrata\u00e7\u00e3o tempor\u00e1ria, por meio da Retifica\u00e7\u00e3o n\u00ba 01 em anexo.<\/p>\n<ul>\n<li><a href=\"http:\/\/coronelxavierchaves.mg.gov.br\/prefeitura\/wp-content\/uploads\/2022\/07\/I-Retificacao-Processo-Seletivo-PM-Coronel-Xavier-Chaves-003-2022.pdf\">I &#8211; Retifica\u00e7\u00e3o<\/a><\/li>\n<\/ul>\n","protected":false},"excerpt":{"rendered":"<p>A Prefeitura Municipal comunica a altera\u00e7\u00e3o das datas de resultado preliminar e de resultado final do Edital de Processo Seletivo Simplificado n\u00ba 003\/2022 para contrata\u00e7\u00e3o tempor\u00e1ria, por meio da Retifica\u00e7\u00e3o n\u00ba 01 em anexo. I &#8211; Retifica\u00e7\u00e3o<\/p>\n","protected":false},"author":3,"featured_media":4367,"comment_status":"open","ping_status":"open","sticky":false,"template":"","format":"standard","meta":{"footnotes":"","_links_to":"","_links_to_target":""},"categories":[101],"tags":[],"class_list":{"0":"post-14801","1":"post","2":"type-post","3":"status-publish","4":"format-standard","5":"has-post-thumbnail","7":"category-editais-de-convocacao-e-contratacao-2022"},"_links":{"self":[{"href":"https:\/\/coronelxavierchaves.mg.gov.br\/prefeitura\/wp-json\/wp\/v2\/posts\/14801","targetHints":{"allow":["GET"]}}],"collection":[{"href":"https:\/\/coronelxavierchaves.mg.gov.br\/prefeitura\/wp-json\/wp\/v2\/posts"}],"about":[{"href":"https:\/\/coronelxavierchaves.mg.gov.br\/prefeitura\/wp-json\/wp\/v2\/types\/post"}],"author":[{"embeddable":true,"href":"https:\/\/coronelxavierchaves.mg.gov.br\/prefeitura\/wp-json\/wp\/v2\/users\/3"}],"replies":[{"embeddable":true,"href":"https:\/\/coronelxavierchaves.mg.gov.br\/prefeitura\/wp-json\/wp\/v2\/comments?post=14801"}],"version-history":[{"count":1,"href":"https:\/\/coronelxavierchaves.mg.gov.br\/prefeitura\/wp-json\/wp\/v2\/posts\/14801\/revisions"}],"predecessor-version":[{"id":14803,"href":"https:\/\/coronelxavierchaves.mg.gov.br\/prefeitura\/wp-json\/wp\/v2\/posts\/14801\/revisions\/14803"}],"wp:featuredmedia":[{"embeddable":true,"href":"https:\/\/coronelxavierchaves.mg.gov.br\/prefeitura\/wp-json\/wp\/v2\/media\/4367"}],"wp:attachment":[{"href":"https:\/\/coronelxavierchaves.mg.gov.br\/prefeitura\/wp-json\/wp\/v2\/media?parent=14801"}],"wp:term":[{"taxonomy":"category","embeddable":true,"href":"https:\/\/coronelxavierchaves.mg.gov.br\/prefeitura\/wp-json\/wp\/v2\/categories?post=14801"},{"taxonomy":"post_tag","embeddable":true,"href":"https:\/\/coronelxavierchaves.mg.gov.br\/prefeitura\/wp-json\/wp\/v2\/tags?post=14801"}],"curies":[{"name":"wp","href":"https:\/\/api.w.org\/{rel}","templated":true}]}}