{"id":14819,"date":"2022-07-29T09:46:13","date_gmt":"2022-07-29T12:46:13","guid":{"rendered":"http:\/\/coronelxavierchaves.mg.gov.br\/prefeitura\/?p=14819"},"modified":"2022-08-12T16:26:46","modified_gmt":"2022-08-12T19:26:46","slug":"aquisicao-de-um-veiculo-ambulancia-tipo-b-pre-hospitalar-tipo-furgao-pl-56-2022","status":"publish","type":"post","link":"https:\/\/coronelxavierchaves.mg.gov.br\/prefeitura\/2022\/07\/29\/aquisicao-de-um-veiculo-ambulancia-tipo-b-pre-hospitalar-tipo-furgao-pl-56-2022\/","title":{"rendered":"Aquisi\u00e7\u00e3o de um ve\u00edculo ambul\u00e2ncia tipo b, pr\u00e9-hospitalar, tipo furg\u00e3o (PL 56\/2022)"},"content":{"rendered":"<blockquote><p>DOWNLOADS<\/p><\/blockquote>\n<ul>\n<li><a href=\"http:\/\/coronelxavierchaves.mg.gov.br\/prefeitura\/wp-content\/uploads\/2022\/07\/05-EDITAL-AQUISICAO-AMBULANCIA-TIPO-B.pdf\">EDITAL<\/a>, publicado em 29\/07\/2022 \u00e0s 09:46h.<\/li>\n<li><a href=\"http:\/\/coronelxavierchaves.mg.gov.br\/prefeitura\/wp-content\/uploads\/2022\/08\/17-CONTRATO-AMBULANCIA-TIPO-B-PUBLICAR.pdf\">CONTRATO<\/a>, publicado em 12\/08\/2022 \u00e0s 16:28h.<\/li>\n<\/ul>\n<p style=\"text-align: justify;\"><strong><u>AVISO DE LICITA\u00c7\u00c3O<\/u><\/strong><\/p>\n<div style=\"text-align: justify;\">\n<div style=\"text-align: justify;\">\n<p>Prefeitura Municipal de Coronel Xavier Chaves\/MG. Aviso de\u00a0Licita\u00e7\u00e3o<b>\u00a0&#8211; Processo Licitat\u00f3rio \u2013 56\/2022, Preg\u00e3o Presencial \u2013 38\/2022,\u00a0do tipo\u00a0<\/b><b>MENOR PRE\u00c7O POR ITEM<\/b><b>\u00a0<\/b><b>&#8211; Objeto:\u00a0<\/b><b><u>AQUISI\u00c7\u00c3O DE UM VE\u00cdCULO AMBUL\u00c2NCIA TIPO B, PR\u00c9-HOSPITALAR, TIPO FURG\u00c3O, PARA ATENDER A DEMANDA DA SECRETARIA MUNICIPAL DE SA\u00daDE DO MUNIC\u00cdPIO DE CORONEL XAVIER CHAVES\/MG<\/u><\/b><b><i><u>.<\/u><\/i><\/b><b><i>\u00a0<\/i><\/b><u>Credenciamento<\/u>:\u00a0<b>11\/08\/2022 das 08h00min \u00e0s 08h15min.\u00a0<\/b><u>Abertura:<\/u><b>\u00a011\/08\/2022, ap\u00f3s o credenciamento.<\/b>\u00a0O edital est\u00e1 dispon\u00edvel no Site-\u00a0\u201c<a href=\"http:\/\/www.coronelxavierchaves.mg.gov.br\/\" target=\"_blank\" rel=\"noopener\" data-saferedirecturl=\"https:\/\/www.google.com\/url?q=http:\/\/www.coronelxavierchaves.mg.gov.br&amp;source=gmail&amp;ust=1659184035835000&amp;usg=AOvVaw38l-0JrXdtAXK8U27AQ_id\">www.<wbr \/>coronelxavierchaves.mg.gov.br<\/a>&#8220;<wbr \/>, informa\u00e7\u00f5es\u00a0na prefeitura municipal \u00e0 Rua Padre Reis, 84, Centro, Coronel Xavier Chaves\/MG, no hor\u00e1rio das 08h00min \u00e0s 12h00min e das 13h00min \u00e0s 16h00min. Tel.:\u00a0<a href=\"tel:%2832%29%203357-1235\" target=\"_blank\" rel=\"noopener\">(32) 3357-1235<\/a>. Coronel Xavier Chaves, 29 de julho de 2022. Beatriz Rayze de Resende &#8211; Pregoeira.<\/p>\n<\/div>\n<\/div>\n<p>&nbsp;<\/p>\n<div class=\"printshowonly\">\n<p>*<b>PUBLICA\u00c7\u00c3O<\/b><\/p>\n<ul>\n<li>Um destaque desta publica\u00e7\u00e3o foi gerado na p\u00e1gina inicial do site, dispon\u00edvel at\u00e9 que demais publica\u00e7\u00f5es sejam realizadas.<\/li>\n<li>Uma publica\u00e7\u00e3o permanente foi feita na p\u00e1gina de Editais e Licita\u00e7\u00f5es.<\/li>\n<li>Link para acesso:\u00a0http:\/\/coronelxavierchaves.mg.gov.br\/prefeitura\/wp-json\/wp\/v2\/posts\/14819<\/li>\n<\/ul>\n<\/div>\n","protected":false},"excerpt":{"rendered":"<p>DOWNLOADS EDITAL, publicado em 29\/07\/2022 \u00e0s 09:46h. CONTRATO, publicado em 12\/08\/2022 \u00e0s 16:28h. AVISO DE LICITA\u00c7\u00c3O Prefeitura Municipal de Coronel Xavier Chaves\/MG. Aviso de\u00a0Licita\u00e7\u00e3o\u00a0&#8211; Processo Licitat\u00f3rio \u2013 56\/2022, Preg\u00e3o Presencial \u2013 38\/2022,\u00a0do tipo\u00a0MENOR PRE\u00c7O POR ITEM\u00a0&#8211; Objeto:\u00a0AQUISI\u00c7\u00c3O DE UM VE\u00cdCULO AMBUL\u00c2NCIA TIPO B, PR\u00c9-HOSPITALAR, TIPO FURG\u00c3O, PARA ATENDER A DEMANDA DA SECRETARIA MUNICIPAL DE SA\u00daDE [&hellip;]<\/p>\n","protected":false},"author":3,"featured_media":4366,"comment_status":"open","ping_status":"open","sticky":false,"template":"","format":"standard","meta":{"footnotes":"","_links_to":"","_links_to_target":""},"categories":[102],"tags":[],"class_list":{"0":"post-14819","1":"post","2":"type-post","3":"status-publish","4":"format-standard","5":"has-post-thumbnail","7":"category-editais-de-licitacao-2022"},"_links":{"self":[{"href":"https:\/\/coronelxavierchaves.mg.gov.br\/prefeitura\/wp-json\/wp\/v2\/posts\/14819","targetHints":{"allow":["GET"]}}],"collection":[{"href":"https:\/\/coronelxavierchaves.mg.gov.br\/prefeitura\/wp-json\/wp\/v2\/posts"}],"about":[{"href":"https:\/\/coronelxavierchaves.mg.gov.br\/prefeitura\/wp-json\/wp\/v2\/types\/post"}],"author":[{"embeddable":true,"href":"https:\/\/coronelxavierchaves.mg.gov.br\/prefeitura\/wp-json\/wp\/v2\/users\/3"}],"replies":[{"embeddable":true,"href":"https:\/\/coronelxavierchaves.mg.gov.br\/prefeitura\/wp-json\/wp\/v2\/comments?post=14819"}],"version-history":[{"count":3,"href":"https:\/\/coronelxavierchaves.mg.gov.br\/prefeitura\/wp-json\/wp\/v2\/posts\/14819\/revisions"}],"predecessor-version":[{"id":14917,"href":"https:\/\/coronelxavierchaves.mg.gov.br\/prefeitura\/wp-json\/wp\/v2\/posts\/14819\/revisions\/14917"}],"wp:featuredmedia":[{"embeddable":true,"href":"https:\/\/coronelxavierchaves.mg.gov.br\/prefeitura\/wp-json\/wp\/v2\/media\/4366"}],"wp:attachment":[{"href":"https:\/\/coronelxavierchaves.mg.gov.br\/prefeitura\/wp-json\/wp\/v2\/media?parent=14819"}],"wp:term":[{"taxonomy":"category","embeddable":true,"href":"https:\/\/coronelxavierchaves.mg.gov.br\/prefeitura\/wp-json\/wp\/v2\/categories?post=14819"},{"taxonomy":"post_tag","embeddable":true,"href":"https:\/\/coronelxavierchaves.mg.gov.br\/prefeitura\/wp-json\/wp\/v2\/tags?post=14819"}],"curies":[{"name":"wp","href":"https:\/\/api.w.org\/{rel}","templated":true}]}}