{"id":14846,"date":"2022-08-04T15:45:03","date_gmt":"2022-08-04T18:45:03","guid":{"rendered":"http:\/\/coronelxavierchaves.mg.gov.br\/prefeitura\/?p=14846"},"modified":"2022-08-22T15:08:34","modified_gmt":"2022-08-22T18:08:34","slug":"aquisicao-parcelada-de-uniformes-para-o-funcionalismo-publico-e-camisas-para-atender-eventuais-demandas-pl-57-2022","status":"publish","type":"post","link":"https:\/\/coronelxavierchaves.mg.gov.br\/prefeitura\/2022\/08\/04\/aquisicao-parcelada-de-uniformes-para-o-funcionalismo-publico-e-camisas-para-atender-eventuais-demandas-pl-57-2022\/","title":{"rendered":"Aquisi\u00e7\u00e3o parcelada de uniformes para o funcionalismo p\u00fablico e camisas para atender eventuais demandas (PL 57\/2022)"},"content":{"rendered":"<blockquote><p>DOWNLOADS<\/p><\/blockquote>\n<ul>\n<li><a href=\"http:\/\/coronelxavierchaves.mg.gov.br\/prefeitura\/wp-content\/uploads\/2022\/08\/05-EDITAL-AQUISICAO-UNIFORMES-FUNCIONALISMO-E-CAMISAS-2022.pdf\">EDITAL<\/a>, publicado em 04\/08\/2022 \u00e0s 15:45h.<\/li>\n<li><a href=\"http:\/\/coronelxavierchaves.mg.gov.br\/prefeitura\/wp-content\/uploads\/2022\/08\/11-ATA-REGISTRO-DE-PRECO-MARCELO-CONFECCOES-PUBLICAR.pdf\">ATA DE REGISTRO DE PRE\u00c7OS: MARCELO CONFEC\u00c7\u00d5ES<\/a>, publicado em 22\/08\/2022 \u00e0s 14:34h.<\/li>\n<li><a href=\"http:\/\/coronelxavierchaves.mg.gov.br\/prefeitura\/wp-content\/uploads\/2022\/08\/11-ATA-REGISTRO-DE-PRECO-M-UNIFORMES-PUBLICAR.pdf\">ATA REGISTRO DE PRE\u00c7O: M UNIFORMES<\/a>, publicado em 22\/08\/2022 \u00e0s 14:34h.<\/li>\n<\/ul>\n<p style=\"text-align: justify;\"><strong><u>AVISO DE LICITA\u00c7\u00c3O<\/u><\/strong><\/p>\n<div style=\"text-align: justify;\">\n<div style=\"text-align: justify;\">\n<p>Prefeitura Municipal de Coronel Xavier Chaves\/MG. Aviso de Licita\u00e7\u00e3o &#8211;\u00a0<b>Processo Licitat\u00f3rio \u201357\/2022, PREG\u00c3O PRESENCIAL 39\/2022 (REGISTRO DE PRE\u00c7OS), do tipo MENOR PRE\u00c7O POR LOTE. Objeto: AQUISI\u00c7\u00c3O PARCELADA DE UNIFORMES PARA O FUNCIONALISMO P\u00daBLICO E CAMISAS PARA ATENDER EVENTUAIS DEMANDAS DAS DIVERSAS SECRETARIAS DO MUNIC\u00cdPIO DE CORONEL XAVIER CHAVES<\/b><b><i>.\u00a0<\/i><\/b><u>Credenciamento<\/u>:\u00a0<b>17\/08\/2022 das 08h00min \u00e0s 08h15min.\u00a0<\/b><u>Abertura:<\/u><b>\u00a017\/08\/2022, ap\u00f3s o credenciamento.<\/b>\u00a0O edital est\u00e1 dispon\u00edvel no Site-\u201c<a href=\"http:\/\/www.coronelxavierchaves.mg.gov.br\/\" target=\"_blank\" rel=\"noopener\" data-saferedirecturl=\"https:\/\/www.google.com\/url?q=http:\/\/www.coronelxavierchaves.mg.gov.br&amp;source=gmail&amp;ust=1659724223073000&amp;usg=AOvVaw1JnRX2iIpIQBpIpZEsT_c3\">www.coronelxavierchaves.<wbr \/>mg.gov.br<\/a>&#8220;, informa\u00e7\u00f5es\u00a0na prefeitura municipal \u00e0 Rua Padre Reis, 84, Centro, Coronel Xavier Chaves\/MG, no hor\u00e1rio de 08h00min as 12h00min e de 13h00min as 16h00min. Tel.:\u00a0<a href=\"tel:%2832%29%203357-1235\" target=\"_blank\" rel=\"noopener\">(32) 3357-1235<\/a>. Coronel Xavier Chaves, 04 de agosto de 2022. Beatriz Rayze de Resende &#8211; Pregoeira.<\/p>\n<\/div>\n<\/div>\n<p>&nbsp;<\/p>\n<div class=\"printshowonly\">\n<p>*<b>PUBLICA\u00c7\u00c3O<\/b><\/p>\n<ul>\n<li>Um destaque desta publica\u00e7\u00e3o foi gerado na p\u00e1gina inicial do site, dispon\u00edvel at\u00e9 que demais publica\u00e7\u00f5es sejam realizadas.<\/li>\n<li>Uma publica\u00e7\u00e3o permanente foi feita na p\u00e1gina de Editais e Licita\u00e7\u00f5es.<\/li>\n<li>Link para acesso:\u00a0http:\/\/coronelxavierchaves.mg.gov.br\/prefeitura\/wp-json\/wp\/v2\/posts\/14846<\/li>\n<\/ul>\n<\/div>\n","protected":false},"excerpt":{"rendered":"<p>DOWNLOADS EDITAL, publicado em 04\/08\/2022 \u00e0s 15:45h. ATA DE REGISTRO DE PRE\u00c7OS: MARCELO CONFEC\u00c7\u00d5ES, publicado em 22\/08\/2022 \u00e0s 14:34h. ATA REGISTRO DE PRE\u00c7O: M UNIFORMES, publicado em 22\/08\/2022 \u00e0s 14:34h. AVISO DE LICITA\u00c7\u00c3O Prefeitura Municipal de Coronel Xavier Chaves\/MG. Aviso de Licita\u00e7\u00e3o &#8211;\u00a0Processo Licitat\u00f3rio \u201357\/2022, PREG\u00c3O PRESENCIAL 39\/2022 (REGISTRO DE PRE\u00c7OS), do tipo MENOR PRE\u00c7O [&hellip;]<\/p>\n","protected":false},"author":3,"featured_media":4366,"comment_status":"open","ping_status":"open","sticky":false,"template":"","format":"standard","meta":{"footnotes":"","_links_to":"","_links_to_target":""},"categories":[102],"tags":[],"class_list":{"0":"post-14846","1":"post","2":"type-post","3":"status-publish","4":"format-standard","5":"has-post-thumbnail","7":"category-editais-de-licitacao-2022"},"_links":{"self":[{"href":"https:\/\/coronelxavierchaves.mg.gov.br\/prefeitura\/wp-json\/wp\/v2\/posts\/14846","targetHints":{"allow":["GET"]}}],"collection":[{"href":"https:\/\/coronelxavierchaves.mg.gov.br\/prefeitura\/wp-json\/wp\/v2\/posts"}],"about":[{"href":"https:\/\/coronelxavierchaves.mg.gov.br\/prefeitura\/wp-json\/wp\/v2\/types\/post"}],"author":[{"embeddable":true,"href":"https:\/\/coronelxavierchaves.mg.gov.br\/prefeitura\/wp-json\/wp\/v2\/users\/3"}],"replies":[{"embeddable":true,"href":"https:\/\/coronelxavierchaves.mg.gov.br\/prefeitura\/wp-json\/wp\/v2\/comments?post=14846"}],"version-history":[{"count":3,"href":"https:\/\/coronelxavierchaves.mg.gov.br\/prefeitura\/wp-json\/wp\/v2\/posts\/14846\/revisions"}],"predecessor-version":[{"id":14952,"href":"https:\/\/coronelxavierchaves.mg.gov.br\/prefeitura\/wp-json\/wp\/v2\/posts\/14846\/revisions\/14952"}],"wp:featuredmedia":[{"embeddable":true,"href":"https:\/\/coronelxavierchaves.mg.gov.br\/prefeitura\/wp-json\/wp\/v2\/media\/4366"}],"wp:attachment":[{"href":"https:\/\/coronelxavierchaves.mg.gov.br\/prefeitura\/wp-json\/wp\/v2\/media?parent=14846"}],"wp:term":[{"taxonomy":"category","embeddable":true,"href":"https:\/\/coronelxavierchaves.mg.gov.br\/prefeitura\/wp-json\/wp\/v2\/categories?post=14846"},{"taxonomy":"post_tag","embeddable":true,"href":"https:\/\/coronelxavierchaves.mg.gov.br\/prefeitura\/wp-json\/wp\/v2\/tags?post=14846"}],"curies":[{"name":"wp","href":"https:\/\/api.w.org\/{rel}","templated":true}]}}