{"id":14953,"date":"2022-08-22T15:15:04","date_gmt":"2022-08-22T18:15:04","guid":{"rendered":"http:\/\/coronelxavierchaves.mg.gov.br\/prefeitura\/?p=14953"},"modified":"2022-08-22T15:15:04","modified_gmt":"2022-08-22T18:15:04","slug":"atas-de-registro-de-precos-pl-58-2022-contratacao-de-servicos-especializados-para-a-promocao-de-festas-e-eventos","status":"publish","type":"post","link":"https:\/\/coronelxavierchaves.mg.gov.br\/prefeitura\/2022\/08\/22\/atas-de-registro-de-precos-pl-58-2022-contratacao-de-servicos-especializados-para-a-promocao-de-festas-e-eventos\/","title":{"rendered":"Atas de registro de pre\u00e7os (PL 58\/2022): Contrata\u00e7\u00e3o de servi\u00e7os especializados para a promo\u00e7\u00e3o de festas e eventos&#8230;"},"content":{"rendered":"<blockquote><p>DOWNLOADS<\/p><\/blockquote>\n<ul>\n<li><a href=\"http:\/\/coronelxavierchaves.mg.gov.br\/prefeitura\/wp-content\/uploads\/2022\/08\/12-ATA-REGISTRO-DE-PRECO-AVILA-COMUNICACAO-LTDA-PUBLICAR.pdf\">ATA REGISTRO DE PRE\u00c7O: AVILA COMUNICA\u00c7\u00c3O LTDA <\/a>, publicado em 22\/08\/2022 \u00e0s 15:15h.<\/li>\n<li><a href=\"http:\/\/coronelxavierchaves.mg.gov.br\/prefeitura\/wp-content\/uploads\/2022\/08\/12-ATA-REGISTRO-DE-PRECO-HYAGO-E-SANTOS-PROMOCOES-PUBLICAR.pdf\">ATA REGISTRO DE PRE\u00c7O: HYAGO E SANTOS PROMO\u00c7\u00d5ES<\/a>, publicado em 22\/08\/2022 \u00e0s 15:15h.<\/li>\n<li><a href=\"http:\/\/coronelxavierchaves.mg.gov.br\/prefeitura\/wp-content\/uploads\/2022\/08\/12-ATA-REGISTRO-DE-PRECO-PATRICIO-ARAUJO-DA-SILVA-PUBLICAR.pdf\">ATA REGISTRO DE PRE\u00c7O: PATR\u00cdCIO ARA\u00daJO DA SILVA<\/a>, publicado em 22\/08\/2022 \u00e0s 15:15h.<\/li>\n<\/ul>\n<blockquote><p>OBJETO<\/p><\/blockquote>\n<div style=\"text-align: justify;\">\n<div style=\"text-align: justify;\"><b><u>CONTRATA\u00c7\u00c3O DE SERVI\u00c7OS ESPECIALIZADOS PARA A PROMO\u00c7\u00c3O DE FESTAS E EVENTOS NO MUNIC\u00cdPIO DE CORONEL XAVIER CHAVES, LOCA\u00c7\u00c3O DE ESTRUTURAS DE PALCO, SOM, ILUMINA\u00c7\u00c3O, SERVI\u00c7OS DE SHOWS, SERVI\u00c7OS DE APOIO LOG\u00cdSTICO E DE SUPORTE, PUBLICIDADE, LOCA\u00c7\u00c3O DE BRINQUEDOS PARA CRIAN\u00c7AS, ENTRE OUTROS EQUIPAMENTOS E SERVI\u00c7OS, ESPECIFICADOS NO TERMO DE REFER\u00caNCIA.<\/u><\/b><\/div>\n<\/div>\n<p>&nbsp;<\/p>\n<div class=\"printshowonly\">\n<p>*<b>PUBLICA\u00c7\u00c3O<\/b><\/p>\n<ul>\n<li>Um destaque desta publica\u00e7\u00e3o foi gerado na p\u00e1gina inicial do site, dispon\u00edvel at\u00e9 que demais publica\u00e7\u00f5es sejam realizadas.<\/li>\n<li>Uma publica\u00e7\u00e3o permanente foi feita na p\u00e1gina de Editais e Licita\u00e7\u00f5es.<\/li>\n<li>Link para acesso:\u00a0http:\/\/coronelxavierchaves.mg.gov.br\/prefeitura\/wp-json\/wp\/v2\/posts\/14953<\/li>\n<\/ul>\n<\/div>\n","protected":false},"excerpt":{"rendered":"<p>DOWNLOADS ATA REGISTRO DE PRE\u00c7O: AVILA COMUNICA\u00c7\u00c3O LTDA , publicado em 22\/08\/2022 \u00e0s 15:15h. ATA REGISTRO DE PRE\u00c7O: HYAGO E SANTOS PROMO\u00c7\u00d5ES, publicado em 22\/08\/2022 \u00e0s 15:15h. ATA REGISTRO DE PRE\u00c7O: PATR\u00cdCIO ARA\u00daJO DA SILVA, publicado em 22\/08\/2022 \u00e0s 15:15h. OBJETO CONTRATA\u00c7\u00c3O DE SERVI\u00c7OS ESPECIALIZADOS PARA A PROMO\u00c7\u00c3O DE FESTAS E EVENTOS NO MUNIC\u00cdPIO DE [&hellip;]<\/p>\n","protected":false},"author":3,"featured_media":4367,"comment_status":"open","ping_status":"open","sticky":false,"template":"","format":"standard","meta":{"footnotes":"","_links_to":"","_links_to_target":""},"categories":[96],"tags":[],"class_list":{"0":"post-14953","1":"post","2":"type-post","3":"status-publish","4":"format-standard","5":"has-post-thumbnail","7":"category-contratos-aditivos-atas-e-outros-2022"},"_links":{"self":[{"href":"https:\/\/coronelxavierchaves.mg.gov.br\/prefeitura\/wp-json\/wp\/v2\/posts\/14953","targetHints":{"allow":["GET"]}}],"collection":[{"href":"https:\/\/coronelxavierchaves.mg.gov.br\/prefeitura\/wp-json\/wp\/v2\/posts"}],"about":[{"href":"https:\/\/coronelxavierchaves.mg.gov.br\/prefeitura\/wp-json\/wp\/v2\/types\/post"}],"author":[{"embeddable":true,"href":"https:\/\/coronelxavierchaves.mg.gov.br\/prefeitura\/wp-json\/wp\/v2\/users\/3"}],"replies":[{"embeddable":true,"href":"https:\/\/coronelxavierchaves.mg.gov.br\/prefeitura\/wp-json\/wp\/v2\/comments?post=14953"}],"version-history":[{"count":2,"href":"https:\/\/coronelxavierchaves.mg.gov.br\/prefeitura\/wp-json\/wp\/v2\/posts\/14953\/revisions"}],"predecessor-version":[{"id":15544,"href":"https:\/\/coronelxavierchaves.mg.gov.br\/prefeitura\/wp-json\/wp\/v2\/posts\/14953\/revisions\/15544"}],"wp:featuredmedia":[{"embeddable":true,"href":"https:\/\/coronelxavierchaves.mg.gov.br\/prefeitura\/wp-json\/wp\/v2\/media\/4367"}],"wp:attachment":[{"href":"https:\/\/coronelxavierchaves.mg.gov.br\/prefeitura\/wp-json\/wp\/v2\/media?parent=14953"}],"wp:term":[{"taxonomy":"category","embeddable":true,"href":"https:\/\/coronelxavierchaves.mg.gov.br\/prefeitura\/wp-json\/wp\/v2\/categories?post=14953"},{"taxonomy":"post_tag","embeddable":true,"href":"https:\/\/coronelxavierchaves.mg.gov.br\/prefeitura\/wp-json\/wp\/v2\/tags?post=14953"}],"curies":[{"name":"wp","href":"https:\/\/api.w.org\/{rel}","templated":true}]}}