{"id":14965,"date":"2022-08-29T13:00:08","date_gmt":"2022-08-29T16:00:08","guid":{"rendered":"http:\/\/coronelxavierchaves.mg.gov.br\/prefeitura\/?p=14965"},"modified":"2022-08-29T13:00:08","modified_gmt":"2022-08-29T16:00:08","slug":"ata-de-registro-de-precos-pl-50-2022-aquisicao-de-material-de-consumo-medico-hospitalar","status":"publish","type":"post","link":"https:\/\/coronelxavierchaves.mg.gov.br\/prefeitura\/2022\/08\/29\/ata-de-registro-de-precos-pl-50-2022-aquisicao-de-material-de-consumo-medico-hospitalar\/","title":{"rendered":"Ata de registro de pre\u00e7os (PL 50\/2022): Aquisi\u00e7\u00e3o de material de consumo m\u00e9dico-hospitalar"},"content":{"rendered":"<blockquote><p>DOWNLOADS<\/p><\/blockquote>\n<ul>\n<li><a href=\"http:\/\/coronelxavierchaves.mg.gov.br\/prefeitura\/wp-content\/uploads\/2022\/08\/ATA-DE-REGISTRO-DE-PRECO-REALPHARMA-PUBLICAR.pdf\">ATA DE REGISTRO DE PRE\u00c7OS<\/a>, publicado em 29\/08\/2022 \u00e0s 13:00h.<\/li>\n<\/ul>\n<blockquote><p>OBJETO<\/p><\/blockquote>\n<div style=\"text-align: justify;\">\n<div style=\"text-align: justify;\"><b><u>AQUISI\u00c7\u00c3O DE MATERIAL DE CONSUMO M\u00c9DICO-HOSPITALAR, PARA UTILIZA\u00c7\u00c3O DAS UNIDADES DE SA\u00daDE DO MUNIC\u00cdPIO, ATRAV\u00c9S DE DESCONTO SOBRE O CAT\u00c1LOGO DE PRE\u00c7O DA REVISTA SIMPRO.<\/u><\/b><\/div>\n<\/div>\n<p>&nbsp;<\/p>\n<div class=\"printshowonly\">\n<p>*<b>PUBLICA\u00c7\u00c3O<\/b><\/p>\n<ul>\n<li>Um destaque desta publica\u00e7\u00e3o foi gerado na p\u00e1gina inicial do site, dispon\u00edvel at\u00e9 que demais publica\u00e7\u00f5es sejam realizadas.<\/li>\n<li>Uma publica\u00e7\u00e3o permanente foi feita na p\u00e1gina de Editais e Licita\u00e7\u00f5es.<\/li>\n<li>Link para acesso:\u00a0http:\/\/coronelxavierchaves.mg.gov.br\/prefeitura\/wp-json\/wp\/v2\/posts\/14965<\/li>\n<\/ul>\n<\/div>\n","protected":false},"excerpt":{"rendered":"<p>DOWNLOADS ATA DE REGISTRO DE PRE\u00c7OS, publicado em 29\/08\/2022 \u00e0s 13:00h. OBJETO AQUISI\u00c7\u00c3O DE MATERIAL DE CONSUMO M\u00c9DICO-HOSPITALAR, PARA UTILIZA\u00c7\u00c3O DAS UNIDADES DE SA\u00daDE DO MUNIC\u00cdPIO, ATRAV\u00c9S DE DESCONTO SOBRE O CAT\u00c1LOGO DE PRE\u00c7O DA REVISTA SIMPRO. &nbsp; *PUBLICA\u00c7\u00c3O Um destaque desta publica\u00e7\u00e3o foi gerado na p\u00e1gina inicial do site, dispon\u00edvel at\u00e9 que demais publica\u00e7\u00f5es [&hellip;]<\/p>\n","protected":false},"author":3,"featured_media":4367,"comment_status":"open","ping_status":"open","sticky":false,"template":"","format":"standard","meta":{"footnotes":"","_links_to":"","_links_to_target":""},"categories":[96],"tags":[],"class_list":{"0":"post-14965","1":"post","2":"type-post","3":"status-publish","4":"format-standard","5":"has-post-thumbnail","7":"category-contratos-aditivos-atas-e-outros-2022"},"_links":{"self":[{"href":"https:\/\/coronelxavierchaves.mg.gov.br\/prefeitura\/wp-json\/wp\/v2\/posts\/14965","targetHints":{"allow":["GET"]}}],"collection":[{"href":"https:\/\/coronelxavierchaves.mg.gov.br\/prefeitura\/wp-json\/wp\/v2\/posts"}],"about":[{"href":"https:\/\/coronelxavierchaves.mg.gov.br\/prefeitura\/wp-json\/wp\/v2\/types\/post"}],"author":[{"embeddable":true,"href":"https:\/\/coronelxavierchaves.mg.gov.br\/prefeitura\/wp-json\/wp\/v2\/users\/3"}],"replies":[{"embeddable":true,"href":"https:\/\/coronelxavierchaves.mg.gov.br\/prefeitura\/wp-json\/wp\/v2\/comments?post=14965"}],"version-history":[{"count":1,"href":"https:\/\/coronelxavierchaves.mg.gov.br\/prefeitura\/wp-json\/wp\/v2\/posts\/14965\/revisions"}],"predecessor-version":[{"id":14968,"href":"https:\/\/coronelxavierchaves.mg.gov.br\/prefeitura\/wp-json\/wp\/v2\/posts\/14965\/revisions\/14968"}],"wp:featuredmedia":[{"embeddable":true,"href":"https:\/\/coronelxavierchaves.mg.gov.br\/prefeitura\/wp-json\/wp\/v2\/media\/4367"}],"wp:attachment":[{"href":"https:\/\/coronelxavierchaves.mg.gov.br\/prefeitura\/wp-json\/wp\/v2\/media?parent=14965"}],"wp:term":[{"taxonomy":"category","embeddable":true,"href":"https:\/\/coronelxavierchaves.mg.gov.br\/prefeitura\/wp-json\/wp\/v2\/categories?post=14965"},{"taxonomy":"post_tag","embeddable":true,"href":"https:\/\/coronelxavierchaves.mg.gov.br\/prefeitura\/wp-json\/wp\/v2\/tags?post=14965"}],"curies":[{"name":"wp","href":"https:\/\/api.w.org\/{rel}","templated":true}]}}