{"id":14970,"date":"2022-08-29T13:05:05","date_gmt":"2022-08-29T16:05:05","guid":{"rendered":"http:\/\/coronelxavierchaves.mg.gov.br\/prefeitura\/?p=14970"},"modified":"2022-08-29T13:05:05","modified_gmt":"2022-08-29T16:05:05","slug":"contrato-prestacao-de-servicos-especializados-para-execucao-e-processamento-de-inventario-florestal-pia","status":"publish","type":"post","link":"https:\/\/coronelxavierchaves.mg.gov.br\/prefeitura\/2022\/08\/29\/contrato-prestacao-de-servicos-especializados-para-execucao-e-processamento-de-inventario-florestal-pia\/","title":{"rendered":"Contrato: Presta\u00e7\u00e3o de servi\u00e7os especializados para execu\u00e7\u00e3o e processamento de invent\u00e1rio florestal &#8211; PIA"},"content":{"rendered":"<blockquote><p>DOWNLOADS<\/p><\/blockquote>\n<ul>\n<li><a href=\"http:\/\/coronelxavierchaves.mg.gov.br\/prefeitura\/wp-content\/uploads\/2022\/08\/CONTRATO-OCOTEA-PUBLICAR.pdf\">CONTRATO<\/a>, publicado em 29\/08\/2022 \u00e0s 13:05h.<\/li>\n<\/ul>\n<blockquote><p>OBJETO<\/p><\/blockquote>\n<div style=\"text-align: justify;\">\n<div style=\"text-align: justify;\">\n<div><b>PRESTA\u00c7\u00c3O DE SERVI\u00c7OS ESPECIALIZADOS PARA\u00a0<\/b><b>EXECU\u00c7\u00c3O E PROCESSAMENTO DE INVENT\u00c1RIO FLORESTAL EM REMANESCENTES DE VEGETA\u00c7\u00c3O NATIVA, EM \u00c1REA DESTINADA \u00c0 IMPLANTA\u00c7\u00c3O DE REDE COLETORA DE ESGOTO NO BAIRRO VILA MENDES DO MUNIC\u00cdPIO DE CORONEL XAVIER CHAVES\/MG, E POSTERIOR ELABORA\u00c7\u00c3O DE PROJETO DE INTERVEN\u00c7\u00c3O AMBIENTAL \u2013 PIA.<\/b><\/div>\n<div><\/div>\n<\/div>\n<\/div>\n<p>&nbsp;<\/p>\n<div class=\"printshowonly\">\n<p>*<b>PUBLICA\u00c7\u00c3O<\/b><\/p>\n<ul>\n<li>Um destaque desta publica\u00e7\u00e3o foi gerado na p\u00e1gina inicial do site, dispon\u00edvel at\u00e9 que demais publica\u00e7\u00f5es sejam realizadas.<\/li>\n<li>Uma publica\u00e7\u00e3o permanente foi feita na p\u00e1gina de Editais e Licita\u00e7\u00f5es.<\/li>\n<li>Link para acesso:\u00a0http:\/\/coronelxavierchaves.mg.gov.br\/prefeitura\/wp-json\/wp\/v2\/posts\/14970<\/li>\n<\/ul>\n<\/div>\n","protected":false},"excerpt":{"rendered":"<p>DOWNLOADS CONTRATO, publicado em 29\/08\/2022 \u00e0s 13:05h. OBJETO PRESTA\u00c7\u00c3O DE SERVI\u00c7OS ESPECIALIZADOS PARA\u00a0EXECU\u00c7\u00c3O E PROCESSAMENTO DE INVENT\u00c1RIO FLORESTAL EM REMANESCENTES DE VEGETA\u00c7\u00c3O NATIVA, EM \u00c1REA DESTINADA \u00c0 IMPLANTA\u00c7\u00c3O DE REDE COLETORA DE ESGOTO NO BAIRRO VILA MENDES DO MUNIC\u00cdPIO DE CORONEL XAVIER CHAVES\/MG, E POSTERIOR ELABORA\u00c7\u00c3O DE PROJETO DE INTERVEN\u00c7\u00c3O AMBIENTAL \u2013 PIA. &nbsp; *PUBLICA\u00c7\u00c3O [&hellip;]<\/p>\n","protected":false},"author":3,"featured_media":4367,"comment_status":"open","ping_status":"open","sticky":false,"template":"","format":"standard","meta":{"footnotes":"","_links_to":"","_links_to_target":""},"categories":[96],"tags":[],"class_list":{"0":"post-14970","1":"post","2":"type-post","3":"status-publish","4":"format-standard","5":"has-post-thumbnail","7":"category-contratos-aditivos-atas-e-outros-2022"},"_links":{"self":[{"href":"https:\/\/coronelxavierchaves.mg.gov.br\/prefeitura\/wp-json\/wp\/v2\/posts\/14970","targetHints":{"allow":["GET"]}}],"collection":[{"href":"https:\/\/coronelxavierchaves.mg.gov.br\/prefeitura\/wp-json\/wp\/v2\/posts"}],"about":[{"href":"https:\/\/coronelxavierchaves.mg.gov.br\/prefeitura\/wp-json\/wp\/v2\/types\/post"}],"author":[{"embeddable":true,"href":"https:\/\/coronelxavierchaves.mg.gov.br\/prefeitura\/wp-json\/wp\/v2\/users\/3"}],"replies":[{"embeddable":true,"href":"https:\/\/coronelxavierchaves.mg.gov.br\/prefeitura\/wp-json\/wp\/v2\/comments?post=14970"}],"version-history":[{"count":1,"href":"https:\/\/coronelxavierchaves.mg.gov.br\/prefeitura\/wp-json\/wp\/v2\/posts\/14970\/revisions"}],"predecessor-version":[{"id":14972,"href":"https:\/\/coronelxavierchaves.mg.gov.br\/prefeitura\/wp-json\/wp\/v2\/posts\/14970\/revisions\/14972"}],"wp:featuredmedia":[{"embeddable":true,"href":"https:\/\/coronelxavierchaves.mg.gov.br\/prefeitura\/wp-json\/wp\/v2\/media\/4367"}],"wp:attachment":[{"href":"https:\/\/coronelxavierchaves.mg.gov.br\/prefeitura\/wp-json\/wp\/v2\/media?parent=14970"}],"wp:term":[{"taxonomy":"category","embeddable":true,"href":"https:\/\/coronelxavierchaves.mg.gov.br\/prefeitura\/wp-json\/wp\/v2\/categories?post=14970"},{"taxonomy":"post_tag","embeddable":true,"href":"https:\/\/coronelxavierchaves.mg.gov.br\/prefeitura\/wp-json\/wp\/v2\/tags?post=14970"}],"curies":[{"name":"wp","href":"https:\/\/api.w.org\/{rel}","templated":true}]}}