{"id":15044,"date":"2022-09-16T15:50:09","date_gmt":"2022-09-16T18:50:09","guid":{"rendered":"http:\/\/coronelxavierchaves.mg.gov.br\/prefeitura\/?p=15044"},"modified":"2022-10-17T14:01:13","modified_gmt":"2022-10-17T17:01:13","slug":"aquisicao-parcelada-de-generos-alimenticios-para-merenda-escolar-e-para-atender-aos-diversos-setores-da-prefeitura-municipal-repeticao-pl-65-2022","status":"publish","type":"post","link":"https:\/\/coronelxavierchaves.mg.gov.br\/prefeitura\/2022\/09\/16\/aquisicao-parcelada-de-generos-alimenticios-para-merenda-escolar-e-para-atender-aos-diversos-setores-da-prefeitura-municipal-repeticao-pl-65-2022\/","title":{"rendered":"Aquisi\u00e7\u00e3o parcelada de g\u00eaneros aliment\u00edcios para merenda escolar e para atender aos diversos setores da prefeitura municipal (repeti\u00e7\u00e3o) (PL 65\/2022)"},"content":{"rendered":"<blockquote>\n<p style=\"text-align: left;\">DOWNLOADS<\/p>\n<\/blockquote>\n<ul>\n<li><a href=\"http:\/\/coronelxavierchaves.mg.gov.br\/prefeitura\/wp-content\/uploads\/2022\/09\/6-EDITAL-PARA-AQUISICAO-DE-GENEROS-ALIMENTICIOS-2022-REPETICAO.pdf\">EDITAL<\/a>, publicado em 16\/09\/2022 \u00e0s 15:50h.<\/li>\n<li><a href=\"http:\/\/coronelxavierchaves.mg.gov.br\/prefeitura\/wp-content\/uploads\/2022\/10\/ATA-DE-REGISTRO-DE-PRECOS-BRUNO-DOS-SANTOS-SILVA-1.pdf\">ATA DE REGISTRO DE PRE\u00c7OS: BRUNO DOS SANTOS SILVA<\/a>, publicado em 17\/10\/2022 \u00e0s 13:50h.<\/li>\n<li><a href=\"http:\/\/coronelxavierchaves.mg.gov.br\/prefeitura\/wp-content\/uploads\/2022\/10\/ATA-DE-REGISTRO-DE-PRECOS-FERNANDO-HENRIQUE-DE-PAIVA.pdf\">ATA DE REGISTRO DE PRE\u00c7OS: FERNANDO HENRIQUE DE PAIVA<\/a>, publicado em 17\/10\/2022 13:50h.<\/li>\n<li><a href=\"http:\/\/coronelxavierchaves.mg.gov.br\/prefeitura\/wp-content\/uploads\/2022\/10\/ATA-DE-REGISTRO-DE-PRECOS-MATEUS-CALSAVARA-ZANITH.pdf\">ATA DE REGISTRO DE PRE\u00c7OS: MATEUS CALSAVARA ZANITH<\/a>, publicado em 17\/10\/2022 \u00e0s 13:50h.<\/li>\n<\/ul>\n<p style=\"text-align: justify;\"><strong><u>AVISO DE LICITA\u00c7\u00c3O<\/u><\/strong><\/p>\n<div style=\"text-align: justify;\">\n<div style=\"text-align: justify;\">\n<p>Prefeitura Municipal de Coronel Xavier Chaves\/MG. Aviso de\u00a0Licita\u00e7\u00e3o\u00a0&#8211; Processo Licitat\u00f3rio \u2013 65\/2022, Preg\u00e3o Eletr\u00f4nico \u2013 46\/2022 (REGISTRO DE PRE\u00c7OS),\u00a0do tipo\u00a0MENOR PRE\u00c7O POR ITEM.\u00a0Objeto:\u00a0<b><u>AQUISI\u00c7\u00c3O PARCELADA DE G\u00caNEROS ALIMENT\u00cdCIOS PARA MERENDA ESCOLAR E PARA ATENDER AOS DIVERSOS SETORES DA PREFEITURA MUNICIPAL (REPETI\u00c7\u00c3O)<\/u><\/b>, de acordo com o especificado no Termo de Refer\u00eancia Anexo I do edital. Limite de acolhimento das propostas at\u00e9 dia 30\/09\/2022 \u00e0s 07h59min (sete horas e cinquenta e nove minutos).\u00a0<b>IN\u00cdCIO DA DISPUTA: \u00e0s 08h30min do dia 30\/09\/2022<\/b>\u00a0na Plataforma de Preg\u00e3o eletr\u00f4nico SH3,\u00a0<a href=\"http:\/\/coronelxavierchaves.pregaonet.com.br\/\" target=\"_blank\" rel=\"noopener\" data-saferedirecturl=\"https:\/\/www.google.com\/url?q=http:\/\/coronelxavierchaves.pregaonet.com.br\/&amp;source=gmail&amp;ust=1663439975904000&amp;usg=AOvVaw3bYnC-Lchv4MxmBt4PCC1t\">http:\/\/coronelxavierchaves.<wbr \/>pregaonet.com.br<\/a><b>.<\/b>\u00a0O edital est\u00e1 dispon\u00edvel no site\u00a0\u201c<a href=\"http:\/\/www.coronelxavierchaves.mg.gov.br\/\" target=\"_blank\" rel=\"noopener\" data-saferedirecturl=\"https:\/\/www.google.com\/url?q=http:\/\/www.coronelxavierchaves.mg.gov.br&amp;source=gmail&amp;ust=1663439975904000&amp;usg=AOvVaw0_GP1lVJnfkPzrc9tJ0BuS\">www.coronelxavierchaves.<wbr \/>mg.gov.br<\/a>&#8220;, mais informa\u00e7\u00f5es\u00a0na prefeitura municipal \u00e0 Rua Padre Reis, 84, Centro, Coronel Xavier Chaves\/MG, no hor\u00e1rio de 08h00min \u00e0s 12h00min e de 13h00min \u00e0s 16h00min. Tel.:\u00a0<a href=\"tel:%2832%29%203357-1235\" target=\"_blank\" rel=\"noopener\">(32) 3357-1235<\/a>. Coronel Xavier Chaves, 16 de setembro de 2022. Beatriz Rayze de Resende \u2013 Pregoeira.<\/p>\n<\/div>\n<\/div>\n<p>&nbsp;<\/p>\n<div class=\"printshowonly\">\n<p>*<b>PUBLICA\u00c7\u00c3O<\/b><\/p>\n<ul>\n<li>Um destaque desta publica\u00e7\u00e3o foi gerado na p\u00e1gina inicial do site, dispon\u00edvel at\u00e9 que demais publica\u00e7\u00f5es sejam realizadas.<\/li>\n<li>Uma publica\u00e7\u00e3o permanente foi feita na p\u00e1gina de Editais e Licita\u00e7\u00f5es.<\/li>\n<li>Link para acesso:\u00a0http:\/\/coronelxavierchaves.mg.gov.br\/prefeitura\/wp-json\/wp\/v2\/posts\/15044<\/li>\n<\/ul>\n<\/div>\n","protected":false},"excerpt":{"rendered":"<p>DOWNLOADS EDITAL, publicado em 16\/09\/2022 \u00e0s 15:50h. ATA DE REGISTRO DE PRE\u00c7OS: BRUNO DOS SANTOS SILVA, publicado em 17\/10\/2022 \u00e0s 13:50h. ATA DE REGISTRO DE PRE\u00c7OS: FERNANDO HENRIQUE DE PAIVA, publicado em 17\/10\/2022 13:50h. ATA DE REGISTRO DE PRE\u00c7OS: MATEUS CALSAVARA ZANITH, publicado em 17\/10\/2022 \u00e0s 13:50h. AVISO DE LICITA\u00c7\u00c3O Prefeitura Municipal de Coronel Xavier [&hellip;]<\/p>\n","protected":false},"author":3,"featured_media":4366,"comment_status":"open","ping_status":"open","sticky":false,"template":"","format":"standard","meta":{"footnotes":"","_links_to":"","_links_to_target":""},"categories":[102],"tags":[],"class_list":{"0":"post-15044","1":"post","2":"type-post","3":"status-publish","4":"format-standard","5":"has-post-thumbnail","7":"category-editais-de-licitacao-2022"},"_links":{"self":[{"href":"https:\/\/coronelxavierchaves.mg.gov.br\/prefeitura\/wp-json\/wp\/v2\/posts\/15044","targetHints":{"allow":["GET"]}}],"collection":[{"href":"https:\/\/coronelxavierchaves.mg.gov.br\/prefeitura\/wp-json\/wp\/v2\/posts"}],"about":[{"href":"https:\/\/coronelxavierchaves.mg.gov.br\/prefeitura\/wp-json\/wp\/v2\/types\/post"}],"author":[{"embeddable":true,"href":"https:\/\/coronelxavierchaves.mg.gov.br\/prefeitura\/wp-json\/wp\/v2\/users\/3"}],"replies":[{"embeddable":true,"href":"https:\/\/coronelxavierchaves.mg.gov.br\/prefeitura\/wp-json\/wp\/v2\/comments?post=15044"}],"version-history":[{"count":3,"href":"https:\/\/coronelxavierchaves.mg.gov.br\/prefeitura\/wp-json\/wp\/v2\/posts\/15044\/revisions"}],"predecessor-version":[{"id":15253,"href":"https:\/\/coronelxavierchaves.mg.gov.br\/prefeitura\/wp-json\/wp\/v2\/posts\/15044\/revisions\/15253"}],"wp:featuredmedia":[{"embeddable":true,"href":"https:\/\/coronelxavierchaves.mg.gov.br\/prefeitura\/wp-json\/wp\/v2\/media\/4366"}],"wp:attachment":[{"href":"https:\/\/coronelxavierchaves.mg.gov.br\/prefeitura\/wp-json\/wp\/v2\/media?parent=15044"}],"wp:term":[{"taxonomy":"category","embeddable":true,"href":"https:\/\/coronelxavierchaves.mg.gov.br\/prefeitura\/wp-json\/wp\/v2\/categories?post=15044"},{"taxonomy":"post_tag","embeddable":true,"href":"https:\/\/coronelxavierchaves.mg.gov.br\/prefeitura\/wp-json\/wp\/v2\/tags?post=15044"}],"curies":[{"name":"wp","href":"https:\/\/api.w.org\/{rel}","templated":true}]}}