{"id":15094,"date":"2022-09-29T16:31:54","date_gmt":"2022-09-29T19:31:54","guid":{"rendered":"http:\/\/coronelxavierchaves.mg.gov.br\/prefeitura\/?p=15094"},"modified":"2022-09-29T16:31:54","modified_gmt":"2022-09-29T19:31:54","slug":"convocacao-do-processo-seletivo-03-2022-psicologo","status":"publish","type":"post","link":"https:\/\/coronelxavierchaves.mg.gov.br\/prefeitura\/2022\/09\/29\/convocacao-do-processo-seletivo-03-2022-psicologo\/","title":{"rendered":"Convoca\u00e7\u00e3o do Processo Seletivo 03\/2022: Psic\u00f3logo"},"content":{"rendered":"<p style=\"text-align: justify;\">\u00a0Edital de Convoca\u00e7\u00e3o do Processo Seletivo 003\/2022.<\/p>\n<ul>\n<li><a href=\"http:\/\/coronelxavierchaves.mg.gov.br\/prefeitura\/wp-content\/uploads\/2022\/09\/EDITAL-DE-CONVOCACAO-PSICOLOGO.pdf\">EDITAL DE CONVOCA\u00c7\u00c3O: Psic\u00f3logo<\/a>, publicado em 29\/09\/2022 \u00e0s 16:31h.<\/li>\n<\/ul>\n","protected":false},"excerpt":{"rendered":"<p>\u00a0Edital de Convoca\u00e7\u00e3o do Processo Seletivo 003\/2022. EDITAL DE CONVOCA\u00c7\u00c3O: Psic\u00f3logo, publicado em 29\/09\/2022 \u00e0s 16:31h.<\/p>\n","protected":false},"author":3,"featured_media":4366,"comment_status":"open","ping_status":"open","sticky":false,"template":"","format":"standard","meta":{"footnotes":"","_links_to":"","_links_to_target":""},"categories":[101],"tags":[],"class_list":{"0":"post-15094","1":"post","2":"type-post","3":"status-publish","4":"format-standard","5":"has-post-thumbnail","7":"category-editais-de-convocacao-e-contratacao-2022"},"_links":{"self":[{"href":"https:\/\/coronelxavierchaves.mg.gov.br\/prefeitura\/wp-json\/wp\/v2\/posts\/15094","targetHints":{"allow":["GET"]}}],"collection":[{"href":"https:\/\/coronelxavierchaves.mg.gov.br\/prefeitura\/wp-json\/wp\/v2\/posts"}],"about":[{"href":"https:\/\/coronelxavierchaves.mg.gov.br\/prefeitura\/wp-json\/wp\/v2\/types\/post"}],"author":[{"embeddable":true,"href":"https:\/\/coronelxavierchaves.mg.gov.br\/prefeitura\/wp-json\/wp\/v2\/users\/3"}],"replies":[{"embeddable":true,"href":"https:\/\/coronelxavierchaves.mg.gov.br\/prefeitura\/wp-json\/wp\/v2\/comments?post=15094"}],"version-history":[{"count":1,"href":"https:\/\/coronelxavierchaves.mg.gov.br\/prefeitura\/wp-json\/wp\/v2\/posts\/15094\/revisions"}],"predecessor-version":[{"id":15096,"href":"https:\/\/coronelxavierchaves.mg.gov.br\/prefeitura\/wp-json\/wp\/v2\/posts\/15094\/revisions\/15096"}],"wp:featuredmedia":[{"embeddable":true,"href":"https:\/\/coronelxavierchaves.mg.gov.br\/prefeitura\/wp-json\/wp\/v2\/media\/4366"}],"wp:attachment":[{"href":"https:\/\/coronelxavierchaves.mg.gov.br\/prefeitura\/wp-json\/wp\/v2\/media?parent=15094"}],"wp:term":[{"taxonomy":"category","embeddable":true,"href":"https:\/\/coronelxavierchaves.mg.gov.br\/prefeitura\/wp-json\/wp\/v2\/categories?post=15094"},{"taxonomy":"post_tag","embeddable":true,"href":"https:\/\/coronelxavierchaves.mg.gov.br\/prefeitura\/wp-json\/wp\/v2\/tags?post=15094"}],"curies":[{"name":"wp","href":"https:\/\/api.w.org\/{rel}","templated":true}]}}