{"id":15121,"date":"2022-09-30T17:27:54","date_gmt":"2022-09-30T20:27:54","guid":{"rendered":"http:\/\/coronelxavierchaves.mg.gov.br\/prefeitura\/?p=15121"},"modified":"2022-10-27T10:14:50","modified_gmt":"2022-10-27T13:14:50","slug":"aquisicao-parcelada-de-kits-de-materiais-de-higiene-pessoal-e-limpeza-pl-67-2022","status":"publish","type":"post","link":"https:\/\/coronelxavierchaves.mg.gov.br\/prefeitura\/2022\/09\/30\/aquisicao-parcelada-de-kits-de-materiais-de-higiene-pessoal-e-limpeza-pl-67-2022\/","title":{"rendered":"Aquisi\u00e7\u00e3o parcelada de kits de materiais de higiene pessoal e limpeza&#8230; (PL 67\/2022)"},"content":{"rendered":"<blockquote>\n<p style=\"text-align: left;\">DOWNLOADS<\/p>\n<\/blockquote>\n<ul>\n<li><del><a href=\"http:\/\/coronelxavierchaves.mg.gov.br\/prefeitura\/wp-content\/uploads\/2022\/09\/05-EDITAL-KIT-HIGIENE-E-LIMPEZA.pdf\">EDITAL<\/a>, publicado em 30\/09\/2022 \u00e0s 17:28h.<\/del> Retificado em 10\/10\/2022.<\/li>\n<li><a href=\"http:\/\/coronelxavierchaves.mg.gov.br\/prefeitura\/wp-content\/uploads\/2022\/10\/08-ERRATA-KIT-HIGIENE.pdf\">ERRATA<\/a>, publicado em 10\/10\/2022 \u00e0s 13:56h.<\/li>\n<li><a href=\"http:\/\/coronelxavierchaves.mg.gov.br\/prefeitura\/wp-content\/uploads\/2022\/10\/05-EDITAL-KIT-HIGIENE-E-LIMPEZA-retificado.pdf\">EDITAL RETIFICADO<\/a>, publicado em 10\/10\/2022 \u00e0s 13:56h.<\/li>\n<li><a href=\"http:\/\/coronelxavierchaves.mg.gov.br\/prefeitura\/wp-content\/uploads\/2022\/10\/08-ATA-PROCESSO-DESERTO-1.pdf\">ATA PROCESSO DESERTO<\/a>, publicado em 27\/10\/2022 \u00e0s 10:11h.<\/li>\n<\/ul>\n<p>&nbsp;<\/p>\n<p style=\"text-align: justify;\"><strong><u>AVISO DE LICITA\u00c7\u00c3O<\/u><\/strong><\/p>\n<div style=\"text-align: justify;\">\n<div style=\"text-align: justify;\">\n<p>Prefeitura Municipal de Coronel Xavier Chaves\/MG. Aviso de\u00a0Licita\u00e7\u00e3o<b>\u00a0&#8211; Processo Licitat\u00f3rio 67\/2022,\u00a0<\/b><b>PREG\u00c3O PRESENCIAL\u00a0<\/b><b>47\/2022, do tipo\u00a0<u>MENOR PRE\u00c7O POR LOTE.<\/u>\u00a0Objeto:\u00a0<\/b><b><u>AQUISI\u00c7\u00c3O PARCELADA DE KITS DE MATERIAIS DE HIGIENE PESSOAL E LIMPEZA PARA DISTRIBUI\u00c7\u00c3O \u00c0 POPULA\u00c7\u00c3O PERTENCENTE AO PROGRAMA DO CRAS DE CORONEL XAVIER CHAVES<\/u><\/b><b><i>.\u00a0<\/i><\/b><u>Credenciamento<\/u>:\u00a0<b>14\/10\/2022 das 08h00min \u00e0s 08h15min.\u00a0<\/b><u>Abertura:<\/u><b>\u00a014\/10\/2022, ap\u00f3s o credenciamento.<\/b>\u00a0O edital est\u00e1 dispon\u00edvel no Site &#8211;\u00a0\u201c<a href=\"http:\/\/www.coronelxavierchaves.mg.gov.br\/\" target=\"_blank\" rel=\"noopener\" data-saferedirecturl=\"https:\/\/www.google.com\/url?q=http:\/\/www.coronelxavierchaves.mg.gov.br&amp;source=gmail&amp;ust=1664655942283000&amp;usg=AOvVaw1cNfKATAI-FqMZsO6MfvFR\">www.coronelxavierchaves.mg.<wbr \/>gov.br<\/a>&#8220;, informa\u00e7\u00f5es\u00a0na prefeitura municipal \u00e0 Rua Padre Reis, 84, Centro, Coronel Xavier Chaves\/MG, no hor\u00e1rio das 08h00min \u00e0s 12h00min e das 13h00min \u00e0s 16h00min. Tel.:\u00a0<a href=\"tel:%2832%29%203357-1235\" target=\"_blank\" rel=\"noopener\">(32) 3357-1235<\/a>. Coronel Xavier Chaves, 30 de setembro de 2022. Beatriz Rayze de Resende &#8211; Pregoeira.<\/p>\n<\/div>\n<\/div>\n<p>&nbsp;<\/p>\n<div class=\"printshowonly\">\n<p>*<b>PUBLICA\u00c7\u00c3O<\/b><\/p>\n<ul>\n<li>Um destaque desta publica\u00e7\u00e3o foi gerado na p\u00e1gina inicial do site, dispon\u00edvel at\u00e9 que demais publica\u00e7\u00f5es sejam realizadas.<\/li>\n<li>Uma publica\u00e7\u00e3o permanente foi feita na p\u00e1gina de Editais e Licita\u00e7\u00f5es.<\/li>\n<li>Link para acesso:\u00a0http:\/\/coronelxavierchaves.mg.gov.br\/prefeitura\/wp-json\/wp\/v2\/posts\/15121<\/li>\n<\/ul>\n<\/div>\n","protected":false},"excerpt":{"rendered":"<p>DOWNLOADS EDITAL, publicado em 30\/09\/2022 \u00e0s 17:28h. Retificado em 10\/10\/2022. ERRATA, publicado em 10\/10\/2022 \u00e0s 13:56h. EDITAL RETIFICADO, publicado em 10\/10\/2022 \u00e0s 13:56h. ATA PROCESSO DESERTO, publicado em 27\/10\/2022 \u00e0s 10:11h. &nbsp; AVISO DE LICITA\u00c7\u00c3O Prefeitura Municipal de Coronel Xavier Chaves\/MG. Aviso de\u00a0Licita\u00e7\u00e3o\u00a0&#8211; Processo Licitat\u00f3rio 67\/2022,\u00a0PREG\u00c3O PRESENCIAL\u00a047\/2022, do tipo\u00a0MENOR PRE\u00c7O POR LOTE.\u00a0Objeto:\u00a0AQUISI\u00c7\u00c3O PARCELADA DE KITS [&hellip;]<\/p>\n","protected":false},"author":3,"featured_media":4366,"comment_status":"open","ping_status":"open","sticky":false,"template":"","format":"standard","meta":{"footnotes":"","_links_to":"","_links_to_target":""},"categories":[102],"tags":[],"class_list":{"0":"post-15121","1":"post","2":"type-post","3":"status-publish","4":"format-standard","5":"has-post-thumbnail","7":"category-editais-de-licitacao-2022"},"_links":{"self":[{"href":"https:\/\/coronelxavierchaves.mg.gov.br\/prefeitura\/wp-json\/wp\/v2\/posts\/15121","targetHints":{"allow":["GET"]}}],"collection":[{"href":"https:\/\/coronelxavierchaves.mg.gov.br\/prefeitura\/wp-json\/wp\/v2\/posts"}],"about":[{"href":"https:\/\/coronelxavierchaves.mg.gov.br\/prefeitura\/wp-json\/wp\/v2\/types\/post"}],"author":[{"embeddable":true,"href":"https:\/\/coronelxavierchaves.mg.gov.br\/prefeitura\/wp-json\/wp\/v2\/users\/3"}],"replies":[{"embeddable":true,"href":"https:\/\/coronelxavierchaves.mg.gov.br\/prefeitura\/wp-json\/wp\/v2\/comments?post=15121"}],"version-history":[{"count":5,"href":"https:\/\/coronelxavierchaves.mg.gov.br\/prefeitura\/wp-json\/wp\/v2\/posts\/15121\/revisions"}],"predecessor-version":[{"id":15335,"href":"https:\/\/coronelxavierchaves.mg.gov.br\/prefeitura\/wp-json\/wp\/v2\/posts\/15121\/revisions\/15335"}],"wp:featuredmedia":[{"embeddable":true,"href":"https:\/\/coronelxavierchaves.mg.gov.br\/prefeitura\/wp-json\/wp\/v2\/media\/4366"}],"wp:attachment":[{"href":"https:\/\/coronelxavierchaves.mg.gov.br\/prefeitura\/wp-json\/wp\/v2\/media?parent=15121"}],"wp:term":[{"taxonomy":"category","embeddable":true,"href":"https:\/\/coronelxavierchaves.mg.gov.br\/prefeitura\/wp-json\/wp\/v2\/categories?post=15121"},{"taxonomy":"post_tag","embeddable":true,"href":"https:\/\/coronelxavierchaves.mg.gov.br\/prefeitura\/wp-json\/wp\/v2\/tags?post=15121"}],"curies":[{"name":"wp","href":"https:\/\/api.w.org\/{rel}","templated":true}]}}