{"id":15241,"date":"2022-10-17T13:28:46","date_gmt":"2022-10-17T16:28:46","guid":{"rendered":"http:\/\/coronelxavierchaves.mg.gov.br\/prefeitura\/?p=15241"},"modified":"2022-10-24T16:44:57","modified_gmt":"2022-10-24T19:44:57","slug":"aquisicao-de-veiculo-para-atender-a-administracao-municipal-pl-72-2022","status":"publish","type":"post","link":"https:\/\/coronelxavierchaves.mg.gov.br\/prefeitura\/2022\/10\/17\/aquisicao-de-veiculo-para-atender-a-administracao-municipal-pl-72-2022\/","title":{"rendered":"Aquisi\u00e7\u00e3o de ve\u00edculo para atender a administra\u00e7\u00e3o municipal&#8230; (PL 72\/2022)&#8211;"},"content":{"rendered":"<blockquote>\n<p style=\"text-align: left;\">DOWNLOADS<\/p>\n<\/blockquote>\n<ul>\n<li><a href=\"http:\/\/coronelxavierchaves.mg.gov.br\/prefeitura\/wp-content\/uploads\/2022\/10\/05-EDITAL-AQUISICAO-VEICULO-GABINETE.pdf\">EDITAL<\/a>, publicado em 17\/10\/2022 \u00e0s 13:27h.<\/li>\n<li><a href=\"http:\/\/coronelxavierchaves.mg.gov.br\/prefeitura\/wp-content\/uploads\/2022\/10\/TERMO-DE-CANCELAMENTO.pdf\">TERMO DE CANCELAMENTO<\/a>, publicado em 24\/10\/2022 \u00e0s 16:40h.<\/li>\n<\/ul>\n<p>&nbsp;<\/p>\n<p style=\"font-weight: 400;\"><strong><u>AVISO DE LICITA\u00c7\u00c3O<\/u><\/strong><\/p>\n<p style=\"font-weight: 400;\">Prefeitura Municipal de Coronel Xavier Chaves\/MG. Aviso de\u00a0Licita\u00e7\u00e3o<strong>\u00a0&#8211; Processo Licitat\u00f3rio \u2013 72\/2022, Preg\u00e3o Presencial \u2013 49\/2022,\u00a0do tipo\u00a0<\/strong><strong>MENOR PRE\u00c7O POR ITEM<\/strong><strong>\u00a0<\/strong><strong>&#8211; Objeto:\u00a0<\/strong><strong><u>AQUISI\u00c7\u00c3O DE VE\u00cdCULO PARA ATENDER A ADMINISTRA\u00c7\u00c3O MUNICIPAL DE CORONEL XAVIER CHAVES\/MG, ESPECIFICADO NO TERMO DE REFER\u00caNCIA<\/u><\/strong><strong><em><u>.<\/u><\/em><\/strong><strong><em>\u00a0<\/em><\/strong><u>Credenciamento<\/u>:\u00a0<strong>03\/11\/2022 das 08h00min \u00e0s 08h15min.\u00a0<\/strong><u>Abertura:<\/u><strong>\u00a003\/11\/2022, ap\u00f3s o credenciamento.<\/strong>\u00a0O edital est\u00e1 dispon\u00edvel no Site-\u00a0\u201c<a href=\"http:\/\/www.coronelxavierchaves.mg.gov.br\/\" data-saferedirecturl=\"https:\/\/www.google.com\/url?q=http:\/\/www.coronelxavierchaves.mg.gov.br&amp;source=gmail&amp;ust=1666110004833000&amp;usg=AOvVaw0LQ5-se0WuujSxjix77gJ6\">www.coronelxavierchaves.mg.gov.br<\/a>&#8220;, informa\u00e7\u00f5es\u00a0na prefeitura municipal \u00e0 Rua Padre Reis, 84, Centro, Coronel Xavier Chaves\/MG, no hor\u00e1rio das 08h00min \u00e0s 12h00min e das 13h00min \u00e0s 16h00min. Tel.:\u00a0<a href=\"tel:%2832%29%203357-1235\">(32) 3357-1235<\/a>. Coronel Xavier Chaves, 17 de outubro de 2022. Beatriz Rayze de Resende &#8211; Pregoeira.<\/p>\n<p>&nbsp;<\/p>\n<div class=\"printshowonly\">\n<p>*<b>PUBLICA\u00c7\u00c3O<\/b><\/p>\n<ul>\n<li>Um destaque desta publica\u00e7\u00e3o foi gerado na p\u00e1gina inicial do site, dispon\u00edvel at\u00e9 que demais publica\u00e7\u00f5es sejam realizadas.<\/li>\n<li>Uma publica\u00e7\u00e3o permanente foi feita na p\u00e1gina de Editais e Licita\u00e7\u00f5es.<\/li>\n<li>Link para acesso:\u00a0http:\/\/coronelxavierchaves.mg.gov.br\/prefeitura\/wp-json\/wp\/v2\/posts\/15241<\/li>\n<\/ul>\n<\/div>\n","protected":false},"excerpt":{"rendered":"<p>DOWNLOADS EDITAL, publicado em 17\/10\/2022 \u00e0s 13:27h. TERMO DE CANCELAMENTO, publicado em 24\/10\/2022 \u00e0s 16:40h. &nbsp; AVISO DE LICITA\u00c7\u00c3O Prefeitura Municipal de Coronel Xavier Chaves\/MG. Aviso de\u00a0Licita\u00e7\u00e3o\u00a0&#8211; Processo Licitat\u00f3rio \u2013 72\/2022, Preg\u00e3o Presencial \u2013 49\/2022,\u00a0do tipo\u00a0MENOR PRE\u00c7O POR ITEM\u00a0&#8211; Objeto:\u00a0AQUISI\u00c7\u00c3O DE VE\u00cdCULO PARA ATENDER A ADMINISTRA\u00c7\u00c3O MUNICIPAL DE CORONEL XAVIER CHAVES\/MG, ESPECIFICADO NO TERMO DE [&hellip;]<\/p>\n","protected":false},"author":8,"featured_media":4366,"comment_status":"open","ping_status":"open","sticky":false,"template":"","format":"standard","meta":{"footnotes":"","_links_to":"","_links_to_target":""},"categories":[102],"tags":[],"class_list":{"0":"post-15241","1":"post","2":"type-post","3":"status-publish","4":"format-standard","5":"has-post-thumbnail","7":"category-editais-de-licitacao-2022"},"_links":{"self":[{"href":"https:\/\/coronelxavierchaves.mg.gov.br\/prefeitura\/wp-json\/wp\/v2\/posts\/15241","targetHints":{"allow":["GET"]}}],"collection":[{"href":"https:\/\/coronelxavierchaves.mg.gov.br\/prefeitura\/wp-json\/wp\/v2\/posts"}],"about":[{"href":"https:\/\/coronelxavierchaves.mg.gov.br\/prefeitura\/wp-json\/wp\/v2\/types\/post"}],"author":[{"embeddable":true,"href":"https:\/\/coronelxavierchaves.mg.gov.br\/prefeitura\/wp-json\/wp\/v2\/users\/8"}],"replies":[{"embeddable":true,"href":"https:\/\/coronelxavierchaves.mg.gov.br\/prefeitura\/wp-json\/wp\/v2\/comments?post=15241"}],"version-history":[{"count":5,"href":"https:\/\/coronelxavierchaves.mg.gov.br\/prefeitura\/wp-json\/wp\/v2\/posts\/15241\/revisions"}],"predecessor-version":[{"id":15305,"href":"https:\/\/coronelxavierchaves.mg.gov.br\/prefeitura\/wp-json\/wp\/v2\/posts\/15241\/revisions\/15305"}],"wp:featuredmedia":[{"embeddable":true,"href":"https:\/\/coronelxavierchaves.mg.gov.br\/prefeitura\/wp-json\/wp\/v2\/media\/4366"}],"wp:attachment":[{"href":"https:\/\/coronelxavierchaves.mg.gov.br\/prefeitura\/wp-json\/wp\/v2\/media?parent=15241"}],"wp:term":[{"taxonomy":"category","embeddable":true,"href":"https:\/\/coronelxavierchaves.mg.gov.br\/prefeitura\/wp-json\/wp\/v2\/categories?post=15241"},{"taxonomy":"post_tag","embeddable":true,"href":"https:\/\/coronelxavierchaves.mg.gov.br\/prefeitura\/wp-json\/wp\/v2\/tags?post=15241"}],"curies":[{"name":"wp","href":"https:\/\/api.w.org\/{rel}","templated":true}]}}