{"id":15266,"date":"2022-10-18T16:36:47","date_gmt":"2022-10-18T19:36:47","guid":{"rendered":"http:\/\/coronelxavierchaves.mg.gov.br\/prefeitura\/?p=15266"},"modified":"2026-03-27T11:46:30","modified_gmt":"2026-03-27T14:46:30","slug":"contratacao-de-empresa-especializada-para-prestacao-de-servicos-de-plantao-medico-e-de-enfermagem-nas-unidades-de-saude-do-municipio-pl-73-2022","status":"publish","type":"post","link":"https:\/\/coronelxavierchaves.mg.gov.br\/prefeitura\/2022\/10\/18\/contratacao-de-empresa-especializada-para-prestacao-de-servicos-de-plantao-medico-e-de-enfermagem-nas-unidades-de-saude-do-municipio-pl-73-2022\/","title":{"rendered":"Contrata\u00e7\u00e3o de empresa especializada para presta\u00e7\u00e3o de servi\u00e7os de plant\u00e3o m\u00e9dico e de enfermagem nas unidades de sa\u00fade do munic\u00edpio&#8230; (PL 73\/2022)"},"content":{"rendered":"<blockquote>\n<p style=\"text-align: left;\">DOWNLOADS<\/p>\n<\/blockquote>\n<ul>\n<li><del><a href=\"http:\/\/coronelxavierchaves.mg.gov.br\/prefeitura\/wp-content\/uploads\/2022\/10\/EDITAL-CONTRATACAO-SERVICOS-MEDICOS.pdf\">EDITAL<\/a>, publicado em 18\/10\/2022 \u00e0s 16:35h.<\/del><\/li>\n<li><a href=\"http:\/\/coronelxavierchaves.mg.gov.br\/prefeitura\/wp-content\/uploads\/2022\/10\/08-ERRATA-SERVICOS-MEDICOS.pdf\">ERRATA<\/a>, publicado em 20\/10\/2022 \u00e0s 16:41h.<\/li>\n<li><a href=\"http:\/\/coronelxavierchaves.mg.gov.br\/prefeitura\/wp-content\/uploads\/2022\/10\/EDITAL-CONTRATACAO-SERVICOS-MEDICOS-RETIFICADO.pdf\">EDITAL RETIFICADO<\/a>, publicado em 20\/10\/2022 \u00e0s 16:43h.<\/li>\n<li><a href=\"http:\/\/coronelxavierchaves.mg.gov.br\/prefeitura\/wp-content\/uploads\/2022\/10\/EDITAL-CONTRATACAO-SERVICOS-MEDICOS-RETIFICADO-2-1.pdf\">EDITAL RETIFICADO 2<\/a>, publicado em 21\/10\/2022 \u00e0s 16:28h.<\/li>\n<li><a href=\"http:\/\/coronelxavierchaves.mg.gov.br\/prefeitura\/wp-content\/uploads\/2022\/11\/10-ATA-DE-REGISTRO-publicar.pdf\">ATA DE REGISTRO DE PRE\u00c7OS<\/a>, publicado em 01\/11\/2022 \u00e0s 15:40h.<\/li>\n<li><a href=\"https:\/\/coronelxavierchaves.mg.gov.br\/prefeitura\/wp-content\/uploads\/2023\/11\/CONTRATO-73-2022.pdf\">CONTRATO<\/a>, publicado em 07\/11\/2022 \u00e0s 16:15h.<\/li>\n<li><a href=\"https:\/\/coronelxavierchaves.mg.gov.br\/prefeitura\/wp-content\/uploads\/2023\/12\/1o-TERMO-ADITIVO-ADMINISTRA-73-2022.pdf\">1\u00ba TERMO ADITIVO<\/a>, publicado em 07\/11\/2023 \u00e0s 16:14h.<\/li>\n<li><a href=\"https:\/\/coronelxavierchaves.mg.gov.br\/prefeitura\/wp-content\/uploads\/2024\/03\/2o-TERMO-ADITIVO-ADMINISTRA-73-2022.pdf\">2\u00ba TERMO ADITIVO<\/a>, publicado em 27\/03\/2024 \u00e0s 15:48h.<\/li>\n<li><a href=\"https:\/\/coronelxavierchaves.mg.gov.br\/prefeitura\/wp-content\/uploads\/2024\/06\/3o-TERMO-ADITIVO-ADMINISTRA-73-2024.pdf\">3\u00ba TERMO ADITIVO<\/a>, publicado em 27\/06\/2024 \u00e0s 08:55h.<\/li>\n<li><a href=\"https:\/\/coronelxavierchaves.mg.gov.br\/prefeitura\/wp-content\/uploads\/2024\/07\/4o-TERMO-ADITIVO-ADMINISTRA-73-2022.pdf\">4\u00ba TERMO ADITIVO<\/a>, publicado em 23\/07\/2024 \u00e0s 11:14h.<\/li>\n<li><a href=\"https:\/\/coronelxavierchaves.mg.gov.br\/prefeitura\/wp-content\/uploads\/2024\/10\/5o-TA-ADMINISTRA-73-2022.pdf\">5\u00ba TERMO ADITIVO<\/a>, publicado em 03\/10\/2024 \u00e0s 10:04h.<\/li>\n<li><a href=\"https:\/\/coronelxavierchaves.mg.gov.br\/prefeitura\/wp-content\/uploads\/2024\/10\/6o-TERMO-ADITIVO-ADMINISTRA-73-2022.pdf\">6\u00ba TERMO ADITIVO<\/a>, publicado em 04\/10\/2024 \u00e0s 14:17h.<\/li>\n<li><a href=\"https:\/\/coronelxavierchaves.mg.gov.br\/prefeitura\/wp-content\/uploads\/2024\/12\/7o-TERMO-ADITIVO-ADMINISTRA-73-2022.pdf\">7\u00ba TERMO ADITIVO<\/a>, publicado em 05\/12\/2024 \u00e0s 11:41h.<\/li>\n<li><a href=\"https:\/\/coronelxavierchaves.mg.gov.br\/prefeitura\/wp-content\/uploads\/2025\/04\/8o-TERMO-ADITIVO-ADMINISTRA-73-2022.pdf\">8\u00ba TERMO ADITIVO<\/a>, publicado em 02\/04\/2025 \u00e0s 09:45h.<\/li>\n<li><a href=\"https:\/\/coronelxavierchaves.mg.gov.br\/prefeitura\/wp-content\/uploads\/2025\/06\/9o-TERMO-ADITIVO-ADMINISTRA-73-2022.pdf\">9\u00ba TERMO ADITIVO<\/a>, publicado em 24\/06\/2025 \u00e0s 12:22h.<\/li>\n<li><a href=\"https:\/\/coronelxavierchaves.mg.gov.br\/prefeitura\/wp-content\/uploads\/2025\/10\/10o-TERMO-ADITIVO-ADMINISTRA-73-2022.pdf\">10\u00ba TERMO ADITIVO<\/a>, publicado em 01\/10\/2025 \u00e0s 08:36h.<\/li>\n<li><a href=\"https:\/\/coronelxavierchaves.mg.gov.br\/prefeitura\/wp-content\/uploads\/2026\/01\/11o-TERMO-ADITIVO-ADMINISTRA-73-2022.pdf\">11\u00ba TERMO ADITIVO<\/a>, publicado em 15\/01\/2026 \u00e0s 14:09h.<\/li>\n<li><a href=\"https:\/\/coronelxavierchaves.mg.gov.br\/prefeitura\/wp-content\/uploads\/2026\/03\/12o-TERMO-ADITIVO-73-2022.pdf\">12\u00ba TERMO ADITIVO<\/a>, publicado em 27\/03\/2026 \u00e0s 11:46h.<\/li>\n<\/ul>\n<p>&nbsp;<\/p>\n<p style=\"font-weight: 400;\"><strong><u>AVISO DE LICITA\u00c7\u00c3O<\/u><\/strong><\/p>\n<p style=\"font-weight: 400;\">Prefeitura Municipal de Coronel Xavier Chaves\/MG. Aviso de\u00a0Licita\u00e7\u00e3o<strong>\u00a0&#8211; Processo Licitat\u00f3rio \u2013 73\/2022, Preg\u00e3o Presencial para Registro de Pre\u00e7os\u2013 50\/2022,\u00a0do tipo\u00a0<\/strong><strong><u>MENOR PRE\u00c7O POR ITEM<\/u><\/strong><strong>\u00a0<\/strong>Objeto<strong>:\u00a0<\/strong><strong><u>CONTRATA\u00c7\u00c3O DE EMPRESA ESPECIALIZADA PARA PRESTA\u00c7\u00c3O DE SERVI\u00c7OS DE PLANT\u00c3O M\u00c9DICO E DE ENFERMAGEM NAS UNIDADES DE SA\u00daDE DO MUNIC\u00cdPIO, conforme condi\u00e7\u00f5es e especifica\u00e7\u00f5es constantes no Termo de Refer\u00eancia<\/u><\/strong><strong><em><u>.<\/u><\/em><\/strong><strong><em>\u00a0<\/em><\/strong><u>Credenciamento:<\/u>\u00a0<strong>31\/10\/2022 das 08h00min \u00e0s 08h15min.\u00a0<\/strong><u>Abertura:<\/u><strong>\u00a031\/10\/2022, ap\u00f3s o credenciamento.<\/strong>\u00a0O edital est\u00e1 dispon\u00edvel no Site-\u201c<a href=\"http:\/\/www.coronelxavierchaves.mg.gov.br\/\" data-saferedirecturl=\"https:\/\/www.google.com\/url?q=http:\/\/www.coronelxavierchaves.mg.gov.br&amp;source=gmail&amp;ust=1666204985411000&amp;usg=AOvVaw3trjIxJCOR5XWeBYq12mnL\">www.coronelxavierchaves.mg.gov.br<\/a>&#8220;, informa\u00e7\u00f5es\u00a0na prefeitura municipal \u00e0 Rua Padre Reis, 84, Centro, Coronel Xavier Chaves\/MG, no hor\u00e1rio de 08h00min as 12h00min e de 13h00min as 16h00min. Tel.:\u00a0<a href=\"tel:%2832%29%203357-1235\">(32) 3357-1235<\/a>. Coronel Xavier Chaves, 17 de outubro de 2022. Beatriz Rayze de Resende &#8211; Pregoeira.<\/p>\n<p>&nbsp;<\/p>\n<div class=\"printshowonly\">\n<p>*<b>PUBLICA\u00c7\u00c3O<\/b><\/p>\n<ul>\n<li>Um destaque desta publica\u00e7\u00e3o foi gerado na p\u00e1gina inicial do site, dispon\u00edvel at\u00e9 que demais publica\u00e7\u00f5es sejam realizadas.<\/li>\n<li>Uma publica\u00e7\u00e3o permanente foi feita na p\u00e1gina de Editais e Licita\u00e7\u00f5es.<\/li>\n<li>Link para acesso:\u00a0http:\/\/coronelxavierchaves.mg.gov.br\/prefeitura\/wp-json\/wp\/v2\/posts\/15266<\/li>\n<\/ul>\n<\/div>\n","protected":false},"excerpt":{"rendered":"<p>DOWNLOADS EDITAL, publicado em 18\/10\/2022 \u00e0s 16:35h. ERRATA, publicado em 20\/10\/2022 \u00e0s 16:41h. EDITAL RETIFICADO, publicado em 20\/10\/2022 \u00e0s 16:43h. EDITAL RETIFICADO 2, publicado em 21\/10\/2022 \u00e0s 16:28h. ATA DE REGISTRO DE PRE\u00c7OS, publicado em 01\/11\/2022 \u00e0s 15:40h. CONTRATO, publicado em 07\/11\/2022 \u00e0s 16:15h. 1\u00ba TERMO ADITIVO, publicado em 07\/11\/2023 \u00e0s 16:14h. 2\u00ba TERMO ADITIVO, [&hellip;]<\/p>\n","protected":false},"author":8,"featured_media":4366,"comment_status":"closed","ping_status":"closed","sticky":false,"template":"","format":"standard","meta":{"footnotes":"","_links_to":"","_links_to_target":""},"categories":[102],"tags":[],"class_list":{"0":"post-15266","1":"post","2":"type-post","3":"status-publish","4":"format-standard","5":"has-post-thumbnail","7":"category-editais-de-licitacao-2022"},"_links":{"self":[{"href":"https:\/\/coronelxavierchaves.mg.gov.br\/prefeitura\/wp-json\/wp\/v2\/posts\/15266","targetHints":{"allow":["GET"]}}],"collection":[{"href":"https:\/\/coronelxavierchaves.mg.gov.br\/prefeitura\/wp-json\/wp\/v2\/posts"}],"about":[{"href":"https:\/\/coronelxavierchaves.mg.gov.br\/prefeitura\/wp-json\/wp\/v2\/types\/post"}],"author":[{"embeddable":true,"href":"https:\/\/coronelxavierchaves.mg.gov.br\/prefeitura\/wp-json\/wp\/v2\/users\/8"}],"replies":[{"embeddable":true,"href":"https:\/\/coronelxavierchaves.mg.gov.br\/prefeitura\/wp-json\/wp\/v2\/comments?post=15266"}],"version-history":[{"count":19,"href":"https:\/\/coronelxavierchaves.mg.gov.br\/prefeitura\/wp-json\/wp\/v2\/posts\/15266\/revisions"}],"predecessor-version":[{"id":27223,"href":"https:\/\/coronelxavierchaves.mg.gov.br\/prefeitura\/wp-json\/wp\/v2\/posts\/15266\/revisions\/27223"}],"wp:featuredmedia":[{"embeddable":true,"href":"https:\/\/coronelxavierchaves.mg.gov.br\/prefeitura\/wp-json\/wp\/v2\/media\/4366"}],"wp:attachment":[{"href":"https:\/\/coronelxavierchaves.mg.gov.br\/prefeitura\/wp-json\/wp\/v2\/media?parent=15266"}],"wp:term":[{"taxonomy":"category","embeddable":true,"href":"https:\/\/coronelxavierchaves.mg.gov.br\/prefeitura\/wp-json\/wp\/v2\/categories?post=15266"},{"taxonomy":"post_tag","embeddable":true,"href":"https:\/\/coronelxavierchaves.mg.gov.br\/prefeitura\/wp-json\/wp\/v2\/tags?post=15266"}],"curies":[{"name":"wp","href":"https:\/\/api.w.org\/{rel}","templated":true}]}}